{"id":5767,"date":"2014-11-28T21:43:09","date_gmt":"2014-11-28T19:43:09","guid":{"rendered":"http:\/\/blogs.deia.com\/anasagasti\/?p=5767"},"modified":"2014-11-28T21:43:09","modified_gmt":"2014-11-28T19:43:09","slug":"las-dos-mentiras-de-borja-semper","status":"publish","type":"post","link":"https:\/\/blogs.deia.eus\/anasagasti\/2014\/11\/28\/las-dos-mentiras-de-borja-semper\/","title":{"rendered":"Las dos mentiras de Borja Semper"},"content":{"rendered":"<p><strong><strong><a href=\"http:\/\/blogs.deia.com\/anasagasti\/files\/2014\/11\/Semper.png\"><img loading=\"lazy\" decoding=\"async\" class=\"alignleft size-full wp-image-5768\" src=\"http:\/\/blogs.deia.com\/anasagasti\/files\/2014\/11\/Semper.png\" alt=\"Semper\" width=\"217\" height=\"232\" \/><\/a>Viernes 28 de noviembre de 2014<\/strong><\/strong><\/p>\n<p>Borja Samper adem\u00e1s de presidente del PP en Gipuzkoa es el portavoz parlamentario de este partido\u00a0 en\u00a0 la c\u00e1mara de Gasteiz. Un tipo listo, ubicuo, de labia\u00a0 f\u00e1cil y\u00a0 al que le gustar\u00eda decir m\u00e1s\u00a0 cosas que las que\u00a0 dice. Y, sobre todo, muy ambicioso.<\/p>\n<p>Instalado en M\u00e9xico Antonio Basagoiti para hacer fortuna, y defenestrado I\u00f1aki Oyarzabal, es el dirigente vasco de la derecha con mayor proyecci\u00f3n y lo sabe. Invitado a ser entrevistado este viernes por Radio Euzkadi all\u00ed ha estado hablando\u00a0 de\u00a0 la corrupci\u00f3n sin decir casi nada y sin asumir responsabilidad alguna, y, al contestar sobre otras cosas lo ha hecho con dos mentiras o, si se quiere y es m\u00e1s suave, con dos respuestas que no obedecen a la realidad.<\/p>\n<p>Inquirido sobre su candidatura al ayuntamiento de Donosti ha dicho que bastante tiene con lo que tiene y que\u00a0 hay en el PP mucha gente capaz de encabezar la\u00a0 lista al ayuntamiento.<\/p>\n<p>Primera mentira que traducimos: \u00abMe encantar\u00eda ser el candidato pero como no tengo la menor posibilidad de ser alcalde no me apetece estarme cuatro a\u00f1os haciendo de concejal de la oposici\u00f3n y de pepito grillo\u201d. Esta hubiera debido ser su respuesta veraz.<\/p>\n<p>Preguntado sobre su posible marcha a Madrid ha contestado que se siente halagado, pero que su trabajo est\u00e1 en Euzkadi donde se\u00a0 encuentra muy\u00a0 contento.<\/p>\n<p>La respuesta verdadera hubiera sido: \u00abEstoy esperando al a\u00f1o que viene para encabezar la lista para el Congreso de los\u00a0 Diputados. Euzkadi no me mola ya, se me ha quedado peque\u00f1a y\u00a0 con la no\u00a0 presencia de Azpiroz en la lista tengo\u00a0 ah\u00ed el hueco que quiero ocupar. Madrid es para m\u00ed en este momento el cielo pol\u00edtico y el no aguantar ni a Izaguirre, ni a Arantza Quiroga, ni a Nerea Llanos. Chicos, me voy a Madrid\u00bb.<\/p>\n<p>Minti\u00f3 pues a la periodista de Radio Euskadi que no tuvo reflejos para acorralarle dial\u00e9cticamente a este simulador tipo Antonio Basagoiti pero sin las jaimitadas de aquel.<\/p>\n<p>Conclusi\u00f3n: En Euzkadi la derecha no\u00a0 tiene nada que hacer con semejantes dirigentes.<\/p>\n<!-- AddThis Advanced Settings generic via filter on the_content --><!-- AddThis Share Buttons generic via filter on the_content -->","protected":false},"excerpt":{"rendered":"<p>Viernes 28 de noviembre de 2014 Borja Samper adem\u00e1s de presidente del PP en Gipuzkoa es el portavoz parlamentario de este partido\u00a0 en\u00a0 la c\u00e1mara de Gasteiz. Un tipo listo, ubicuo, de labia\u00a0 f\u00e1cil y\u00a0 al que le gustar\u00eda decir m\u00e1s\u00a0 cosas que las que\u00a0 dice. Y, sobre todo, muy ambicioso. Instalado en M\u00e9xico Antonio &hellip; <a href=\"https:\/\/blogs.deia.eus\/anasagasti\/2014\/11\/28\/las-dos-mentiras-de-borja-semper\/\" class=\"more-link\">Sigue leyendo <span class=\"screen-reader-text\">Las dos mentiras de Borja Semper<\/span><\/a><!-- AddThis Advanced Settings generic via filter on get_the_excerpt --><!-- AddThis Share Buttons generic via filter on get_the_excerpt --><\/p>\n","protected":false},"author":19,"featured_media":0,"comment_status":"open","ping_status":"open","sticky":false,"template":"","format":"standard","meta":{"footnotes":""},"categories":[1],"tags":[],"class_list":["post-5767","post","type-post","status-publish","format-standard","hentry","category-general"],"_links":{"self":[{"href":"https:\/\/blogs.deia.eus\/anasagasti\/wp-json\/wp\/v2\/posts\/5767","targetHints":{"allow":["GET"]}}],"collection":[{"href":"https:\/\/blogs.deia.eus\/anasagasti\/wp-json\/wp\/v2\/posts"}],"about":[{"href":"https:\/\/blogs.deia.eus\/anasagasti\/wp-json\/wp\/v2\/types\/post"}],"author":[{"embeddable":true,"href":"https:\/\/blogs.deia.eus\/anasagasti\/wp-json\/wp\/v2\/users\/19"}],"replies":[{"embeddable":true,"href":"https:\/\/blogs.deia.eus\/anasagasti\/wp-json\/wp\/v2\/comments?post=5767"}],"version-history":[{"count":1,"href":"https:\/\/blogs.deia.eus\/anasagasti\/wp-json\/wp\/v2\/posts\/5767\/revisions"}],"predecessor-version":[{"id":5769,"href":"https:\/\/blogs.deia.eus\/anasagasti\/wp-json\/wp\/v2\/posts\/5767\/revisions\/5769"}],"wp:attachment":[{"href":"https:\/\/blogs.deia.eus\/anasagasti\/wp-json\/wp\/v2\/media?parent=5767"}],"wp:term":[{"taxonomy":"category","embeddable":true,"href":"https:\/\/blogs.deia.eus\/anasagasti\/wp-json\/wp\/v2\/categories?post=5767"},{"taxonomy":"post_tag","embeddable":true,"href":"https:\/\/blogs.deia.eus\/anasagasti\/wp-json\/wp\/v2\/tags?post=5767"}],"curies":[{"name":"wp","href":"https:\/\/api.w.org\/{rel}","templated":true}]}}