{"id":5770,"date":"2014-11-29T22:08:17","date_gmt":"2014-11-29T20:08:17","guid":{"rendered":"http:\/\/blogs.deia.com\/anasagasti\/?p=5770"},"modified":"2014-11-29T22:08:17","modified_gmt":"2014-11-29T20:08:17","slug":"albistur-para-el-ayuntamiento-donostiarra","status":"publish","type":"post","link":"https:\/\/blogs.deia.eus\/anasagasti\/2014\/11\/29\/albistur-para-el-ayuntamiento-donostiarra\/","title":{"rendered":"Albistur para el Ayuntamiento Donostiarra"},"content":{"rendered":"<p><strong><strong>S\u00e1bado 29 de noviembre de 2014<\/strong><\/strong><\/p>\n<p><a href=\"http:\/\/blogs.deia.com\/anasagasti\/files\/2014\/11\/Albistur.jpg\"><img loading=\"lazy\" decoding=\"async\" class=\"alignleft size-full wp-image-5771\" src=\"http:\/\/blogs.deia.com\/anasagasti\/files\/2014\/11\/Albistur.jpg\" alt=\"Albistur\" width=\"200\" height=\"200\" srcset=\"https:\/\/blogs.deia.eus\/anasagasti\/files\/2014\/11\/Albistur.jpg 200w, https:\/\/blogs.deia.eus\/anasagasti\/files\/2014\/11\/Albistur-150x150.jpg 150w\" sizes=\"auto, (max-width: 200px) 100vw, 200px\" \/><\/a>\u00abEl PP tantea a Albistur como candidata en Donostia para iniciar su renovaci\u00f3n\u00bb.<\/p>\n<p>Con este equ\u00edvoco titular el Diario Vasco se inmiscu\u00eda en uno de los asuntos m\u00e1s delicados para Arantza Quiroga como es la de cerrar esta candidatura a la que opta\u00a0 Ram\u00f3n G\u00f3mez Ugalde, actual portavoz del Grupo Municipal del PP en el Ayuntamiento donostiarra. Pactado con Borja Semper que \u00e9ste se ir\u00e1 a Madrid en las elecciones legislativas de 2015 (Donosti se le queda peque\u00f1a a este gran l\u00edder de la nada), el candidato natural parec\u00eda Ram\u00f3n G\u00f3mez Ugalde\u00a0 que se hizo famoso en su d\u00eda por brindar con el actual alcalde Juan Carlos Izaguirre junto a su compa\u00f1ero I\u00f1igo Arcauz. La derechona le cay\u00f3 encima y \u00e9l medio se arrug\u00f3 y tuvo que dar explicaciones. Tertuliano de ETB, espera nuevamente \u00a0le candidateen.<\/p>\n<p>Pero el problema debe ser\u00a0 Juan Mu\u00f1oz Baroja que cobra sueldo como si fuera asesor del Grupo Popular en las Juntas Generales\u00a0 de Gipuzkoa, aunque no aparece por all\u00ed nunca, y que debe estar enredando y ha filtrado que\u00a0 Miren Albistur, prima de su mujer, aparezca como candidateable. El tal Mu\u00f1oz Baroja debi\u00f3 ser un periodista becario \u00a0de tercer nivel en el Pa\u00eds y el grupo municipal\u00a0 le contrat\u00f3 para que se ocupase de su\u00a0 departamento de prensa .Estratega de Comunicaci\u00f3n de Arantza Quiroga ha logrado que \u00e9sta ande desaparecida en combate.<\/p>\n<p>Miren Albistur es hija de un primo del ex alcalde Xabier Albistur, m\u00e9dico del oncol\u00f3gico\u00a0 y muy querido\u00a0 en Donosti. Xabier Albistur, fue alcalde donostiarra entre 1987 y 1991. El ex alcalde dice de ella que\u00bb tiene remango\u00a0 y si la propuesta prospera seguramente ser\u00e1 la mejor candidata con regusto donostiarra y con estilo koskero que el PP pueda presentar\u00bb. Como se ve no ha sido tonto su avalista porque \u00a0ya solo el apellido recuerda la gesti\u00f3n brillante de un Albistur que hizo frente a muchas cosas y dej\u00f3 hecho \u00a0el Koldo Mitxelena, la remoci\u00f3n de Anoeta, y el Museo Naval entre otras cosas, habi\u00e9ndole entregado a Bette Davis el premio Donostia del festival de Cine.<\/p>\n<p>Pero los \u00a0enredos de Mu\u00f1oz Baroja \u00a0han causado malestar dentro del PP que apuesta mayoritariamente por Ram\u00f3n G\u00f3mez Ugalde\u00a0 que lleva dando la cara en ETB y en el ayuntamiento tras su rescate por Antonio Basagoiti para que volviera a la pol\u00edtica.<\/p>\n<p>Hay que reconocer que Ram\u00f3n G\u00f3mez Ugalde y su mujer Vanessa V\u00e9lez (concejal del PP en Lasarte) fueron\u00a0 objetivo prioritario de ETA si De Juana Chaos hubiera muerto en huelga de hambre. Previamente fueron objetivos y objeto de varios atentados.<\/p>\n<p>Por su parte Miren Albistur, soci\u00f3loga, al parecer\u00a0 conoce bien los entresijos de este ayuntamiento y del barrio del Antiguo, su barrio, en reclamaciones\u00a0\u00a0 como\u00a0 la necesidad de un ascensor y el paseo de Aizkorri. Actualmente es asesora del Grupo Popular en el\u00a0\u00a0 Ayuntamiento de Donosti, aunque tambi\u00e9n se dice que solo ha trabajado de\u00a0 comercial en una empresa y no debi\u00f3 durar mucho.<\/p>\n<p>La cosa como se ve, se pone interesante. G\u00f3mez Ugalde o Albistur. That is the question. Lo que no est\u00e1 en cuesti\u00f3n es que en todo esto el Rasput\u00edn es el tal Mu\u00f1oz Baroja.<\/p>\n<p>&nbsp;<\/p>\n<!-- AddThis Advanced Settings generic via filter on the_content --><!-- AddThis Share Buttons generic via filter on the_content -->","protected":false},"excerpt":{"rendered":"<p>S\u00e1bado 29 de noviembre de 2014 \u00abEl PP tantea a Albistur como candidata en Donostia para iniciar su renovaci\u00f3n\u00bb. Con este equ\u00edvoco titular el Diario Vasco se inmiscu\u00eda en uno de los asuntos m\u00e1s delicados para Arantza Quiroga como es la de cerrar esta candidatura a la que opta\u00a0 Ram\u00f3n G\u00f3mez Ugalde, actual portavoz del &hellip; <a href=\"https:\/\/blogs.deia.eus\/anasagasti\/2014\/11\/29\/albistur-para-el-ayuntamiento-donostiarra\/\" class=\"more-link\">Sigue leyendo <span class=\"screen-reader-text\">Albistur para el Ayuntamiento Donostiarra<\/span><\/a><!-- AddThis Advanced Settings generic via filter on get_the_excerpt --><!-- AddThis Share Buttons generic via filter on get_the_excerpt --><\/p>\n","protected":false},"author":19,"featured_media":0,"comment_status":"open","ping_status":"open","sticky":false,"template":"","format":"standard","meta":{"footnotes":""},"categories":[1],"tags":[],"class_list":["post-5770","post","type-post","status-publish","format-standard","hentry","category-general"],"_links":{"self":[{"href":"https:\/\/blogs.deia.eus\/anasagasti\/wp-json\/wp\/v2\/posts\/5770","targetHints":{"allow":["GET"]}}],"collection":[{"href":"https:\/\/blogs.deia.eus\/anasagasti\/wp-json\/wp\/v2\/posts"}],"about":[{"href":"https:\/\/blogs.deia.eus\/anasagasti\/wp-json\/wp\/v2\/types\/post"}],"author":[{"embeddable":true,"href":"https:\/\/blogs.deia.eus\/anasagasti\/wp-json\/wp\/v2\/users\/19"}],"replies":[{"embeddable":true,"href":"https:\/\/blogs.deia.eus\/anasagasti\/wp-json\/wp\/v2\/comments?post=5770"}],"version-history":[{"count":1,"href":"https:\/\/blogs.deia.eus\/anasagasti\/wp-json\/wp\/v2\/posts\/5770\/revisions"}],"predecessor-version":[{"id":5772,"href":"https:\/\/blogs.deia.eus\/anasagasti\/wp-json\/wp\/v2\/posts\/5770\/revisions\/5772"}],"wp:attachment":[{"href":"https:\/\/blogs.deia.eus\/anasagasti\/wp-json\/wp\/v2\/media?parent=5770"}],"wp:term":[{"taxonomy":"category","embeddable":true,"href":"https:\/\/blogs.deia.eus\/anasagasti\/wp-json\/wp\/v2\/categories?post=5770"},{"taxonomy":"post_tag","embeddable":true,"href":"https:\/\/blogs.deia.eus\/anasagasti\/wp-json\/wp\/v2\/tags?post=5770"}],"curies":[{"name":"wp","href":"https:\/\/api.w.org\/{rel}","templated":true}]}}