{"id":5773,"date":"2014-11-30T18:41:53","date_gmt":"2014-11-30T16:41:53","guid":{"rendered":"http:\/\/blogs.deia.com\/anasagasti\/?p=5773"},"modified":"2014-11-30T18:41:53","modified_gmt":"2014-11-30T16:41:53","slug":"sigue-ganando-john-wayne","status":"publish","type":"post","link":"https:\/\/blogs.deia.eus\/anasagasti\/2014\/11\/30\/sigue-ganando-john-wayne\/","title":{"rendered":"Sigue ganando John Wayne"},"content":{"rendered":"<p><strong><strong>Domingo 30 de noviembre de 2014<\/strong><\/strong><\/p>\n<p>Hace quince d\u00edas tuvo lugar en Barcelona un debate sobre la memoria Hist\u00f3rica y la ficci\u00f3n. All\u00ed Albert S\u00e1nchez Pi\u00f1ol hizo hincapi\u00e9 en la necesidad de tener un relato propio de la historia y pregunt\u00f3 al p\u00fablico lo siguiente: \u00abSi yo planteo qu\u00e9 sabemos de la batalla del \u00c1lamo,\u00a0 se me contestar\u00e1 que fue la gesta de un grupo de norteamericanos que encerrados a lo espartano en una antigua misi\u00f3n mexicana fueron masacrados y que gracias a su sacrificio\u00a0 la democracia se extendi\u00f3 en Estados Unidos. Pero hay otra versi\u00f3n, que dice que un grupo de sinverg\u00fcenzas, traficantes de whisky, se encerraron en una antigua misi\u00f3n mexicana para extender las ideas esclavistas al resto de Texas y que adem\u00e1s estaban financiados por la madame del prost\u00edbulo m\u00e1s grande de San Antonio, que, para m\u00e1s inri, era una catalana de Ciutat Vella de Barcelona\u00bb. \u00a1Caramba!<\/p>\n<p>Hace dos meses vi en ETB la pel\u00edcula de Imanol Uribe dedicada al Juicio de Burgos. Tiene hoy un gran valor testimonial pero omit\u00eda cuestione b\u00e1sicas y adem\u00e1s intencionadamente. Por ejemplo, no tomaba en cuenta el eco internacional movido por los centros vascos en todo el mundo, as\u00ed como del Gobierno Vasco en el exilio (y no solo lo hecho por la izquierda) ni tampoco el hecho fundamental de la gesti\u00f3n en el Vaticano realizada por el lehendakari Leizaola y Joseba Rezola para que el juicio fuese a puerta abierta y no a puerta cerrada porque hab\u00eda dos sacerdotes (Gabika y Amuriza) logrando solo eso que de un fusilamiento inmediato en poco tiempo, se siguiera en todo el mundo democr\u00e1tico aquella farsa y el inmenso eco fue el que los salv\u00f3. O el logro de las fotograf\u00edas de todos los condenados recopilados uno a uno \u00a0con gran esfuerzo por Txomin Saratxaga y Jokin Insausti del PNV para todas las agencia internacionales, y la posibilidad de que todo aquello se fuera al traste al declararse Mario Onaindia marxista-leninista,&#8230; para\u00a0 al final hacer un buen relato s\u00ed, pero bastante demediado. O como me pas\u00f3 a m\u00ed que cuando estudi\u00e9 mi primaria en Venezuela Sim\u00f3n Bol\u00edvar no solo era el Libertador sino el padre de cinco rep\u00fablicas americanas y cuando llegu\u00e9 a los Marianistas de Donosti, en los libros de texto, nos ense\u00f1aban que hab\u00eda sido un peligroso separatista que hab\u00eda independizado de la corona espa\u00f1ola a media Am\u00e9rica.<\/p>\n<p>Es que cada quien cuenta la historia seg\u00fan le va. Y a nosotros nos la han contado los vencedores de una guerra con ayuda del nazi-fascismo y seguimos sin tener las cuatro ideas b\u00e1sicas de lo que ha sido nuestro pasado reciente. No olvidemos nunca que Franco se muri\u00f3 en la cama.<\/p>\n<p>El pasado martes 18 de noviembre lleg\u00f3 al Congreso de los Diputados, no al Senado (C\u00e1mara de representaci\u00f3n territorial\u00a0 en el papel), la iniciativa del Parlamento Vasco con el fin de que el Condado de Trebi\u00f1o fuera a todos los efectos Araba. Salvo el PP, todos los grupos apoyaban la iniciativa. Trebi\u00f1o est\u00e1 a 18 kms de Gasteiz y a 105 de Burgos y en tiempos de Franco, el gobernador de \u00c1lava, padre de Federico Trillo, quiso permutarla por la Rioja alavesa, afortunadamente sin \u00e9xito alguno. El asunto pues, trae cola.<\/p>\n<p>Tras el acuerdo que hicimos con Aznar en su primera investidura tuve la oportunidad de acompa\u00f1ar al entonces vicelehendakari del gobierno Ardanza, Juan Jos\u00e9 Ibarretxe a visitar al ministro de Administraciones P\u00fablicas Mariano Rajoy en su despacho oficial de Castellana 3.<\/p>\n<p>Y all\u00ed estuvimos con Don Mariano y con un malet\u00edn lleno de carpetas con posibles transferencias competenciales y reclamos varios. Uno de ellos el de Trebi\u00f1o. Planteado \u00e9ste, Rajoy nos mir\u00f3 fijamente y con todo su cinismo nos dijo:<\/p>\n<p>\u00abTen\u00e9is raz\u00f3n. Es absurdo que Trebi\u00f1o pertenezca a Burgos, no hay m\u00e1s que mirar el mapa. Pero Trebi\u00f1o est\u00e1 en \u00c1lava, es decir en la Comunidad Aut\u00f3noma Vasca, y esto lo hace imposible. Si en lugar de estar en \u00c1lava, estuviera en Soria, hace tres d\u00e9cadas que este contencioso estar\u00eda resuelto\u00bb. Y ah\u00ed acab\u00f3 todo. Castilla Le\u00f3n, que aprob\u00f3 su estatuto tres a\u00f1os despu\u00e9s que el vasco, blind\u00f3 cualquier posibilidad de integraci\u00f3n por puro esencialismo espa\u00f1ol, sin preocupaci\u00f3n alguna por los ciudadanos de Trebi\u00f1o. Su bandera espa\u00f1ola no puede arriarse del Condado.<\/p>\n<p>Que el PP defienda estas esencias marchitas puede ser hasta comprensible. No es un partido moderno al servicio de los ciudadanos, pero que el PSOE de Pedro S\u00e1nchez, act\u00fae de igual manera, se las trae.<\/p>\n<p>Dec\u00eda Sabino Arana en el txakoli Larraz\u00e1bal en 1893 que una de las causas por las que hab\u00eda que crear un partido al servicio de los intereses vascos era porque no hab\u00eda ni uno que lo hiciera. Ni socialistas, ni alfonsinos, ni euskalerriacos, ni carlistas, ni liberales, nadie lo hac\u00eda a finales de aquel siglo, y por eso fund\u00f3 el PNV. Y eso lo vimos claramente ese mi\u00e9rcoles, con un Congreso desangelado de presencias, y discutiendo el derecho a decidir de unos trebi\u00f1eses que quieren formar parte de Araba.<\/p>\n<p>Charli Prieto hizo el papel\u00f3n de su vida. Pero tambi\u00e9n los diputados Eduardo Madina, Od\u00f3n Elorza y Juan Moscoso al votar negativamente lo que sus compa\u00f1eros parlamentarios hab\u00edan votado SI en Gasteiz.<\/p>\n<p>Una aut\u00e9ntica verg\u00fcenza. Porque no les dejaron ni por cortes\u00eda abstenerse o no estar ausentes en la votaci\u00f3n. Rodillo y tente tieso como con la reforma estatutaria del llamado Plan Ibarretxe, cepillado en dos horas por Rodr\u00edguez Zapatero y Mariano Rajoy que ni lo admitieron a tr\u00e1mite en febrero de 2005.<\/p>\n<p>En esta ocasi\u00f3n sobre Trebi\u00f1o no tuvo el PSOE ni la delicadeza, de dividir los tiempos de intervenci\u00f3n. Uno para un diputado socialista de\u00a0 Burgos, otro para un diputado socialista\u00a0 de \u00a0Araba. Quien habl\u00f3 y defendi\u00f3 la castellanidad de Trebi\u00f1o fue el\u00a0 diputado socialista \u00a0burgal\u00e9s Luis Tudanca que desgran\u00f3 \u00ablas m\u00faltiples razones\u00bb por las que Trebi\u00f1o \u00abes y debe seguir siendo Burgos\u00bb y lo afirm\u00f3 tras acusarnos de enfilar una deriva soberanista\u00a0 y basar su voto negativo\u00a0 en el hecho de que la iniciativa \u00abconculca\u00bb el Estatuto de Castilla y Le\u00f3n. Este \u00faltimo argumento, \u00a1oh casualidad!, fue esgrimido tambi\u00e9n y con el mismo entusiasmo\u00a0 por el diputado del Partido Popular Arturo Garc\u00eda Tiz\u00f3n\u00a0 que acus\u00f3 al Parlamento Vasco de querer\u00a0 cambiar la ubicaci\u00f3n administrativa\u00a0 del enclave sin atender la postura de Castilla y Le\u00f3n, que \u00ableg\u00edtimamente\u00bb pretende mantener su integridad territorial. Curiosa argumentaci\u00f3n tienen los del blindaje a posteriori. L\u00e1stima que no estuviera Rajoy para ense\u00f1arle el mapa al \u00fanico\u00a0 seguidor de aquel \u00a0Hern\u00e1ndez Mancha. Y es que hasta UPyD dijo que si ellos tendr\u00edan un parlamentario en las Cortes de Castilla y Le\u00f3n intervendr\u00eda para decirles a los burgaleses que Trebi\u00f1o tiene que ser Araba. El PSOE de Pedro S\u00e1nchez, ni esto.<\/p>\n<p>Pero ah\u00ed le tienen ustedes a Pedro S\u00e1nchez, a\u00a0 Eduardo Madina, a Od\u00f3n Elorza y a Charli Prieto jugando a la yenka como siempre. Es decir, a no tener opini\u00f3n ni decisi\u00f3n sobre nada, y a dejarse humillar por la metr\u00f3poli porque por encima de cualquier otra consideraci\u00f3n, lo que importa y sigue imprimiendo car\u00e1cter es la espa\u00f1olidad de Trebi\u00f1o. Como la historia de El \u00c1lamo.<\/p>\n<p>Por eso hay que estar alerta y no dejarse enga\u00f1ar por las palabras vac\u00edas de \u00e9stas gentes.<\/p>\n<p>A Mariano Rajoy se le llena la boca diciendo que lo importante para una convivencia es la ley y que no hay nada por encima de la ley. Y tan rotundo argumento, impresiona. Lo que ocurre es que echa al Fiscal General del estado sobre Artur Mas y dos colaboradoras, pero a \u00e9l, el Fiscal no le dice nada por no cumplir una ley org\u00e1nica refrendada por el pueblo en una consulta el 25 de octubre de 1979 como es el estatuto de Gernika. Y se le vuelve a llenar la boca cuando nos dice que \u00abno hay ning\u00fan lugar del mundo con un grado de autonom\u00eda mayor que en el Pa\u00eds Vasco\u00bb. Pero, \u00bfpara cu\u00e1ndo la transferencia de la competencia de prisiones? \u00bfPara cu\u00e1ndo la gesti\u00f3n econ\u00f3mica de la Seguridad Social? \u00bfPara cu\u00e1ndo cumplir la ley? \u00bfPara cu\u00e1ndo&#8230;?<\/p>\n<p>No, eso de la ley es para Mas y para Urkullu, pero no para \u00e9l.<\/p>\n<p>Y dentro de este baile de m\u00e1scaras no fue nada extra\u00f1o que Arantza Quiroga y todos los suyos se fueran este 25 de octubre a celebrar el d\u00eda del segundo Estatuto y hacer una declaraci\u00f3n formal de apoyo a un texto que Alianza Popular rechaz\u00f3 con beligerancia y a un T\u00edtulo VIII de la Constituci\u00f3n que Fraga estigmatiz\u00f3 porque hac\u00eda una distinci\u00f3n clara entre \u00abnacionalidades y regiones\u00bb y porque le parec\u00eda que el mismo romp\u00eda Espa\u00f1a. Fueron los \u00fanicos que acudieron a celebrar una efem\u00e9rides que en su d\u00eda rechazaron. Ahora nos dan lecciones.<\/p>\n<p>Es lo que hay. Los estertores de la casta del bipartidismo mon\u00e1rquico que nos ha llevado a esta lamentable situaci\u00f3n.<\/p>\n<p>Y es que en El \u00c1lamo sigue ganando Jhon Wayne. Magn\u00edfico actor, por cierto.<\/p>\n<p>&nbsp;<\/p>\n<p>&nbsp;<\/p>\n<!-- AddThis Advanced Settings generic via filter on the_content --><!-- AddThis Share Buttons generic via filter on the_content -->","protected":false},"excerpt":{"rendered":"<p>Domingo 30 de noviembre de 2014 Hace quince d\u00edas tuvo lugar en Barcelona un debate sobre la memoria Hist\u00f3rica y la ficci\u00f3n. All\u00ed Albert S\u00e1nchez Pi\u00f1ol hizo hincapi\u00e9 en la necesidad de tener un relato propio de la historia y pregunt\u00f3 al p\u00fablico lo siguiente: \u00abSi yo planteo qu\u00e9 sabemos de la batalla del \u00c1lamo,\u00a0 &hellip; <a href=\"https:\/\/blogs.deia.eus\/anasagasti\/2014\/11\/30\/sigue-ganando-john-wayne\/\" class=\"more-link\">Sigue leyendo <span class=\"screen-reader-text\">Sigue ganando John Wayne<\/span><\/a><!-- AddThis Advanced Settings generic via filter on get_the_excerpt --><!-- AddThis Share Buttons generic via filter on get_the_excerpt --><\/p>\n","protected":false},"author":19,"featured_media":0,"comment_status":"open","ping_status":"open","sticky":false,"template":"","format":"standard","meta":{"footnotes":""},"categories":[1],"tags":[],"class_list":["post-5773","post","type-post","status-publish","format-standard","hentry","category-general"],"_links":{"self":[{"href":"https:\/\/blogs.deia.eus\/anasagasti\/wp-json\/wp\/v2\/posts\/5773","targetHints":{"allow":["GET"]}}],"collection":[{"href":"https:\/\/blogs.deia.eus\/anasagasti\/wp-json\/wp\/v2\/posts"}],"about":[{"href":"https:\/\/blogs.deia.eus\/anasagasti\/wp-json\/wp\/v2\/types\/post"}],"author":[{"embeddable":true,"href":"https:\/\/blogs.deia.eus\/anasagasti\/wp-json\/wp\/v2\/users\/19"}],"replies":[{"embeddable":true,"href":"https:\/\/blogs.deia.eus\/anasagasti\/wp-json\/wp\/v2\/comments?post=5773"}],"version-history":[{"count":1,"href":"https:\/\/blogs.deia.eus\/anasagasti\/wp-json\/wp\/v2\/posts\/5773\/revisions"}],"predecessor-version":[{"id":5774,"href":"https:\/\/blogs.deia.eus\/anasagasti\/wp-json\/wp\/v2\/posts\/5773\/revisions\/5774"}],"wp:attachment":[{"href":"https:\/\/blogs.deia.eus\/anasagasti\/wp-json\/wp\/v2\/media?parent=5773"}],"wp:term":[{"taxonomy":"category","embeddable":true,"href":"https:\/\/blogs.deia.eus\/anasagasti\/wp-json\/wp\/v2\/categories?post=5773"},{"taxonomy":"post_tag","embeddable":true,"href":"https:\/\/blogs.deia.eus\/anasagasti\/wp-json\/wp\/v2\/tags?post=5773"}],"curies":[{"name":"wp","href":"https:\/\/api.w.org\/{rel}","templated":true}]}}