{"id":5779,"date":"2014-12-05T00:25:27","date_gmt":"2014-12-04T22:25:27","guid":{"rendered":"http:\/\/blogs.deia.com\/anasagasti\/?p=5779"},"modified":"2014-12-05T00:25:27","modified_gmt":"2014-12-04T22:25:27","slug":"el-pse-quiere-hacer-con-la-alhondiga-lo-que-hizo-con-la-estacion-de-abando","status":"publish","type":"post","link":"https:\/\/blogs.deia.eus\/anasagasti\/2014\/12\/05\/el-pse-quiere-hacer-con-la-alhondiga-lo-que-hizo-con-la-estacion-de-abando\/","title":{"rendered":"El PSE quiere hacer con la Alh\u00f3ndiga, lo que hizo con la Estaci\u00f3n de Abando"},"content":{"rendered":"<p><strong><strong>Jueves 4 de noviembre de 2014<\/strong><\/strong><\/p>\n<p><a href=\"http:\/\/blogs.deia.com\/anasagasti\/files\/2014\/12\/La-Alhondiga.png\"><img loading=\"lazy\" decoding=\"async\" class=\"alignleft size-full wp-image-5780\" src=\"http:\/\/blogs.deia.com\/anasagasti\/files\/2014\/12\/La-Alhondiga.png\" alt=\"La Alhondiga\" width=\"259\" height=\"194\" \/><\/a>Quiere cambiarle el nombre y ponerle el de I\u00f1aki Azkuna.<\/p>\n<p>Pues, con todo respeto, no estoy de acuerdo si antes no se hace justicia a otros alcaldes\u00a0 como Casta\u00f1ares, Robles, Du\u00f1abeitia, y el propio Areso. \u00bfEs que estos alcaldes no han hecho nada por Bilbao? \u00bfPor qu\u00e9 a unos s\u00ed y a otros no?.<\/p>\n<p>I\u00f1aki Azkuna fue un gran alcalde pero no el \u00fanico que hemos tenido y la historia le juzgar\u00e1 como\u00a0 aquel\u00a0 gran alcalde que recogi\u00f3 la herencia de los anteriores (el Metro, el Guggenheim, la rehabilitaci\u00f3n de Bilbao despu\u00e9s de las inundaciones de 1983\u00a0 las hicieron otros alcaldes)\u00a0y con su buen talante hizo muchas cosas por Bilbao, pero como lo\u00a0 hicieron\u00a0Casta\u00f1ares con la R\u00eda, Robles perdiendo su ojo, Du\u00f1abeitia\u00a0 con su bondad, y Areso que ha sido el hilo conductor de todos estos alcaldes y art\u00edfice de muchos de los \u00e9xitos atribuidos a Azkuna. Las cosas en su sitio. Y la justicia es reconocer el trabajo de los dem\u00e1s.<\/p>\n<p>Pero tambi\u00e9n tenemos concejales\u00a0de \u00a0tiempos de la Rep\u00fablica enterrados en el exilio \u00a0como Juan Gracia, socialista, cuya biograf\u00eda termina Juan Penche y que ser\u00e1 publicada por el Departamento de Juan M. Aburto, o Santiago Aznar que propuso la ikurri\u00f1a como bandera oficial de los vascos y que los dos concejales del ayuntamiento de Bilbao y socialistas, llegaron a ser consejeros del primer Gobierno Vasco de la historia, el del Lehendakari Aguirre, y que el PSE jam\u00e1s ha reconocido. Como jam\u00e1s ha reconocido a Juli\u00e1n Zugazagoitia diputado por Bizkaia, concejal, ministro de la Rep\u00fablica y fusilado por Franco. \u00bfPara cu\u00e1ndo un reconocimiento a este hombre que entreg\u00f3 su vida por la Rep\u00fablica y por el socialismo?. No s\u00e9 a qu\u00e9 viene esta propuesta del PSE sin haber reconocido a los suyos. Y vuelvo a repetir: los dos primeros enterrados en el exilio y el tercero fusilado como un perro.<\/p>\n<p>\u00bfA qu\u00e9 juega el PSE? \u00bfNo ser\u00e1 que quieren aprovecharse del buen nombre de Azkuna?.<\/p>\n<p>No soy\u00a0partidario del culto a la personalidad selectiva. Y Ajuriaguerra nos ense\u00f1\u00f3 que huy\u00e9ramos de estos cultos. Las grande figuras hablan por sus obras y yo a la Alh\u00f3ndiga la llamar\u00e9 siempre La Alh\u00f3ndiga, porque entre otras cosas estudi\u00e9 en el Colegio de Santiago Ap\u00f3stol, que estaba enfrente de la Alh\u00f3ndiga y cuyo olor a vino nos llegaba a nuestras clases y por eso se llamaba La Alh\u00f3ndiga\u00a0 \u00a0y as\u00ed como jam\u00e1s llamar\u00e9 a la estaci\u00f3n de Abando, estaci\u00f3n de Indalecio Prieto (como tampoco la llam\u00f3 Azkuna que protest\u00f3 por aquel abuso del Ministerio de Fomento)\u00a0 \u00a0y nunca le llam\u00e9 a la Plaza Circular, Plaza Espa\u00f1a, jam\u00e1s de los jamases llamar\u00e9 a La Alh\u00f3ndiga, I\u00f1aki Azkuna. Por respeto a I\u00f1aki Azkuna y por respeto a la historia de Bilbao.<\/p>\n<p>&nbsp;<\/p>\n<!-- AddThis Advanced Settings generic via filter on the_content --><!-- AddThis Share Buttons generic via filter on the_content -->","protected":false},"excerpt":{"rendered":"<p>Jueves 4 de noviembre de 2014 Quiere cambiarle el nombre y ponerle el de I\u00f1aki Azkuna. Pues, con todo respeto, no estoy de acuerdo si antes no se hace justicia a otros alcaldes\u00a0 como Casta\u00f1ares, Robles, Du\u00f1abeitia, y el propio Areso. \u00bfEs que estos alcaldes no han hecho nada por Bilbao? \u00bfPor qu\u00e9 a unos &hellip; <a href=\"https:\/\/blogs.deia.eus\/anasagasti\/2014\/12\/05\/el-pse-quiere-hacer-con-la-alhondiga-lo-que-hizo-con-la-estacion-de-abando\/\" class=\"more-link\">Sigue leyendo <span class=\"screen-reader-text\">El PSE quiere hacer con la Alh\u00f3ndiga, lo que hizo con la Estaci\u00f3n de Abando<\/span><\/a><!-- AddThis Advanced Settings generic via filter on get_the_excerpt --><!-- AddThis Share Buttons generic via filter on get_the_excerpt --><\/p>\n","protected":false},"author":19,"featured_media":0,"comment_status":"open","ping_status":"open","sticky":false,"template":"","format":"standard","meta":{"footnotes":""},"categories":[1],"tags":[],"class_list":["post-5779","post","type-post","status-publish","format-standard","hentry","category-general"],"_links":{"self":[{"href":"https:\/\/blogs.deia.eus\/anasagasti\/wp-json\/wp\/v2\/posts\/5779","targetHints":{"allow":["GET"]}}],"collection":[{"href":"https:\/\/blogs.deia.eus\/anasagasti\/wp-json\/wp\/v2\/posts"}],"about":[{"href":"https:\/\/blogs.deia.eus\/anasagasti\/wp-json\/wp\/v2\/types\/post"}],"author":[{"embeddable":true,"href":"https:\/\/blogs.deia.eus\/anasagasti\/wp-json\/wp\/v2\/users\/19"}],"replies":[{"embeddable":true,"href":"https:\/\/blogs.deia.eus\/anasagasti\/wp-json\/wp\/v2\/comments?post=5779"}],"version-history":[{"count":1,"href":"https:\/\/blogs.deia.eus\/anasagasti\/wp-json\/wp\/v2\/posts\/5779\/revisions"}],"predecessor-version":[{"id":5781,"href":"https:\/\/blogs.deia.eus\/anasagasti\/wp-json\/wp\/v2\/posts\/5779\/revisions\/5781"}],"wp:attachment":[{"href":"https:\/\/blogs.deia.eus\/anasagasti\/wp-json\/wp\/v2\/media?parent=5779"}],"wp:term":[{"taxonomy":"category","embeddable":true,"href":"https:\/\/blogs.deia.eus\/anasagasti\/wp-json\/wp\/v2\/categories?post=5779"},{"taxonomy":"post_tag","embeddable":true,"href":"https:\/\/blogs.deia.eus\/anasagasti\/wp-json\/wp\/v2\/tags?post=5779"}],"curies":[{"name":"wp","href":"https:\/\/api.w.org\/{rel}","templated":true}]}}