{"id":5784,"date":"2014-12-05T21:14:49","date_gmt":"2014-12-05T19:14:49","guid":{"rendered":"http:\/\/blogs.deia.com\/anasagasti\/?p=5784"},"modified":"2014-12-05T21:14:49","modified_gmt":"2014-12-05T19:14:49","slug":"la-situacion-de-persecucion-en-venezuela-se-escucha-en-el-parlamento-vasco","status":"publish","type":"post","link":"https:\/\/blogs.deia.eus\/anasagasti\/2014\/12\/05\/la-situacion-de-persecucion-en-venezuela-se-escucha-en-el-parlamento-vasco\/","title":{"rendered":"La situaci\u00f3n de persecuci\u00f3n en Venezuela se escucha en el Parlamento Vasco"},"content":{"rendered":"<p><strong><strong>Viernes 5 de diciembre de 2014<\/strong><\/strong><\/p>\n<p>Hola a todos:<\/p>\n<p><a href=\"http:\/\/blogs.deia.com\/anasagasti\/files\/2014\/12\/Parlamento-vasco.jpg\"><img loading=\"lazy\" decoding=\"async\" class=\"alignleft size-full wp-image-5785\" src=\"http:\/\/blogs.deia.com\/anasagasti\/files\/2014\/12\/Parlamento-vasco.jpg\" alt=\"Parlamento vasco\" width=\"258\" height=\"130\" \/><\/a>El \u00a0mi\u00e9rcoles 3 de diciembre a las 5:30 p.m., comparecimos en Vitoria-Gasteiz, ante la Comisi\u00f3n presidida por la Parlamentaria Maribel Vaquero e integrada por representantes de los partidos pol\u00edticos PNV ( Partido Nacionalista Vasco), PSE ( Partido Socialista Euskadi), PP ( Partido Popular ) y EH-Bildu ( Coalici\u00f3n de partidos de la Izquierda abertzale: Aralar, Bildu y Eusko Alkartasuna-EA ).<\/p>\n<p><a href=\"http:\/\/blogs.deia.com\/anasagasti\/files\/2014\/12\/Venezuela-llorando.jpg\"><img loading=\"lazy\" decoding=\"async\" class=\"alignleft size-full wp-image-5786\" src=\"http:\/\/blogs.deia.com\/anasagasti\/files\/2014\/12\/Venezuela-llorando.jpg\" alt=\"Venezuela llorando\" width=\"247\" height=\"204\" \/><\/a>Asistimos un grupo de 20 representantes de Asovengui (Asociaci\u00f3n Venezolanos de Gipuzkoa), adem\u00e1s de venezolanos y vasco venezolanos residentes en Bizkaia y Araba. Tuvimos el honor de contar con la compa\u00f1\u00eda y testimonio de la Sra. Rosa Mar\u00eda Orozco, madre de Geraldine Moreno, una de las 44 v\u00edctimas de la represi\u00f3n, quien se traslad\u00f3 desde Italia para acompa\u00f1arnos.<\/p>\n<p>La comparecencia se dividi\u00f3 en 4 partes:<\/p>\n<p>1.- Un video de 5 minutos de duraci\u00f3n con las im\u00e1genes m\u00e1s impactantes de los hechos de maltrato y represi\u00f3n ocurridos en el periodo Febrero 2014 &#8211; mayo 2014, producido por el Foro Penal Venezolano bajo el t\u00edtulo de \u00ab\u00bfQu\u00e9 pasa en Venezuela?\u00bb.<\/p>\n<p>2.- Una breve presentaci\u00f3n sobre los motivos y solicitudes de nuestra comparecencia, realizada por Iker Anzola y cuya copia adjuntamos con las peticiones a la Comisi\u00f3n que en concreto fueron:<\/p>\n<ul>\n<li>\u00a0Que se solidarice con el respeto a los DDHH del pueblo venezolano y\u00a0a los principios constitucionales\u00a0 vigentes.<\/li>\n<li>Que exija la inmediata liberaci\u00f3n de los presos pol\u00edticos.<\/li>\n<li>Que solicite la disoluci\u00f3n de los grupos armados paramilitares,\u00a0\u00a0llamados\u00a0 \u201cColectivos\u201d, promovidos y\u00a0apoyados por el Gobierno.<\/li>\n<li>Que exija el enjuiciamiento y castigo de los responsables de las violaciones de los DDHH.<\/li>\n<\/ul>\n<p>3.- Una amplia presentaci\u00f3n sobre las violaciones a los DDHH, realizada por Ana Rodr\u00edguez, basada en el Informe : Protestas y Derechos Humanos-Venezuela 2014, preparado por varias ONGs venezolanas, el cual se anexa y que cubri\u00f3 los siguientes puntos: Violaciones del derecho a la manifestaci\u00f3n pac\u00edfica; Uso excesivo de la fuerza y violaciones a la integridad personal; Detenciones arbitrarias y violaciones al debido proceso; Violaciones a la libertad de expresi\u00f3n y ataques a la prensa; Ataques a civiles en \u00e1reas residenciales; Personas fallecidas durante las manifestaciones.<\/p>\n<p>4.- Testimonio de la Sra. Rosa Mar\u00eda Orozco: en forma muy emotiva describi\u00f3 las circunstancias de la agresi\u00f3n y muerte de su hija Geraldine Moreno a consecuencia de un disparo de fusil con perdigones en el rostro, por parte de un guardia nacional y que le ocasion\u00f3 la muerte.<\/p>\n<p>Adem\u00e1s del video antes mencionado y del Informe de las ONGs venezolanas, tambi\u00e9n hicimos entrega de un archivo digital conteniendo: Observaciones del Comit\u00e9 contra la tortura de la ONU de Nov. 2014; Informe de la Comisi\u00f3n Internacional de juristas, \u00f3rgano consultivo de la ONU; Informe de HRW; entre otros.A continuaci\u00f3n se realiz\u00f3 un turno de preguntas y respuestas por parte de los representantes de cada partido representado:<\/p>\n<p><strong>PP:<\/strong> Di\u00f3 las gracias por nuestra comparecencia y manifest\u00f3 su solidaridad con la lucha por la democracia en Venezuela y manifest\u00f3 su apoyo para impulsar nuestras peticiones. Mencion\u00f3 tambi\u00e9n el lugar ocupado por Venezuela en el \u00faltimo informe publicado por Transparencia Internacional.<\/p>\n<p><strong>PSE :<\/strong> Su portavoz dio las gracias por nuestra presencia y manifest\u00f3 su solidaridad con la Sra. Rosa Orozco, cuyo testimonio les \u00ablleg\u00f3 al coraz\u00f3n\u00bb y la solidaridad de su partido con las personas que lo est\u00e1n pasando mal en Venezuela. Puntualiz\u00f3 que su partido ten\u00eda diferencias con ideolog\u00eda del Gobierno Venezolano y que favorec\u00edan la cohesi\u00f3n social y el respeto de los DDHH, los cuales no pueden ser vulnerados por ideolog\u00edas o planteamientos pol\u00edticos. Finalmente manifest\u00f3 su afecto y compromiso para revisar\u00a0 los documentos aportados para pronunciarse.<\/p>\n<p><strong>EH-Bildu<\/strong> : Se pronunci\u00f3 \u00fanicamente en euskera, manifestando su agradecimiento por nuestra presencia y su deseo de revisar la documentaci\u00f3n aportada para pronunciarse. Es de destacar aqu\u00ed que solo asisti\u00f3 el representante de EA y ninguno de EH&#8230;&#8230;..<\/p>\n<p><strong>PNV :<\/strong> Cerr\u00f3 el ciclo de intervenciones el representante del PNV, dando las gracias por nuestra presencia y testimonio y aprovech\u00f3 para agradecer la acogida de Venezuela a los vascos refugiados y exilados. Se solidariz\u00f3 con los planteamientos y solicitudes que realizamos y aprovecharon para formular 2 preguntas sobre la identificaci\u00f3n y arresto de los funcionarios policiales responsables y sobre la financiaci\u00f3n y apoyo de los grupos de civiles armados paramilitares. Ambas preguntas fueron respondidas por la Sra. Orozco quien explic\u00f3 que en el caso de su hija 2 guardias nacionales estaban detenidos y enjuiciados, aunque con innumerables retardos judiciales, y que en la mayor\u00eda de los dem\u00e1s casos los funcionarios identificados segu\u00edan libres. En cuanto a los \u00abcolectivos\u00bb explic\u00f3 su origen y suministro de armamento y financiamiento por parte de organismos gubernamentales.<\/p>\n<p>Finalmente queremos agradecer especialmente a la Sra. Rosa Mar\u00eda Orozco por acompa\u00f1arnos y por su emotivo testimonio, a la Presidente de la Comisi\u00f3n Maribel Vaquero Montero y dem\u00e1s miembros de la misma, a Ana Rodr\u00edguez por su excelente presentaci\u00f3n y a todos los que de una manera u otra nos han ayudado y contribuido a que esta comparecencia se haya realizado exitosamente.<\/p>\n<p>Eskerrik asko a todos !<\/p>\n<p>Un abrazo<\/p>\n<p>Iker<\/p>\n<p>&nbsp;<\/p>\n<!-- AddThis Advanced Settings generic via filter on the_content --><!-- AddThis Share Buttons generic via filter on the_content -->","protected":false},"excerpt":{"rendered":"<p>Viernes 5 de diciembre de 2014 Hola a todos: El \u00a0mi\u00e9rcoles 3 de diciembre a las 5:30 p.m., comparecimos en Vitoria-Gasteiz, ante la Comisi\u00f3n presidida por la Parlamentaria Maribel Vaquero e integrada por representantes de los partidos pol\u00edticos PNV ( Partido Nacionalista Vasco), PSE ( Partido Socialista Euskadi), PP ( Partido Popular ) y EH-Bildu &hellip; <a href=\"https:\/\/blogs.deia.eus\/anasagasti\/2014\/12\/05\/la-situacion-de-persecucion-en-venezuela-se-escucha-en-el-parlamento-vasco\/\" class=\"more-link\">Sigue leyendo <span class=\"screen-reader-text\">La situaci\u00f3n de persecuci\u00f3n en Venezuela se escucha en el Parlamento Vasco<\/span><\/a><!-- AddThis Advanced Settings generic via filter on get_the_excerpt --><!-- AddThis Share Buttons generic via filter on get_the_excerpt --><\/p>\n","protected":false},"author":19,"featured_media":0,"comment_status":"open","ping_status":"open","sticky":false,"template":"","format":"standard","meta":{"footnotes":""},"categories":[1],"tags":[],"class_list":["post-5784","post","type-post","status-publish","format-standard","hentry","category-general"],"_links":{"self":[{"href":"https:\/\/blogs.deia.eus\/anasagasti\/wp-json\/wp\/v2\/posts\/5784","targetHints":{"allow":["GET"]}}],"collection":[{"href":"https:\/\/blogs.deia.eus\/anasagasti\/wp-json\/wp\/v2\/posts"}],"about":[{"href":"https:\/\/blogs.deia.eus\/anasagasti\/wp-json\/wp\/v2\/types\/post"}],"author":[{"embeddable":true,"href":"https:\/\/blogs.deia.eus\/anasagasti\/wp-json\/wp\/v2\/users\/19"}],"replies":[{"embeddable":true,"href":"https:\/\/blogs.deia.eus\/anasagasti\/wp-json\/wp\/v2\/comments?post=5784"}],"version-history":[{"count":1,"href":"https:\/\/blogs.deia.eus\/anasagasti\/wp-json\/wp\/v2\/posts\/5784\/revisions"}],"predecessor-version":[{"id":5787,"href":"https:\/\/blogs.deia.eus\/anasagasti\/wp-json\/wp\/v2\/posts\/5784\/revisions\/5787"}],"wp:attachment":[{"href":"https:\/\/blogs.deia.eus\/anasagasti\/wp-json\/wp\/v2\/media?parent=5784"}],"wp:term":[{"taxonomy":"category","embeddable":true,"href":"https:\/\/blogs.deia.eus\/anasagasti\/wp-json\/wp\/v2\/categories?post=5784"},{"taxonomy":"post_tag","embeddable":true,"href":"https:\/\/blogs.deia.eus\/anasagasti\/wp-json\/wp\/v2\/tags?post=5784"}],"curies":[{"name":"wp","href":"https:\/\/api.w.org\/{rel}","templated":true}]}}