{"id":5789,"date":"2014-12-06T13:03:46","date_gmt":"2014-12-06T11:03:46","guid":{"rendered":"http:\/\/blogs.deia.com\/anasagasti\/?p=5789"},"modified":"2014-12-06T13:03:46","modified_gmt":"2014-12-06T11:03:46","slug":"la-semana-fue-asi-4","status":"publish","type":"post","link":"https:\/\/blogs.deia.eus\/anasagasti\/2014\/12\/06\/la-semana-fue-asi-4\/","title":{"rendered":"La semana fue as\u00ed"},"content":{"rendered":"<p><strong><strong>S\u00e1bado 6 de diciembre de 2014<\/strong><\/strong><\/p>\n<p>Pol\u00edticamente\u00a0 la noticia fue el nombramiento de Alfonso Alonso, portavoz parlamentario del PP, como ministro de Sanidad. Y nada m\u00e1s llegar y ante sus renovadas\u00a0 e inoportunas declaraciones, el presidente de la Comunidad de Madrid ces\u00f3 al consejero de Sanidad Javier Rodr\u00edguez. El PSOE quiso que en la Comisi\u00f3n Constitucional se abriera una subcomisi\u00f3n para iniciar un cambio constitucional. El PP se neg\u00f3. Asimismo entre el PSOE y Podemos hubo una pelea dial\u00e9ctica sobre quien de los dos partidos era m\u00e1s socialdem\u00f3crata. Santi Potros y Plazaola fueron liberados de la prisi\u00f3n con gran esc\u00e1ndalo de la derecha espa\u00f1ola\u00a0 por\u00a0la aplicaci\u00f3n de la resoluci\u00f3n de una de las salas de la Audiencia. Sigui\u00f3 con enorme virulencia el seguimiento de las haza\u00f1as del llamado Peque\u00f1o Nicol\u00e1s. Lo mismo ocurri\u00f3 con Bankia que al parecer hab\u00eda falseado su situaci\u00f3n para salir a Bolsa. Rato y Goirigolzarri tuvieron que salir a dar explicaciones. Muri\u00f3 un seguidor del Deportivo de la Coru\u00f1a en una reyerta con seguidores del Atl\u00e9tico de Madrid originando un gran debate\u00a0 sobre la violencia en el f\u00fatbol. Augusto Cesar Lendoiro, que acudi\u00f3 al funeral del fallecido, fue suspendido de una asociaci\u00f3n futbol\u00edstica. En Estados Unidos segu\u00edan los problemas relacionados con la violencia de la polic\u00eda contra\u00a0 los afrodescendientes.<\/p>\n<p>En el Senado se discuti\u00f3 en Comisi\u00f3n las partidas presupuestarias y tanto en el Congreso como en el Senado\u00a0 hubo jornadas de puertas abiertas. Y en las librer\u00edas estaba ya mi libro \u00abUna Monarqu\u00eda poco ejemplar\u00bb .Para hablar\u00a0 de ella acud\u00ed a ETB \u00a0al programa de Silvia Intxaurrondo el mi\u00e9rcoles\u00a0 3 de diciembre\u00a0 al mediod\u00eda y en directo. En el plat\u00f3 estaban Jos\u00e9 Ram\u00f3n Bl\u00e1zquez, Mikel Oroz, Cristina Valles \u00a0y Josebe Iturrioz. Tambi\u00e9n acud\u00ed el jueves por la noche y tras una charla en el Batzoki de Trapaga \u00a0a los estudios de <a href=\"http:\/\/blogs.deia.com\/anasagasti\/files\/2014\/12\/I\u00f1aki-en-RNE_1.jpg\"><img loading=\"lazy\" decoding=\"async\" class=\"alignleft size-full wp-image-5793\" src=\"http:\/\/blogs.deia.com\/anasagasti\/files\/2014\/12\/I\u00f1aki-en-RNE_1.jpg\" alt=\"I\u00f1aki en RNE_1\" width=\"1024\" height=\"768\" srcset=\"https:\/\/blogs.deia.eus\/anasagasti\/files\/2014\/12\/I\u00f1aki-en-RNE_1.jpg 1024w, https:\/\/blogs.deia.eus\/anasagasti\/files\/2014\/12\/I\u00f1aki-en-RNE_1-580x435.jpg 580w, https:\/\/blogs.deia.eus\/anasagasti\/files\/2014\/12\/I\u00f1aki-en-RNE_1-940x705.jpg 940w\" sizes=\"auto, (max-width: 1024px) 100vw, 1024px\" \/><\/a>Radio Nacional para comentar con los senadores Antol\u00edn Sanz (PP) y Maru Men\u00e9ndez (PSOE) sobre lo ocurrido con el senador Monago y sobre los posibles cambios constitucionales. Sobre el caso Monago les dije que\u00a0 se hab\u00eda producido por la hipocres\u00eda de la pol\u00edtica espa\u00f1ola. Si Monago hubiera dicho que interrumpi\u00f3 su relaci\u00f3n con su mujer en Badajoz \u00a0y la \u00a0 hab\u00eda rehecho durante \u00a0dos a\u00f1os su vida en Tenerife con otra persona y era desde Tenerife desde donde ten\u00eda que viajar a Madrid, nada hubiera ocurrido. Cuando empez\u00f3 sus\u00a0 absurdas justificaciones de sus viajes hablando de\u00a0 su inter\u00e9s por el turismo, el pl\u00e1tano y el tabaco canario, fue cuando nadie le crey\u00f3 y se form\u00f3 el gran esc\u00e1ndalo.<\/p>\n<p>Tuve la oportunidad de acudir al programa de ETB \u00abPor Fin Viernes\u00bb que trat\u00f3 de la muerte de I\u00f1igo Cabacas, con sus padres y primo presente en el estudio, la destituci\u00f3n de Ana Mato como ministra de Sanidad y un debate entre un representante de Podemos que estaba en Madrid y Ernesto Ekaizer. Pude preguntarle al representante de Podemos si la Renta de Garant\u00eda de Ingresos de Euzkadi era el modelo al que miraban y me contest\u00f3 afirmativamente. Un reconocimiento directo a lo que se hace en Euzkadi.<\/p>\n<p>El s\u00e1bado fui a comer al Batzoki de Gurutzeta (Cruces), cuyo presidente estuvo afiliado en Matiko, donde lo estoy yo. Preparan concienzudamente \u00a0con la concejala y candidata Amaia del Campo la campa\u00f1a electoral y se trataba de animar a los presentes, afiliados ya de por s\u00ed muy motivados por una magn\u00edfica candidatura y un magn\u00edfico equipo.<\/p>\n<p><a href=\"http:\/\/blogs.deia.com\/anasagasti\/files\/2014\/12\/CHarla-Batzoki-de-Trapaga_1.jpg\"><img loading=\"lazy\" decoding=\"async\" class=\"alignleft size-full wp-image-5792\" src=\"http:\/\/blogs.deia.com\/anasagasti\/files\/2014\/12\/CHarla-Batzoki-de-Trapaga_1.jpg\" alt=\"CHarla Batzoki de Trapaga_1\" width=\"1024\" height=\"768\" srcset=\"https:\/\/blogs.deia.eus\/anasagasti\/files\/2014\/12\/CHarla-Batzoki-de-Trapaga_1.jpg 1024w, https:\/\/blogs.deia.eus\/anasagasti\/files\/2014\/12\/CHarla-Batzoki-de-Trapaga_1-580x435.jpg 580w, https:\/\/blogs.deia.eus\/anasagasti\/files\/2014\/12\/CHarla-Batzoki-de-Trapaga_1-940x705.jpg 940w\" sizes=\"auto, (max-width: 1024px) 100vw, 1024px\" \/><\/a>Y el jueves estuve en el Batzoki de Trapaga. La \u00faltima vez estuve en el viejo caser\u00f3n que adem\u00e1s era uno de los m\u00e1s antiguos de Euzkadi. En plena charla nos vino feliz el alcalde Xabier Cuellar ya que hab\u00edan logrado que el pleno les aprobara el Plan General de Ordenaci\u00f3n Urbana, tras 21 a\u00f1os de pelea. Algo \u00fanico. Mucha gente, buenas preguntas y buen ambiente. Vamos como el buey, pasito a pasito haciendo cosas y pisando seguro. Y gracias a ello Euzkadi est\u00e1 como est\u00e1 y mejorando.<\/p>\n<!-- AddThis Advanced Settings generic via filter on the_content --><!-- AddThis Share Buttons generic via filter on the_content -->","protected":false},"excerpt":{"rendered":"<p>S\u00e1bado 6 de diciembre de 2014 Pol\u00edticamente\u00a0 la noticia fue el nombramiento de Alfonso Alonso, portavoz parlamentario del PP, como ministro de Sanidad. Y nada m\u00e1s llegar y ante sus renovadas\u00a0 e inoportunas declaraciones, el presidente de la Comunidad de Madrid ces\u00f3 al consejero de Sanidad Javier Rodr\u00edguez. El PSOE quiso que en la Comisi\u00f3n &hellip; <a href=\"https:\/\/blogs.deia.eus\/anasagasti\/2014\/12\/06\/la-semana-fue-asi-4\/\" class=\"more-link\">Sigue leyendo <span class=\"screen-reader-text\">La semana fue as\u00ed<\/span><\/a><!-- AddThis Advanced Settings generic via filter on get_the_excerpt --><!-- AddThis Share Buttons generic via filter on get_the_excerpt --><\/p>\n","protected":false},"author":19,"featured_media":0,"comment_status":"open","ping_status":"open","sticky":false,"template":"","format":"standard","meta":{"footnotes":""},"categories":[1],"tags":[],"class_list":["post-5789","post","type-post","status-publish","format-standard","hentry","category-general"],"_links":{"self":[{"href":"https:\/\/blogs.deia.eus\/anasagasti\/wp-json\/wp\/v2\/posts\/5789","targetHints":{"allow":["GET"]}}],"collection":[{"href":"https:\/\/blogs.deia.eus\/anasagasti\/wp-json\/wp\/v2\/posts"}],"about":[{"href":"https:\/\/blogs.deia.eus\/anasagasti\/wp-json\/wp\/v2\/types\/post"}],"author":[{"embeddable":true,"href":"https:\/\/blogs.deia.eus\/anasagasti\/wp-json\/wp\/v2\/users\/19"}],"replies":[{"embeddable":true,"href":"https:\/\/blogs.deia.eus\/anasagasti\/wp-json\/wp\/v2\/comments?post=5789"}],"version-history":[{"count":1,"href":"https:\/\/blogs.deia.eus\/anasagasti\/wp-json\/wp\/v2\/posts\/5789\/revisions"}],"predecessor-version":[{"id":5794,"href":"https:\/\/blogs.deia.eus\/anasagasti\/wp-json\/wp\/v2\/posts\/5789\/revisions\/5794"}],"wp:attachment":[{"href":"https:\/\/blogs.deia.eus\/anasagasti\/wp-json\/wp\/v2\/media?parent=5789"}],"wp:term":[{"taxonomy":"category","embeddable":true,"href":"https:\/\/blogs.deia.eus\/anasagasti\/wp-json\/wp\/v2\/categories?post=5789"},{"taxonomy":"post_tag","embeddable":true,"href":"https:\/\/blogs.deia.eus\/anasagasti\/wp-json\/wp\/v2\/tags?post=5789"}],"curies":[{"name":"wp","href":"https:\/\/api.w.org\/{rel}","templated":true}]}}