{"id":5795,"date":"2014-12-07T18:10:44","date_gmt":"2014-12-07T16:10:44","guid":{"rendered":"http:\/\/blogs.deia.com\/anasagasti\/?p=5795"},"modified":"2014-12-07T18:10:44","modified_gmt":"2014-12-07T16:10:44","slug":"no-hay-quien-aparque-en-la-azoka-de-durango","status":"publish","type":"post","link":"https:\/\/blogs.deia.eus\/anasagasti\/2014\/12\/07\/no-hay-quien-aparque-en-la-azoka-de-durango\/","title":{"rendered":"No hay quien aparque en la Azoka de Durango"},"content":{"rendered":"<p><strong><strong>Domingo 7 de diciembre de 2014<\/strong><\/strong><\/p>\n<p><a href=\"http:\/\/blogs.deia.com\/anasagasti\/files\/2014\/12\/Azokade-durango.png\"><img loading=\"lazy\" decoding=\"async\" class=\"alignleft size-full wp-image-5796\" src=\"http:\/\/blogs.deia.com\/anasagasti\/files\/2014\/12\/Azokade-durango.png\" alt=\"Azokade durango\" width=\"276\" height=\"182\" \/><\/a>Como todos los a\u00f1os, y desde los tiempos del franquismo, hemos acudido a la Feria del Libro y Disco de Durango, la Azoka. Es un esfuerzo que muestra la potencia de un euskera en recuperaci\u00f3n, de unas editoriales cada vez m\u00e1s sofisticadas, y de unos libros cada vez m\u00e1s interesantes. Pero dudo mucho vuelva si\u00a0 no se arbitra un m\u00ednimo de comodidad para acceder a ella\u00a0 de\u00a0 los que no viven en Durango.<\/p>\n<p>La mini historia\u00a0es \u00e9sta:\u00a0Hemos llegado a las once, pero hemos tardado en aparcar hora y cuarto. Si de lo que se trata es de conocer Durango en coche, la idea es buena. Si de \u00a0lo que se trata es que los que no son de Durango conozcan la exposici\u00f3n anual, el esfuerzo es disuasorio. Vueltas\u00a0 y \u00a0m\u00e1s vueltas, y m\u00e1s vueltas. Todo ocupado, y ning\u00fan estacionamiento habilitado en colegios u otras superficies. Est\u00e1 bien que los organizadores se preocupen por los libros y los discos, pero \u00bfc\u00f3mo hace una familia para acudir a un lugar en el que hay que emplear una hora y pico para aparcar?.<\/p>\n<p>Todo un \u00e9xito, pero es que tambi\u00e9n se puede morir de \u00e9xito.<\/p>\n<p>Por fin, y subido el coche malamente a una remota acera, con complejo de culpabilidad hemos podido llegar a la Feria y pasear entre libros, discos, mapas y CDs. Como siempre interesante y lleno de vitalidad. Pero la hora y cuarto perdida y la media hora empleada en volver al coche, nos ha dejado\u00a0 con pocas ganas de volver. Se me podr\u00e1 decir que acuda en tren, autob\u00fas o coche compartido. Pues s\u00ed, pero\u2026\u2026<\/p>\n<p>Lo siento. Espero que el a\u00f1o que viene, que se cumple medio siglo de esfuerzo, los organizadores piensen no solamente en los libros sino en habilitar espacios para que la gente pueda aparcar r\u00e1pidamente y no andar dando vueltas por el pueblo durante hora y cuarto.<\/p>\n<p>Si los responsables no lo organizan mejor, me interesar\u00e9 v\u00eda cat\u00e1logo de los libros y discos. Y le deseo a la Azoka todo el \u00e9xito del mundo.<\/p>\n<!-- AddThis Advanced Settings generic via filter on the_content --><!-- AddThis Share Buttons generic via filter on the_content -->","protected":false},"excerpt":{"rendered":"<p>Domingo 7 de diciembre de 2014 Como todos los a\u00f1os, y desde los tiempos del franquismo, hemos acudido a la Feria del Libro y Disco de Durango, la Azoka. Es un esfuerzo que muestra la potencia de un euskera en recuperaci\u00f3n, de unas editoriales cada vez m\u00e1s sofisticadas, y de unos libros cada vez m\u00e1s &hellip; <a href=\"https:\/\/blogs.deia.eus\/anasagasti\/2014\/12\/07\/no-hay-quien-aparque-en-la-azoka-de-durango\/\" class=\"more-link\">Sigue leyendo <span class=\"screen-reader-text\">No hay quien aparque en la Azoka de Durango<\/span><\/a><!-- AddThis Advanced Settings generic via filter on get_the_excerpt --><!-- AddThis Share Buttons generic via filter on get_the_excerpt --><\/p>\n","protected":false},"author":19,"featured_media":0,"comment_status":"open","ping_status":"open","sticky":false,"template":"","format":"standard","meta":{"footnotes":""},"categories":[1],"tags":[],"class_list":["post-5795","post","type-post","status-publish","format-standard","hentry","category-general"],"_links":{"self":[{"href":"https:\/\/blogs.deia.eus\/anasagasti\/wp-json\/wp\/v2\/posts\/5795","targetHints":{"allow":["GET"]}}],"collection":[{"href":"https:\/\/blogs.deia.eus\/anasagasti\/wp-json\/wp\/v2\/posts"}],"about":[{"href":"https:\/\/blogs.deia.eus\/anasagasti\/wp-json\/wp\/v2\/types\/post"}],"author":[{"embeddable":true,"href":"https:\/\/blogs.deia.eus\/anasagasti\/wp-json\/wp\/v2\/users\/19"}],"replies":[{"embeddable":true,"href":"https:\/\/blogs.deia.eus\/anasagasti\/wp-json\/wp\/v2\/comments?post=5795"}],"version-history":[{"count":1,"href":"https:\/\/blogs.deia.eus\/anasagasti\/wp-json\/wp\/v2\/posts\/5795\/revisions"}],"predecessor-version":[{"id":5797,"href":"https:\/\/blogs.deia.eus\/anasagasti\/wp-json\/wp\/v2\/posts\/5795\/revisions\/5797"}],"wp:attachment":[{"href":"https:\/\/blogs.deia.eus\/anasagasti\/wp-json\/wp\/v2\/media?parent=5795"}],"wp:term":[{"taxonomy":"category","embeddable":true,"href":"https:\/\/blogs.deia.eus\/anasagasti\/wp-json\/wp\/v2\/categories?post=5795"},{"taxonomy":"post_tag","embeddable":true,"href":"https:\/\/blogs.deia.eus\/anasagasti\/wp-json\/wp\/v2\/tags?post=5795"}],"curies":[{"name":"wp","href":"https:\/\/api.w.org\/{rel}","templated":true}]}}