{"id":5798,"date":"2014-12-08T21:00:24","date_gmt":"2014-12-08T19:00:24","guid":{"rendered":"http:\/\/blogs.deia.com\/anasagasti\/?p=5798"},"modified":"2014-12-08T21:00:24","modified_gmt":"2014-12-08T19:00:24","slug":"al-general-monzon-no-le-gusta-la-transparencia","status":"publish","type":"post","link":"https:\/\/blogs.deia.eus\/anasagasti\/2014\/12\/08\/al-general-monzon-no-le-gusta-la-transparencia\/","title":{"rendered":"Al General Monz\u00f3n no le gusta la transparencia"},"content":{"rendered":"<p><strong><strong>Lunes 8 de diciembre de 2014<\/strong><\/strong><\/p>\n<p><a href=\"http:\/\/blogs.deia.com\/anasagasti\/files\/2014\/12\/General-Monz\u00f3n.png\"><img loading=\"lazy\" decoding=\"async\" class=\"alignleft size-full wp-image-5799\" src=\"http:\/\/blogs.deia.com\/anasagasti\/files\/2014\/12\/General-Monz\u00f3n.png\" alt=\"General Monz\u00f3n\" width=\"318\" height=\"159\" \/><\/a>El general Manuel Fern\u00e1ndez Monz\u00f3n, general de Brigada de Infanter\u00eda, es el cl\u00e1sico militar cuartelero proveniente del franquismo. Hombre lindando\u00a0 con la extrema derecha se dedic\u00f3 a escribir informes conocidos como \u00abCartas del General\u00bb Una de ellas se la mandaba a Xabier Arzalluz.<\/p>\n<p>Con ochenta a\u00f1os el hombre tiene marcha y hace declaraciones. Las \u00faltimas el 30 de noviembre\u00a0 en el ABC donde habla de sus tiempos en la Divisi\u00f3n Azul ,su trabajo de enlace entre los servicios secretos de Carero Blanco con la Cia\u00a0 y de su destituci\u00f3n como jefe de la Polic\u00eda Municipal de Madrid\u00a0 as\u00ed como \u00a0de su frustraci\u00f3n por no haber sido nombrado jefe del Cesid.<\/p>\n<p>Menos mal.<\/p>\n<p>La periodista Marisa Gallego, en dicha entrevista, le pregunt\u00f3 el por qu\u00e9 no se desclasificaban los papeles del 23 F. Y \u00e9l, muy antidemocr\u00e1ticamente, contest\u00f3: \u00abPorque quiz\u00e1s su publicaci\u00f3n puede alterar la tranquilidad. Todo lo que act\u00faa bajo secreto debes respetarlo hasta la muerte\u00bb<\/p>\n<p>Quiere \u00e9sto decir que no conviene hablar del papel\u00f3n del rey Juan Carlos aquella noche infausta, ni de c\u00f3mo se comportaron generales dudosos, ni de toda la trama civil que rode\u00f3 este grave golpe de estado.<\/p>\n<p>Y luego hablan de transparencia y democracia.<\/p>\n<p>\u00a1En democracia no hay secretos general Monz\u00f3n!. Eso solo \u00a0sirve para cubrir los cr\u00edmenes de las dictaduras.<\/p>\n<p>&nbsp;<\/p>\n<!-- AddThis Advanced Settings generic via filter on the_content --><!-- AddThis Share Buttons generic via filter on the_content -->","protected":false},"excerpt":{"rendered":"<p>Lunes 8 de diciembre de 2014 El general Manuel Fern\u00e1ndez Monz\u00f3n, general de Brigada de Infanter\u00eda, es el cl\u00e1sico militar cuartelero proveniente del franquismo. Hombre lindando\u00a0 con la extrema derecha se dedic\u00f3 a escribir informes conocidos como \u00abCartas del General\u00bb Una de ellas se la mandaba a Xabier Arzalluz. Con ochenta a\u00f1os el hombre tiene &hellip; <a href=\"https:\/\/blogs.deia.eus\/anasagasti\/2014\/12\/08\/al-general-monzon-no-le-gusta-la-transparencia\/\" class=\"more-link\">Sigue leyendo <span class=\"screen-reader-text\">Al General Monz\u00f3n no le gusta la transparencia<\/span><\/a><!-- AddThis Advanced Settings generic via filter on get_the_excerpt --><!-- AddThis Share Buttons generic via filter on get_the_excerpt --><\/p>\n","protected":false},"author":19,"featured_media":0,"comment_status":"open","ping_status":"open","sticky":false,"template":"","format":"standard","meta":{"footnotes":""},"categories":[1],"tags":[],"class_list":["post-5798","post","type-post","status-publish","format-standard","hentry","category-general"],"_links":{"self":[{"href":"https:\/\/blogs.deia.eus\/anasagasti\/wp-json\/wp\/v2\/posts\/5798","targetHints":{"allow":["GET"]}}],"collection":[{"href":"https:\/\/blogs.deia.eus\/anasagasti\/wp-json\/wp\/v2\/posts"}],"about":[{"href":"https:\/\/blogs.deia.eus\/anasagasti\/wp-json\/wp\/v2\/types\/post"}],"author":[{"embeddable":true,"href":"https:\/\/blogs.deia.eus\/anasagasti\/wp-json\/wp\/v2\/users\/19"}],"replies":[{"embeddable":true,"href":"https:\/\/blogs.deia.eus\/anasagasti\/wp-json\/wp\/v2\/comments?post=5798"}],"version-history":[{"count":1,"href":"https:\/\/blogs.deia.eus\/anasagasti\/wp-json\/wp\/v2\/posts\/5798\/revisions"}],"predecessor-version":[{"id":5800,"href":"https:\/\/blogs.deia.eus\/anasagasti\/wp-json\/wp\/v2\/posts\/5798\/revisions\/5800"}],"wp:attachment":[{"href":"https:\/\/blogs.deia.eus\/anasagasti\/wp-json\/wp\/v2\/media?parent=5798"}],"wp:term":[{"taxonomy":"category","embeddable":true,"href":"https:\/\/blogs.deia.eus\/anasagasti\/wp-json\/wp\/v2\/categories?post=5798"},{"taxonomy":"post_tag","embeddable":true,"href":"https:\/\/blogs.deia.eus\/anasagasti\/wp-json\/wp\/v2\/tags?post=5798"}],"curies":[{"name":"wp","href":"https:\/\/api.w.org\/{rel}","templated":true}]}}