{"id":5801,"date":"2014-12-13T15:56:40","date_gmt":"2014-12-13T13:56:40","guid":{"rendered":"http:\/\/blogs.deia.com\/anasagasti\/?p=5801"},"modified":"2014-12-13T15:56:40","modified_gmt":"2014-12-13T13:56:40","slug":"un-rey-reina-en-iberoamerica","status":"publish","type":"post","link":"https:\/\/blogs.deia.eus\/anasagasti\/2014\/12\/13\/un-rey-reina-en-iberoamerica\/","title":{"rendered":"Un Rey reina en Iberoam\u00e9rica"},"content":{"rendered":"<p><strong><strong>S\u00e1bado 13 de diciembre de 2014<\/strong><\/strong><\/p>\n<p><a href=\"http:\/\/blogs.deia.com\/anasagasti\/files\/2014\/12\/1427.14.jpg\"><img loading=\"lazy\" decoding=\"async\" class=\"alignleft size-full wp-image-5802\" src=\"http:\/\/blogs.deia.com\/anasagasti\/files\/2014\/12\/1427.14.jpg\" alt=\"1427.14\" width=\"750\" height=\"725\" srcset=\"https:\/\/blogs.deia.eus\/anasagasti\/files\/2014\/12\/1427.14.jpg 750w, https:\/\/blogs.deia.eus\/anasagasti\/files\/2014\/12\/1427.14-580x560.jpg 580w\" sizes=\"auto, (max-width: 750px) 100vw, 750px\" \/><\/a>Esto es lo que dec\u00eda ayer\u00a0 la portada de La Raz\u00f3n a cuenta de la Cumbre Iberoamericana celebrada en la mexicana Veracruz.<\/p>\n<p>Toda la informaci\u00f3n es t\u00f3xica y si alguien tiene\u00a0 az\u00facar en la sangre le ruego se abstenga de leer\u00a0 este panfleto pues\u00a0 puede darle\u00a0 al instante un coma diab\u00e9tico por lo edulcorado, falso, hagiogr\u00e1fico, melcochoso y pelotillero. De verg\u00fcenza ajena.<\/p>\n<p>En primer lugar porque todas esas rep\u00fablicas se independizaron hartas \u00a0de la Corona espa\u00f1ola en el siglo XIX aprovechando la invasi\u00f3n de Napole\u00f3n y la funesta conducta de la familia real que no estuvo a la altura de aquellos\u00a0 acontecimientos. Las reyertas y traiciones entre el padre Carlos IV y el hijo, Fernando VII son de no creer.<\/p>\n<p>Pero es que adem\u00e1s este se\u00f1or, Felipe VI no tiene papel pol\u00edtico \u00a0alguno en dicha reuni\u00f3n\u00a0 salvo ponerse la guayabera, que le queda muy bien, saludar como un parabrisas y leer el discursito que le han redactado en el Instituto Elcano.<\/p>\n<p>Eso s\u00ed. Ni una palabra\u00a0 sobre las 43 v\u00edctimas del sistema mexicano, ni una palabra\u00a0 sobre las mil injusticias que se vive en aquel continente, ni una palabra sobre los presos pol\u00edticos de Guant\u00e1namo hoy tan de moda, ni una palabra sobre algo que pudiera estropear la digesti\u00f3n de unos presidentes y primeros ministros encantados de haberse conocido y de reunirse para no lograr nada.<\/p>\n<p>Solo as\u00ed se entiende este titular casposo\u00a0 y sobre todo mentiroso hacia una persona que lleva seis meses en campa\u00f1a de imagen.<\/p>\n<p>Sin posible contrarr\u00e9plica.<\/p>\n<p>Monarqu\u00eda bananera.<\/p>\n<!-- AddThis Advanced Settings generic via filter on the_content --><!-- AddThis Share Buttons generic via filter on the_content -->","protected":false},"excerpt":{"rendered":"<p>S\u00e1bado 13 de diciembre de 2014 Esto es lo que dec\u00eda ayer\u00a0 la portada de La Raz\u00f3n a cuenta de la Cumbre Iberoamericana celebrada en la mexicana Veracruz. Toda la informaci\u00f3n es t\u00f3xica y si alguien tiene\u00a0 az\u00facar en la sangre le ruego se abstenga de leer\u00a0 este panfleto pues\u00a0 puede darle\u00a0 al instante un &hellip; <a href=\"https:\/\/blogs.deia.eus\/anasagasti\/2014\/12\/13\/un-rey-reina-en-iberoamerica\/\" class=\"more-link\">Sigue leyendo <span class=\"screen-reader-text\">Un Rey reina en Iberoam\u00e9rica<\/span><\/a><!-- AddThis Advanced Settings generic via filter on get_the_excerpt --><!-- AddThis Share Buttons generic via filter on get_the_excerpt --><\/p>\n","protected":false},"author":19,"featured_media":0,"comment_status":"open","ping_status":"open","sticky":false,"template":"","format":"standard","meta":{"footnotes":""},"categories":[1],"tags":[],"class_list":["post-5801","post","type-post","status-publish","format-standard","hentry","category-general"],"_links":{"self":[{"href":"https:\/\/blogs.deia.eus\/anasagasti\/wp-json\/wp\/v2\/posts\/5801","targetHints":{"allow":["GET"]}}],"collection":[{"href":"https:\/\/blogs.deia.eus\/anasagasti\/wp-json\/wp\/v2\/posts"}],"about":[{"href":"https:\/\/blogs.deia.eus\/anasagasti\/wp-json\/wp\/v2\/types\/post"}],"author":[{"embeddable":true,"href":"https:\/\/blogs.deia.eus\/anasagasti\/wp-json\/wp\/v2\/users\/19"}],"replies":[{"embeddable":true,"href":"https:\/\/blogs.deia.eus\/anasagasti\/wp-json\/wp\/v2\/comments?post=5801"}],"version-history":[{"count":1,"href":"https:\/\/blogs.deia.eus\/anasagasti\/wp-json\/wp\/v2\/posts\/5801\/revisions"}],"predecessor-version":[{"id":5803,"href":"https:\/\/blogs.deia.eus\/anasagasti\/wp-json\/wp\/v2\/posts\/5801\/revisions\/5803"}],"wp:attachment":[{"href":"https:\/\/blogs.deia.eus\/anasagasti\/wp-json\/wp\/v2\/media?parent=5801"}],"wp:term":[{"taxonomy":"category","embeddable":true,"href":"https:\/\/blogs.deia.eus\/anasagasti\/wp-json\/wp\/v2\/categories?post=5801"},{"taxonomy":"post_tag","embeddable":true,"href":"https:\/\/blogs.deia.eus\/anasagasti\/wp-json\/wp\/v2\/tags?post=5801"}],"curies":[{"name":"wp","href":"https:\/\/api.w.org\/{rel}","templated":true}]}}