{"id":5805,"date":"2014-12-15T21:44:54","date_gmt":"2014-12-15T19:44:54","guid":{"rendered":"http:\/\/blogs.deia.com\/anasagasti\/?p=5805"},"modified":"2014-12-15T21:45:00","modified_gmt":"2014-12-15T19:45:00","slug":"la-semana-fue-asi-5","status":"publish","type":"post","link":"https:\/\/blogs.deia.eus\/anasagasti\/2014\/12\/15\/la-semana-fue-asi-5\/","title":{"rendered":"La semana fue as\u00ed"},"content":{"rendered":"<p><strong>Lunes 15 de diciembre de 2014<\/strong><\/p>\n<p>El\u00a0 Congreso aprob\u00f3 la ley\u00a0 de Seguridad Ciudadana\u00a0 con gran bronca ya que fue aprobada por el PP y UPN con toda la oposici\u00f3n en contra y con los diputados de IU con la boca amordazada. En el Senado se aprobaron los presupuestos generales del estado. Y se aprob\u00f3 el Comit\u00e9 que seguir\u00e1 la Ley de Transparencia con gran redoble de tambores ya que se hicieron p\u00fablicos los sueldos de todos los cargos p\u00fablicos y se supo que un gran n\u00famero de secretarios de estado ganan \u00a0m\u00e1s que el presidente del gobierno.<\/p>\n<p>Jaume Matas perdi\u00f3 su tercer grado, al juez Ruz le dejaron continuar tres meses m\u00e1s la instrucci\u00f3n del caso B\u00e1rcenas, el Fiscal Horrach hizo p\u00fablicas sus conclusiones donde ped\u00eda 19 a\u00f1os de c\u00e1rcel para Urdangarin y solicitaba de \u00a0Cristina una multa. Intervine en el programa de Claudio en ETB \u00a0desde Madrid diciendo que el fiscal hab\u00eda actuado como un abogado defensor.<\/p>\n<p>Cenamos con Javier Rojo, ex presidente del senado y hablamos de la consideraci\u00f3n que tiene en la actualidad la pol\u00edtica, del planteamiento federal que hace Pedro S\u00e1nchez y de cosas del pasado. Fue una cena intensa que les agrad\u00f3 a los senadores Cazalis y Mart\u00ednez que no conoc\u00edan muchas de las historias all\u00ed contadas. Y present\u00e9 en la Casa del Libro de Fuencarral mi libro \u201cUna Monarqu\u00eda nada Ejemplar\u201d. Lo hice con Jokin Bildarratz y Josep Maldonado y tuvimos posteriormente un\u00a0 vivo coloquio.<\/p>\n<p>El Grupo Vasco invit\u00f3 a una copa de fin de a\u00f1o en la Casa Vasca a periodistas y pol\u00edticos, fueron de todos los partidos, y tuve ocasi\u00f3n de hablar largamente con el diputado de Uni\u00f3 Josep S\u00e1nchez Libre sobre la situaci\u00f3n catalana. Nosotros como Grupo Vasco en el Senado repartimos como obsequio un vaso chiquitero que tuvo gran \u00e9xito.<\/p>\n<p>Fui a Periodista Digital y tanto la agencia Efe como el Confidencial Digital se hicieron eco de la aparici\u00f3n del libro. Y pusimos en marcha el Intergrupo de Derechos Humanos del Senado. Beatriz Gil nos trajo una delegaci\u00f3n de dos mexicanos de Chiapas, un guatemalteco, un hondure\u00f1o y una espa\u00f1ola que trabaja en T\u00e1nger para hablar fundamentalmente de los ni\u00f1os que han de emigrar y de c\u00f3mo sufren. Fue un relato impresionante. El Intergrupo comienza as\u00ed a dar sus primeros pasos con la presencia de todos los Grupos parlamentarios. Esto nace del viaje a Honduras celebrado en abril de este a\u00f1o.<\/p>\n<p>PRESUPUESTOS GENERALES DEL ESTADO<\/p>\n<p>El PNV ha \u00a0priorizado los sectores m\u00e1s destacados para la ciudadan\u00eda vasca para mejorar los Presupuestos Generales del Estado<\/p>\n<p>El Grupo Parlamentario Vasco en el Senado\u00a0 limit\u00f3 el n\u00famero de enmiendas presentadas al Proyecto de Ley de Presupuestos Generales del Estado dise\u00f1ados por el Partido Popular para 2015, centrando sus esfuerzos en los sectores que ha considerado b\u00e1sicos para la ciudadan\u00eda vasca.<\/p>\n<p>Concretamente fueron \u00a0\u00a027 las enmiendas presentadas por el Grupo Vasco, una de la cuales, la que permitir\u00e1 que las administraciones, entidades y sociedades p\u00fablicas puedan seguir realizando aportaciones a las Entidades de Previsi\u00f3n Social Voluntaria, ha sido la \u00fanica de las 4.078 enmiendas parciales presentadas aceptada a una formaci\u00f3n que no sea del partido del Gobierno espa\u00f1ol. Este logro refleja la disposici\u00f3n que el Partido Nacionalista Vasco ha mostrado para tratar de \u00a0mejorar los presupuestos pese a haber presentado un veto a la totalidad de los mismos la pasada semana.<\/p>\n<p>Entre los \u00e1mbitos m\u00e1s destacados presentes en las enmiendas del Grupo Vasco, se encuentran la defensa de las atribuciones en materia de seguridad que corresponden a la Comunidad Aut\u00f3noma Vasca en base al Estatuto de Gernika, la solicitud de inversiones que permitan acelerar las obras de construcci\u00f3n de la L\u00ednea ferroviaria de Alta Velocidad en Euzkadi que permitan que se ponga en marcha antes de 2020, o la petici\u00f3n para que el aeropuerto de Vitoria-Gasteiz opere las 24 horas del d\u00eda.<\/p>\n<!-- AddThis Advanced Settings generic via filter on the_content --><!-- AddThis Share Buttons generic via filter on the_content -->","protected":false},"excerpt":{"rendered":"<p>Lunes 15 de diciembre de 2014 El\u00a0 Congreso aprob\u00f3 la ley\u00a0 de Seguridad Ciudadana\u00a0 con gran bronca ya que fue aprobada por el PP y UPN con toda la oposici\u00f3n en contra y con los diputados de IU con la boca amordazada. En el Senado se aprobaron los presupuestos generales del estado. Y se aprob\u00f3 &hellip; <a href=\"https:\/\/blogs.deia.eus\/anasagasti\/2014\/12\/15\/la-semana-fue-asi-5\/\" class=\"more-link\">Sigue leyendo <span class=\"screen-reader-text\">La semana fue as\u00ed<\/span><\/a><!-- AddThis Advanced Settings generic via filter on get_the_excerpt --><!-- AddThis Share Buttons generic via filter on get_the_excerpt --><\/p>\n","protected":false},"author":19,"featured_media":0,"comment_status":"open","ping_status":"open","sticky":false,"template":"","format":"standard","meta":{"footnotes":""},"categories":[1],"tags":[],"class_list":["post-5805","post","type-post","status-publish","format-standard","hentry","category-general"],"_links":{"self":[{"href":"https:\/\/blogs.deia.eus\/anasagasti\/wp-json\/wp\/v2\/posts\/5805","targetHints":{"allow":["GET"]}}],"collection":[{"href":"https:\/\/blogs.deia.eus\/anasagasti\/wp-json\/wp\/v2\/posts"}],"about":[{"href":"https:\/\/blogs.deia.eus\/anasagasti\/wp-json\/wp\/v2\/types\/post"}],"author":[{"embeddable":true,"href":"https:\/\/blogs.deia.eus\/anasagasti\/wp-json\/wp\/v2\/users\/19"}],"replies":[{"embeddable":true,"href":"https:\/\/blogs.deia.eus\/anasagasti\/wp-json\/wp\/v2\/comments?post=5805"}],"version-history":[{"count":1,"href":"https:\/\/blogs.deia.eus\/anasagasti\/wp-json\/wp\/v2\/posts\/5805\/revisions"}],"predecessor-version":[{"id":5807,"href":"https:\/\/blogs.deia.eus\/anasagasti\/wp-json\/wp\/v2\/posts\/5805\/revisions\/5807"}],"wp:attachment":[{"href":"https:\/\/blogs.deia.eus\/anasagasti\/wp-json\/wp\/v2\/media?parent=5805"}],"wp:term":[{"taxonomy":"category","embeddable":true,"href":"https:\/\/blogs.deia.eus\/anasagasti\/wp-json\/wp\/v2\/categories?post=5805"},{"taxonomy":"post_tag","embeddable":true,"href":"https:\/\/blogs.deia.eus\/anasagasti\/wp-json\/wp\/v2\/tags?post=5805"}],"curies":[{"name":"wp","href":"https:\/\/api.w.org\/{rel}","templated":true}]}}