{"id":5808,"date":"2014-12-16T22:04:22","date_gmt":"2014-12-16T20:04:22","guid":{"rendered":"http:\/\/blogs.deia.com\/anasagasti\/?p=5808"},"modified":"2014-12-16T22:04:22","modified_gmt":"2014-12-16T20:04:22","slug":"al-ruiz-de-olabuenaga-que-conoci","status":"publish","type":"post","link":"https:\/\/blogs.deia.eus\/anasagasti\/2014\/12\/16\/al-ruiz-de-olabuenaga-que-conoci\/","title":{"rendered":"Al Ruiz de Olabuenaga que conoc\u00ed"},"content":{"rendered":"<p><strong><strong>Martes 16 de diciembre de 2014<\/strong><\/strong><\/p>\n<p><a href=\"http:\/\/blogs.deia.com\/anasagasti\/files\/2014\/12\/Olabuenaga.png\"><img loading=\"lazy\" decoding=\"async\" class=\"alignleft size-full wp-image-5809\" src=\"http:\/\/blogs.deia.com\/anasagasti\/files\/2014\/12\/Olabuenaga.png\" alt=\"Olabuenaga\" width=\"225\" height=\"225\" srcset=\"https:\/\/blogs.deia.eus\/anasagasti\/files\/2014\/12\/Olabuenaga.png 225w, https:\/\/blogs.deia.eus\/anasagasti\/files\/2014\/12\/Olabuenaga-150x150.png 150w\" sizes=\"auto, (max-width: 225px) 100vw, 225px\" \/><\/a>No voy a repetir el curriculum de Jos\u00e9 Ignacio Ruiz Olabuenaga sobre su vertiente profesional\u00a0 y acad\u00e9mica como soci\u00f3logo, ni sus premios, que fueron muchos. Me voy a centrar en otra parte de su desconocida personalidad.<\/p>\n<p>Las elecciones para el primer Parlamento Vasco se convocaron para marzo de 1980.El estatuto de Autonom\u00eda de Gernika se hab\u00eda aprobado por refer\u00e9ndum el 25 de octubre de 1979.El Lehendakari Leizaola hab\u00eda vuelto del exilio en diciembre de ese a\u00f1o.<\/p>\n<p>Ten\u00edamos como candidato a Carlos Garaikoetxea. Bueno, era quien encabezaba la lista de Araba, pero no hab\u00eda experiencia de que una campa\u00f1a deb\u00eda pivotar sobre solo una persona. Y me tocaba dirigir aquella campa\u00f1a. Lo primero que hice fue pedir permiso al EBB para centrar la campa\u00f1a en Garaikoetxea. Me lo dieron. La agencia Danis as\u00ed lo solicitaba. Garaikoetxea reun\u00eda todas las condiciones\u00a0 para ser\u00a0un buen candidato. Navarro, joven, euskaldunberri, promotor de ikastolas, buena presencia y sobre todo el bagaje de su paso por el Consejo General Vasco y la negociaci\u00f3n estatutaria, de t\u00fa a t\u00fa, con Adolfo Suarez. Y era muy conocido.<\/p>\n<p>Al lehendakari Leizaola lo incluimos en la candidatura de Bizkaia, encabez\u00e1ndola. Era la legitimidad hist\u00f3rica. Y estaban tambi\u00e9n los Diputados Generales, que en esa \u00e9poca eran Makua, Gevara, y Xabier Aizarna. E hicimos buenas listas que Alberto Schomer fotografi\u00f3 en el Hotel Villa de Bilbao. Nuestro slogan fue una adaptaci\u00f3n de una portada de la revista Euzkadi.\u00bbTodo un Gobierno para todo un Pueblo\u00bb<\/p>\n<p>Pero ten\u00edamos muchos frentes. Uno de ellos era el que la espa\u00f1olidad militante\u00a0 dec\u00eda\u00a0 y asustaba que si votaban al PNV, les \u00edbamos a poner con sus maletas en Ordu\u00f1a. Y el tema no era menor. Era una constante. Y ah\u00ed entr\u00f3 Ruiz Olabuenaga con sus encuestas y su apuesta por desmontar esa falacia. El joven Koldo Mediavilla fue el encargado de hacer una revista visitando a las Casa Regionales y con entrevistas varias.<\/p>\n<p>Tambi\u00e9n nos dijo que ten\u00edamos que hacer una campa\u00f1a alegre, combativa y dirigida a las madres y a los ni\u00f1os. Y de ah\u00ed naci\u00f3 un tobog\u00e1n ballena que iba de pueblo en pueblo repartiendo caramelos, globos y piruletas y que con su m\u00fasica y megafon\u00eda alegraba por la ma\u00f1ana, por la tarde y por la noche a todos los pueblos mientras organiz\u00e1bamos mini m\u00edtines. Y muchas m\u00e1s cosas que el plasm\u00f3 en un libro que no se edit\u00f3.<\/p>\n<p>Ah\u00ed conoc\u00ed a Olabuenaga. Imaginativo, ocurrente, ruidoso, rompedor y simp\u00e1tico. Un buen tipo que nos acaba\u00a0 de dejar.<\/p>\n<p>Escribi\u00f3 mucho en Deia, y analiz\u00f3 muchas situaciones. Estuvo en el primer plan de expertos sobre la violencia con el Lehendakari Ardanza y ejerci\u00f3 autoridad en las ciencias sociales.<\/p>\n<p>&nbsp;<\/p>\n<!-- AddThis Advanced Settings generic via filter on the_content --><!-- AddThis Share Buttons generic via filter on the_content -->","protected":false},"excerpt":{"rendered":"<p>Martes 16 de diciembre de 2014 No voy a repetir el curriculum de Jos\u00e9 Ignacio Ruiz Olabuenaga sobre su vertiente profesional\u00a0 y acad\u00e9mica como soci\u00f3logo, ni sus premios, que fueron muchos. Me voy a centrar en otra parte de su desconocida personalidad. Las elecciones para el primer Parlamento Vasco se convocaron para marzo de 1980.El &hellip; <a href=\"https:\/\/blogs.deia.eus\/anasagasti\/2014\/12\/16\/al-ruiz-de-olabuenaga-que-conoci\/\" class=\"more-link\">Sigue leyendo <span class=\"screen-reader-text\">Al Ruiz de Olabuenaga que conoc\u00ed<\/span><\/a><!-- AddThis Advanced Settings generic via filter on get_the_excerpt --><!-- AddThis Share Buttons generic via filter on get_the_excerpt --><\/p>\n","protected":false},"author":19,"featured_media":0,"comment_status":"open","ping_status":"open","sticky":false,"template":"","format":"standard","meta":{"footnotes":""},"categories":[1],"tags":[],"class_list":["post-5808","post","type-post","status-publish","format-standard","hentry","category-general"],"_links":{"self":[{"href":"https:\/\/blogs.deia.eus\/anasagasti\/wp-json\/wp\/v2\/posts\/5808","targetHints":{"allow":["GET"]}}],"collection":[{"href":"https:\/\/blogs.deia.eus\/anasagasti\/wp-json\/wp\/v2\/posts"}],"about":[{"href":"https:\/\/blogs.deia.eus\/anasagasti\/wp-json\/wp\/v2\/types\/post"}],"author":[{"embeddable":true,"href":"https:\/\/blogs.deia.eus\/anasagasti\/wp-json\/wp\/v2\/users\/19"}],"replies":[{"embeddable":true,"href":"https:\/\/blogs.deia.eus\/anasagasti\/wp-json\/wp\/v2\/comments?post=5808"}],"version-history":[{"count":1,"href":"https:\/\/blogs.deia.eus\/anasagasti\/wp-json\/wp\/v2\/posts\/5808\/revisions"}],"predecessor-version":[{"id":5810,"href":"https:\/\/blogs.deia.eus\/anasagasti\/wp-json\/wp\/v2\/posts\/5808\/revisions\/5810"}],"wp:attachment":[{"href":"https:\/\/blogs.deia.eus\/anasagasti\/wp-json\/wp\/v2\/media?parent=5808"}],"wp:term":[{"taxonomy":"category","embeddable":true,"href":"https:\/\/blogs.deia.eus\/anasagasti\/wp-json\/wp\/v2\/categories?post=5808"},{"taxonomy":"post_tag","embeddable":true,"href":"https:\/\/blogs.deia.eus\/anasagasti\/wp-json\/wp\/v2\/tags?post=5808"}],"curies":[{"name":"wp","href":"https:\/\/api.w.org\/{rel}","templated":true}]}}