{"id":5812,"date":"2014-12-17T22:30:39","date_gmt":"2014-12-17T20:30:39","guid":{"rendered":"http:\/\/blogs.deia.com\/anasagasti\/?p=5812"},"modified":"2014-12-17T22:30:39","modified_gmt":"2014-12-17T20:30:39","slug":"la-lamentable-noche-de-entrega-de-premios-de-la-asociacion-de-periodistas-parlamentarios","status":"publish","type":"post","link":"https:\/\/blogs.deia.eus\/anasagasti\/2014\/12\/17\/la-lamentable-noche-de-entrega-de-premios-de-la-asociacion-de-periodistas-parlamentarios\/","title":{"rendered":"La lamentable noche de entrega de premios de la Asociaci\u00f3n de Periodistas Parlamentarios"},"content":{"rendered":"<p><strong><strong>Mi\u00e9rcoles 17 de noviembre de 2014<\/strong><\/strong><\/p>\n<p><a href=\"http:\/\/blogs.deia.com\/anasagasti\/files\/2014\/12\/Premios-APP-2014_peque\u00f1a.jpg\"><img loading=\"lazy\" decoding=\"async\" class=\"alignleft size-full wp-image-5813\" src=\"http:\/\/blogs.deia.com\/anasagasti\/files\/2014\/12\/Premios-APP-2014_peque\u00f1a.jpg\" alt=\"Premios-APP-2014_peque\u00f1a\" width=\"450\" height=\"299\" \/><br \/>\n<\/a><\/p>\n<p>&nbsp;<\/p>\n<p>&nbsp;<\/p>\n<p>&nbsp;<\/p>\n<p>&nbsp;<\/p>\n<p>&nbsp;<\/p>\n<p>Viene de lejos. Existe una Asociaci\u00f3n de Periodistas Parlamentarios que anualmente menosprecian al Senado en sus premios que se entregan anualmente en una cena que se organiza en el hotel Palace. Quiz\u00e1s lo hacen por desprecio a la bicameralidad, porque creen que la noticia est\u00e1 donde se encuentran ellos, porque les es m\u00e1s c\u00f3modo no trabajar sobre lo que pasa en otra C\u00e1mara \u00a0o por mala entra\u00f1a. El caso es que esto viene ocurriendo desde hace \u00a0muchos a\u00f1os. E indigna.<\/p>\n<p>Cuando estuve en la Mesa del Senado mantuvimos varias reuniones con la directiva\u00a0 de \u00a0esta APP. No sirvi\u00f3 de nada. Y entonces decidimos rescatar los premios Carandell. En lugar de ser los periodistas quienes premiaban a los pol\u00edticos, eran los pol\u00edticos quienes\u00a0 deb\u00edan premiar \u00a0a los periodistas. Y seguramente nos hemos equivocado ya que uno de los premios fue para Carmen del Riego (ex presidenta de la APP) \u00a0y otro para la actual presidenta Anabel Diez. Recibir el premio y el cheque, eso si, tratar objetivamente el trabajo de senadores\u00a0 en una c\u00e1mara con la misma capacidad de control que el Congreso, no.<\/p>\n<p>Para colmo las invitaciones se hacen con el frontispicio columnado del congreso y la entrega del premio, que antes era un le\u00f3n, es ahora ese frontispicio con el nombre de Congreso de los Diputados puesto de manera ostensible. No se guardan ni las m\u00ednimas formas. Como no se guardan en los videos ni en los parlamentos. El Senado, para ellos, solo ha sido noticia por el ex senador Monago.<\/p>\n<p>No me extra\u00f1a pues que el trabajo de 266 seres humanos no se pueda valorar pues con semejantes medios de comunicaci\u00f3n tan poco profesionales. Lo m\u00ednimo que puede decir un ciudadano normal de la calle es que cierren esa casa. L\u00f3gico.<\/p>\n<p>El esperpento fue cuando le dieron el premio a Toni Cant\u00f3 (Parlamentario 2.0), este actor (su numerito fue de un mal gusto casposo), el mismo que tuite\u00f3 diciendo que las mujeres se quejan de vicio en relaci\u00f3n con el maltrato dom\u00e9stico no debi\u00f3 recibir nunca ese premio. Y dijo que aspiraba a ser presidente de la Comunidad Valenciana. Espero que la buena gente de Valencia no cometa semejante disparate.<\/p>\n<p>Tuvo el mal gusto, en un acto aparentemente informal, de agredir gratuitamente a Dur\u00e1n Lleida que fue defendido por Josep Sanchez Libre.<\/p>\n<p>Los premios a los senadores fueron de traca. Nadie en esta C\u00e1mara, si se le pregunta sobre quien es el senador\u00a0 del a\u00f1o dejar\u00eda de decir que Jes\u00fas Iglesias de IU, un se\u00f1or trabajador como no he visto a nadie igual, pero en estas elecciones priman los cupos, las jefaturas de prensa, y los apa\u00f1os, en resumen, la Casta period\u00edstica. Premio que nada tienen que ver con la impura realidad.<\/p>\n<p>Estuvo bien en su despedida P\u00e9rez Rubalcaba. Sonaba a final hasta f\u00edsico el decir \u00abya no me volver\u00e9is a ver\u00bb. Y estuvo bien y elegante Cayo Lara que aludi\u00f3 a Llamazares, cosa que \u00e9ste no hizo, anunciando\u00a0 Llamazares su pase al Parlamento asturiano.<\/p>\n<p>La Vicepresidenta Soraya S\u00e1enz de Santamaria recibi\u00f3 dos premios, sabiendo los periodistas que no iba a acudir, pero como hab\u00eda que animar el cotarro se los dieron, cuesti\u00f3n \u00e9sta muy rara.<\/p>\n<p>Este mi\u00e9rcoles, al comenzar a intervenir en el pleno del Senado \u00a0y tomar postura ante dos mociones industriales, he aprovechado para felicitarle al presidente Pio Garc\u00eda Escudero por haber tenido el buen gusto de no haber ido a la cena de la v\u00edspera. Hace a\u00f1os que no lo hace, porque sabe que dichos premios son un montaje de gente poco respetuosa con el funcionamiento de las Instituciones \u00a0y a\u00a0 las pruebas me remito.<\/p>\n<p>Nosotros\u00a0 fuimos pues ten\u00edamos a dos diputados \u00a0nominados, que por cierto no fueron premiados, muy injustamente.<\/p>\n<p>En definitiva, que esta gala es prescindible, que est\u00e1 muy mal concebida, que insulta a gentes que se desloman en su trabajo y que, bromas las justas en temas serios. Y, para colmo, loas al nuevo rey, impropias de una clase\u00a0 genuflexa, que jam\u00e1s ha dicho nada ante la corrupci\u00f3n borb\u00f3nica.<\/p>\n<p>Todo muy lamentable y muy de casta period\u00edstica. Y as\u00ed nos va.<\/p>\n<!-- AddThis Advanced Settings generic via filter on the_content --><!-- AddThis Share Buttons generic via filter on the_content -->","protected":false},"excerpt":{"rendered":"<p>Mi\u00e9rcoles 17 de noviembre de 2014 &nbsp; &nbsp; &nbsp; &nbsp; &nbsp; Viene de lejos. Existe una Asociaci\u00f3n de Periodistas Parlamentarios que anualmente menosprecian al Senado en sus premios que se entregan anualmente en una cena que se organiza en el hotel Palace. Quiz\u00e1s lo hacen por desprecio a la bicameralidad, porque creen que la noticia &hellip; <a href=\"https:\/\/blogs.deia.eus\/anasagasti\/2014\/12\/17\/la-lamentable-noche-de-entrega-de-premios-de-la-asociacion-de-periodistas-parlamentarios\/\" class=\"more-link\">Sigue leyendo <span class=\"screen-reader-text\">La lamentable noche de entrega de premios de la Asociaci\u00f3n de Periodistas Parlamentarios<\/span><\/a><!-- AddThis Advanced Settings generic via filter on get_the_excerpt --><!-- AddThis Share Buttons generic via filter on get_the_excerpt --><\/p>\n","protected":false},"author":19,"featured_media":0,"comment_status":"open","ping_status":"open","sticky":false,"template":"","format":"standard","meta":{"footnotes":""},"categories":[1],"tags":[],"class_list":["post-5812","post","type-post","status-publish","format-standard","hentry","category-general"],"_links":{"self":[{"href":"https:\/\/blogs.deia.eus\/anasagasti\/wp-json\/wp\/v2\/posts\/5812","targetHints":{"allow":["GET"]}}],"collection":[{"href":"https:\/\/blogs.deia.eus\/anasagasti\/wp-json\/wp\/v2\/posts"}],"about":[{"href":"https:\/\/blogs.deia.eus\/anasagasti\/wp-json\/wp\/v2\/types\/post"}],"author":[{"embeddable":true,"href":"https:\/\/blogs.deia.eus\/anasagasti\/wp-json\/wp\/v2\/users\/19"}],"replies":[{"embeddable":true,"href":"https:\/\/blogs.deia.eus\/anasagasti\/wp-json\/wp\/v2\/comments?post=5812"}],"version-history":[{"count":4,"href":"https:\/\/blogs.deia.eus\/anasagasti\/wp-json\/wp\/v2\/posts\/5812\/revisions"}],"predecessor-version":[{"id":5817,"href":"https:\/\/blogs.deia.eus\/anasagasti\/wp-json\/wp\/v2\/posts\/5812\/revisions\/5817"}],"wp:attachment":[{"href":"https:\/\/blogs.deia.eus\/anasagasti\/wp-json\/wp\/v2\/media?parent=5812"}],"wp:term":[{"taxonomy":"category","embeddable":true,"href":"https:\/\/blogs.deia.eus\/anasagasti\/wp-json\/wp\/v2\/categories?post=5812"},{"taxonomy":"post_tag","embeddable":true,"href":"https:\/\/blogs.deia.eus\/anasagasti\/wp-json\/wp\/v2\/tags?post=5812"}],"curies":[{"name":"wp","href":"https:\/\/api.w.org\/{rel}","templated":true}]}}