{"id":6043,"date":"2015-02-05T21:21:27","date_gmt":"2015-02-05T19:21:27","guid":{"rendered":"http:\/\/blogs.deia.com\/anasagasti\/?p=6043"},"modified":"2015-02-05T21:21:27","modified_gmt":"2015-02-05T19:21:27","slug":"desayuno-con-el-ministro-principal-de-gibraltar","status":"publish","type":"post","link":"https:\/\/blogs.deia.eus\/anasagasti\/2015\/02\/05\/desayuno-con-el-ministro-principal-de-gibraltar\/","title":{"rendered":"Desayuno con el Ministro Principal de Gibraltar"},"content":{"rendered":"<p><strong>Jueves 5 de febrero de 2015<\/strong><\/p>\n<p><a href=\"http:\/\/blogs.deia.com\/anasagasti\/files\/2015\/02\/161.15.jpeg\"><img loading=\"lazy\" decoding=\"async\" class=\"alignleft size-large wp-image-6045\" src=\"http:\/\/blogs.deia.com\/anasagasti\/files\/2015\/02\/161.15-940x642.jpeg\" alt=\"161.15\" width=\"580\" height=\"396\" srcset=\"https:\/\/blogs.deia.eus\/anasagasti\/files\/2015\/02\/161.15-940x642.jpeg 940w, https:\/\/blogs.deia.eus\/anasagasti\/files\/2015\/02\/161.15-580x396.jpeg 580w, https:\/\/blogs.deia.eus\/anasagasti\/files\/2015\/02\/161.15.jpeg 1280w\" sizes=\"auto, (max-width: 580px) 100vw, 580px\" \/><\/a>El pasado martes en el hotel Palace tuvo lugar el desayuno de trabajo, Fabi\u00e1n Picardo,\u00a0que el ministro de Asuntos Exteriores espa\u00f1ol Jos\u00e9 Manuel Garc\u00eda Margallo hab\u00eda logrado\u00a0 suprimir y aplazar con sus presiones impidiendo que lo organizara el F\u00f3rum Europa. Su trasnochado nacionalismo espa\u00f1ol hab\u00eda logrado\u00a0 que\u00a0 hace dos veranos\u00a0 las colas volvieran al \u00fanico lugar de Europa donde hay colas. La \u201ccrisis de los bloques\u201d que parec\u00eda el desider\u00e1tum se esfum\u00f3 cuando pas\u00f3 el verano.<\/p>\n<p>Previo a este desayuno se le hab\u00eda llenado la boca de hidalgo espa\u00f1ol con esta redonda frase que no la hubiera mejorado Francisco Franco que dec\u00eda aquello que Espa\u00f1a limita al sur con una verg\u00fcenza. Dijo Margallo: \u00abNo concibo que un ministro de Exteriores\u00a0 espa\u00f1ol est\u00e9 en el Pe\u00f1\u00f3n de Gibraltar. Yo no he estado ni siendo estudiante y no estar\u00e9 mientras no haya una bandera espa\u00f1ola\u00bb.<\/p>\n<p>Pues lo tiene claro. Picardo, el ministro principal en este desayuno contest\u00f3 a una pregunta sobre si \u00e9l hab\u00eda dicho que antes se helar\u00e1 el infierno que Gibraltar sea espa\u00f1ol. \u00abNo, no es m\u00eda la frase, pero es verdad\u00bb.<\/p>\n<p>Tambi\u00e9n le preguntaron en el coloquio el por qu\u00e9\u00a0 Gibraltar no es una Comunidad Aut\u00f3noma m\u00e1s de Espa\u00f1a. \u00abPor la misma raz\u00f3n que Ceuta y Melilla no lo son de Marruecos\u00bb\u00a0 contest\u00f3.<\/p>\n<p>A su desayuno acudimos representantes del PSOE\u00a0 como Meritxell Batet, Diego L\u00f3pez Garrido, Rafael Rom\u00e1n, Carmen Romero, Carracao, V\u00edctor Terradellas, Joan Tard\u00e1, Yon I\u00f1arritu, Irazabalbeitia, Pedro Azpiazu, Emilio Olabarria y quien esto escribe. \u00abSocialistas y separatistas\u00bb dec\u00eda un peri\u00f3dico de la derecha espa\u00f1ola, pero ignoraba que la sala estaba llena de periodistas, diplom\u00e1ticos, empresarios y gentes no sectarias\u00a0 como Margallo.<\/p>\n<p>Fabian Picardo, socialista, estuvo muy bien. Es un tipo listo de verbo f\u00e1cil y s\u00f3lidos argumentos que defiende con datos y sin pasarse. Estuvo comedido, no se ingiri\u00f3 en asuntos internos espa\u00f1oles a pesar de la insistencia en que opinara sobre Podemos y sobre Susana D\u00edaz. El lo que quiere es que se vuelva a reunir el Foro Trilateral y se da cuenta que en un a\u00f1o van a cambiar\u00a0 mucho las cosas\u00a0 y, sobre todo, la situaci\u00f3n pol\u00edtica espa\u00f1ola. Sabe, como dijo, que la canci\u00f3n de Bob Dylan se\u00a0 entonar\u00e1\u00a0 en breve, aquella\u00a0 que dec\u00eda\u00a0 que \u00ablos tiempos est\u00e1n cambiando\u00bb y record\u00f3 que Gibraltar da trabajo a unos diez mil espa\u00f1oles que est\u00e1n encantados con la existencia de un\u00a0 Pe\u00f1\u00f3n independiente siendo una de las empresas m\u00e1s grandes de Andaluc\u00eda.<\/p>\n<p>Al salir le saludamos y me dijo que me hab\u00eda invitado a visitar Gibraltar y que lee este blog. Estuvo muy amable.<\/p>\n<p>He aqu\u00ed un resumen de lo que dijo:<\/p>\n<p><strong>Llamamiento al di\u00e1logo<\/strong><\/p>\n<p>Presentado por Sim\u00f3n Manley, el embajador del Reino Unido en Espa\u00f1a, Fabi\u00e1n Picardo realiz\u00f3 en su discurso un llamamiento al di\u00e1logo y la cooperaci\u00f3n entre territorios amigos pese a estar inmersos en un contexto pol\u00edtico en el que \u201cla interlocuci\u00f3n pol\u00edtica directa ha quedado rota entre el Gobierno de Espa\u00f1a y el de Gibraltar\u201d a ra\u00edz de la pol\u00edtica exterior impulsada por el Ejecutivo de Mariano Rajoy.<\/p>\n<p><strong>Empresarios, pol\u00edticos y periodistas<\/strong><\/p>\n<p>Frente a esta pol\u00edtica de \u201ctitulares agresivos\u201d y \u201cfalta de voluntad de di\u00e1logo\u201d por parte de Espa\u00f1a, Picardo ha expuesto de forma sosegada y con argumentos su visi\u00f3n sobre un conflicto que est\u00e1 causando graves perjuicios a los trabajadores andaluces y gibraltare\u00f1os. Lo ha hecho en un foro al que han acudido importantes representantes del mundo empresarial, de la pol\u00edtica y de los medios de comunicaci\u00f3n.<\/p>\n<p><strong>Gibraltar no es el problema<\/strong><\/p>\n<p>Picardo ha reiterado las enormes oportunidades que Gibraltar puede ofrecer a poblaciones andaluzas donde lamentablemente, el drama del desempleo marca la rutina diaria. Lo ha hecho ofreciendo toda una retah\u00edla de datos para evidenciar que Gibraltar no crea el problema del desempleo en la zona, sino que lo alivia.<\/p>\n<p><strong>187 millones de libras<\/strong><\/p>\n<p>Como ejemplo, el ministro principal ha expuesto que el PIB de su pa\u00eds creci\u00f3 por encima del 10% en el \u00faltimo a\u00f1o, creando \u201cun 18% m\u00e1s de empleo transfronterizo\u201d. As\u00ed, si en 2007 los trabajadores espa\u00f1oles en El Pe\u00f1\u00f3n ganaron 127 millones de libras, en 2013, durante la crisis, esta cifra alcanz\u00f3 los 187 millones de libras.<\/p>\n<p><strong>Motor econ\u00f3mico en la zona<\/strong><\/p>\n<p>Con una tasa de desempleo de tan s\u00f3lo 220 personas, Picardo ha subrayado que \u201cla econom\u00eda de Gibraltar representa una cuarta parte del PIB del Campo de Gibraltar\u201d. Y es que si en 2007, uno de cada seis puestos de trabajo de la zona ya se creaban en El Pe\u00f1\u00f3n, esta cifra es a\u00fan mayor al haber aumentado desde entonces en un 18% la suma de trabajadores transfronterizos que asume el pa\u00eds vecino.<\/p>\n<p><strong>Creador de empleo<\/strong><\/p>\n<p>\u201cEn la actualidad, Gibraltar da empleo a 10.000 personas de Espa\u00f1a. Ser\u00edamos una de las empresas m\u00e1s grandes de Andaluc\u00eda y podr\u00edamos conseguir a\u00fan m\u00e1s\u201d, ha insistido Picardo demostrando su compromiso ante el desempleo que padecen poblaciones andaluzas como La L\u00ednea o Algeciras.<\/p>\n<p><strong>Llamamiento a la \u201cconvivencia civilizada\u201d<\/strong><\/p>\n<p>En su opini\u00f3n -una vez demostrado que Gibraltar \u201cno es enemigo al comercio en la zona\u201d-, esta situaci\u00f3n de \u201coportunidad\u201d requiere un esfuerzo por parte de todas las partes. \u201cEl futuro hay que gan\u00e1rselo.\u00a0 Debemos trazar las l\u00edneas de un futuro de convivencia civilizada\u201d, ha afirmado Picardo tras lamentar de nuevo que en la actualidad \u201ctodos los puentes de comunicaci\u00f3n directa entre ambos pa\u00edses est\u00e9n cortados\u201d.<\/p>\n<p><strong>\u201cCooperaci\u00f3n entre territorios vecinos\u201d<\/strong><\/p>\n<p>\u201cNo s\u00e9 que gana un gran pa\u00eds como Espa\u00f1a manteniendo esta actitud\u201d, ha reiterado convencido de que \u201cen un mundo globalizado tienen que haber cooperaci\u00f3n entre territorios vecinos\u201d. Respecto a Gibraltar, el ministro principal ha sido tajante en este sentido: \u201cNuestro pueblo tiene la obligaci\u00f3n y adem\u00e1s est\u00e1 dispuesto a cooperar con Espa\u00f1a y con la Uni\u00f3n Europea\u201d.\u00a0 Una cooperaci\u00f3n que es clave en materia fiscal, pero que en su opini\u00f3n, tambi\u00e9n es muy necesaria en otras materias como \u201cpol\u00edtica antiterrorista o desarrollo econ\u00f3mico\u201d.<\/p>\n<p><strong>Cumpliendo con los acuerdos<\/strong><\/p>\n<p>\u201cNosotros seguimos cooperando y cumpliendo con los acuerdos adoptados en el Foro Tripartito. Pero el Gobierno espa\u00f1ol sigue incumpliendo los acuerdos como excluir los acuerdos con el aeropuerto de Gibraltar\u201d, ha expuesto contrariado ante el hecho de que \u201cEspa\u00f1a se niegue a aplicar la ley comunitaria respecto al aeropuerto de Gibraltar\u201d.<\/p>\n<p><strong>\u201cNo somos un para\u00edso fiscal\u201d<\/strong><\/p>\n<p>\u201cGibraltar no es un para\u00edso fiscal opaco aunque nos siguen acusando de serlo. Nuestro pa\u00eds cumple con la normativa europea\u201d, ha se\u00f1alado con el objetivo de resaltar que \u201clos llanitos siempre buscamos no ser desleales con nuestros vecinos\u201d. Por ello, ha vuelto a expresar su malestar ante las largas colas a las que tienen que hacer frente los cerca de 10.000 trabajadores andaluces que acuden a diario a trabajar al Pe\u00f1\u00f3n<\/p>\n<p><strong>Las colas en El Pe\u00f1\u00f3n<\/strong><\/p>\n<p>En su opini\u00f3n, \u201clas colas para entrar y salir del Pe\u00f1\u00f3n, cuando arbitrariamente as\u00ed se establece, son inhumanas. Tienen una motivaci\u00f3n pol\u00edtica y no fiscal o aduanera. Causan un sufrimiento inhumano\u201d, ha insistido sobre estas \u201cfronteras sin coraz\u00f3n\u201d, que suponen un obst\u00e1culo al desarrollo econ\u00f3mico de la zona y suponen un grave perjuicio a los trabajadores andaluces.<\/p>\n<p><strong>Foro tripartito<\/strong><\/p>\n<p>Por todo ello, Fabi\u00e1n Picardo se ha mostrado partidario de retomar el di\u00e1logo con Espa\u00f1a a trav\u00e9s del Foro Tripartito, avanzando en el \u201ccumplimiento de la legalidad\u201d, \u201cbuscando la creaci\u00f3n de m\u00e1s empleo\u201d e intentando \u201cmejorar la vida de nuestros ciudadanos\u201d. Se trata, en definitiva, de adoptar una \u201cactitud moderna y progresista\u201d consciente de que \u201cde espaldas unos a otros no vamos a conseguir absolutamente nada\u201d.<\/p>\n<p><strong>Gibraltar es mucho m\u00e1s<\/strong><\/p>\n<p>Por \u00faltimo, Picardo ha solicitado a todos los que quieran a acudir a Gibraltar para que descubran que \u201ces mucho m\u00e1s que ese pe\u00f1\u00f3n ic\u00f3nico y ese titular desagradable de esas ma\u00f1anas de verano donde no hay otras noticias\u201d.<\/p>\n<p>&nbsp;<\/p>\n<p>&nbsp;<\/p>\n<p>&nbsp;<\/p>\n<p>&nbsp;<\/p>\n<p>&nbsp;<\/p>\n<!-- AddThis Advanced Settings generic via filter on the_content --><!-- AddThis Share Buttons generic via filter on the_content -->","protected":false},"excerpt":{"rendered":"<p>Jueves 5 de febrero de 2015 El pasado martes en el hotel Palace tuvo lugar el desayuno de trabajo, Fabi\u00e1n Picardo,\u00a0que el ministro de Asuntos Exteriores espa\u00f1ol Jos\u00e9 Manuel Garc\u00eda Margallo hab\u00eda logrado\u00a0 suprimir y aplazar con sus presiones impidiendo que lo organizara el F\u00f3rum Europa. Su trasnochado nacionalismo espa\u00f1ol hab\u00eda logrado\u00a0 que\u00a0 hace dos &hellip; <a href=\"https:\/\/blogs.deia.eus\/anasagasti\/2015\/02\/05\/desayuno-con-el-ministro-principal-de-gibraltar\/\" class=\"more-link\">Sigue leyendo <span class=\"screen-reader-text\">Desayuno con el Ministro Principal de Gibraltar<\/span><\/a><!-- AddThis Advanced Settings generic via filter on get_the_excerpt --><!-- AddThis Share Buttons generic via filter on get_the_excerpt --><\/p>\n","protected":false},"author":19,"featured_media":0,"comment_status":"open","ping_status":"open","sticky":false,"template":"","format":"standard","meta":{"footnotes":""},"categories":[1],"tags":[],"class_list":["post-6043","post","type-post","status-publish","format-standard","hentry","category-general"],"_links":{"self":[{"href":"https:\/\/blogs.deia.eus\/anasagasti\/wp-json\/wp\/v2\/posts\/6043","targetHints":{"allow":["GET"]}}],"collection":[{"href":"https:\/\/blogs.deia.eus\/anasagasti\/wp-json\/wp\/v2\/posts"}],"about":[{"href":"https:\/\/blogs.deia.eus\/anasagasti\/wp-json\/wp\/v2\/types\/post"}],"author":[{"embeddable":true,"href":"https:\/\/blogs.deia.eus\/anasagasti\/wp-json\/wp\/v2\/users\/19"}],"replies":[{"embeddable":true,"href":"https:\/\/blogs.deia.eus\/anasagasti\/wp-json\/wp\/v2\/comments?post=6043"}],"version-history":[{"count":1,"href":"https:\/\/blogs.deia.eus\/anasagasti\/wp-json\/wp\/v2\/posts\/6043\/revisions"}],"predecessor-version":[{"id":6046,"href":"https:\/\/blogs.deia.eus\/anasagasti\/wp-json\/wp\/v2\/posts\/6043\/revisions\/6046"}],"wp:attachment":[{"href":"https:\/\/blogs.deia.eus\/anasagasti\/wp-json\/wp\/v2\/media?parent=6043"}],"wp:term":[{"taxonomy":"category","embeddable":true,"href":"https:\/\/blogs.deia.eus\/anasagasti\/wp-json\/wp\/v2\/categories?post=6043"},{"taxonomy":"post_tag","embeddable":true,"href":"https:\/\/blogs.deia.eus\/anasagasti\/wp-json\/wp\/v2\/tags?post=6043"}],"curies":[{"name":"wp","href":"https:\/\/api.w.org\/{rel}","templated":true}]}}