{"id":6050,"date":"2015-02-08T22:07:35","date_gmt":"2015-02-08T20:07:35","guid":{"rendered":"http:\/\/blogs.deia.com\/anasagasti\/?p=6050"},"modified":"2015-02-08T22:07:35","modified_gmt":"2015-02-08T20:07:35","slug":"unai-nos-dio-sus-coordenadas","status":"publish","type":"post","link":"https:\/\/blogs.deia.eus\/anasagasti\/2015\/02\/08\/unai-nos-dio-sus-coordenadas\/","title":{"rendered":"Unai nos dio sus coordenadas"},"content":{"rendered":"<p><strong>Lunes 9 de febrero de 2015<\/strong><\/p>\n<p>La Fundaci\u00f3n Sabino Arana organiz\u00f3 el pasado viernes 6 de febrero una jornada sobre \u00abBuenas Pr\u00e1cticas y Horizonte de Futuro\u00bb. Y all\u00ed fui. Era un d\u00eda fr\u00edo, lluvioso y desapacible, pero a pesar de la naturaleza, la sala estaba llena hasta los topes. En la Mesa y como primer punto para hablar de \u00abMemoria para la Dignidad\u00bb estaba Lurdes, en sustituci\u00f3n de Pako Etxeberria, presidente de la Sociedad de Ciencias Aranzadi que dio cuenta de lo que est\u00e1n haciendo y de c\u00f3mo ha ido evolucionando su trabajo. Emilio Silva, nieto de un fusilado y presidente de la Asociaci\u00f3n para la Recuperaci\u00f3n de la Memoria Hist\u00f3rica. Monika Hernando, Directora de Derechos Humanos y V\u00edctimas del Gobierno Vasco, y Jordi Palou Loverdos, Director del Memorial Democratic de la Generalitat de Catalunya.<\/p>\n<p>Fue un debate muy interesante con coloquio posterior. L\u00e1stima que este trabajo no se hubiera puesto en marcha al principio de la transici\u00f3n. Hoy todo es mucho m\u00e1s dif\u00edcil pues la mayor\u00eda de los protagonistas han fallecido y son los nietos los que est\u00e1n logrando que el recuerdo de aquellas atrocidades no se olviden.<\/p>\n<p>Tambi\u00e9n estaba Unai Rementer\u00eda\u00a0 diputado de presidencia y portavoz de la Diputaci\u00f3n de\u00a0 Bizkaia.<\/p>\n<p><a href=\"http:\/\/blogs.deia.com\/anasagasti\/files\/2015\/02\/Unai-Rementeria.png\"><img loading=\"lazy\" decoding=\"async\" class=\"alignleft size-full wp-image-6051\" src=\"http:\/\/blogs.deia.com\/anasagasti\/files\/2015\/02\/Unai-Rementeria.png\" alt=\"Unai Rementeria\" width=\"303\" height=\"166\" \/><\/a>Fue corto, directo y muy sencillo. Dijo que sab\u00eda poco de lo que all\u00ed se discut\u00eda y que hab\u00eda ido a aprender. Record\u00f3 como nunca en su familia se hab\u00eda hablado de la guerra y que posteriormente descubri\u00f3, gracias a la Fundaci\u00f3n, que su aitxitxe hab\u00eda sido gudari del batall\u00f3n Arana Goiri y de la compa\u00f1\u00eda Carmelo Leizaola y daba su correo para que, cualquier estudioso, cualquier persona con un proyecto de investigaci\u00f3n en el caso de ser elegido\u00a0 Diputado General de Bizkaia, le escribiera pues era algo que iba a ser una de las columnas de su gesti\u00f3n al frente de esta instituci\u00f3n. Luego intervino apuntando la colisi\u00f3n que puede existir a veces entre la ley de la memoria y la ley de patrimonio a la hora de retirar s\u00edmbolos de la guerra y la dictadura.<\/p>\n<p>Breve conciso y cercano, es la primera vez que veo a un pol\u00edtico en ejercicio dar su correo acompa\u00f1ando sus promesas con la facilidad de acceso. Luego me confes\u00f3 que se le hab\u00eda olvidado nombrar a Mallona, el ex alcalde del PNV de Mundaka fusilado por los falangistas y homenajeado en los tiempos en los que Unai Rementeria fue alcalde de Mundaka.<\/p>\n<p>Me gust\u00f3 y creo que gust\u00f3 mucho su intervenci\u00f3n, aunque alguno, leg\u00edtimamente, no aplaudi\u00f3.<\/p>\n<p>Tras el txakol\u00ed sigui\u00f3 el segundo debate sobre \u00ablugares para la memoria; buenas pr\u00e1cticas\u00bb y hablaron Mariam M.de Pancorbo catedr\u00e1tica de biolog\u00eda celular de la UPV que nos present\u00f3 el buscador web sobre el adn:memoria hist\u00f3rica\u00bb, el arque\u00f3logo Agustin Azkarate un arquitecto de la UPV que empez\u00f3 hablando de que pertenec\u00eda a una familia que hab\u00eda sufrido el bombardeo de Gernika, I\u00f1aki Garc\u00eda Camino director del museo de arqueolog\u00eda de Bizkaia, Aitor Mi\u00f1ambres del centro de interpretaci\u00f3n del cintur\u00f3n de hierro en Berango e I\u00f1aki Odriozola promotor de la recuperaci\u00f3n de \u00abElgoibar 1936\u00bb.<\/p>\n<p>El presidente de la fundaci\u00f3n Juan M. Atutxa anunci\u00f3 que esta instituci\u00f3n hab\u00eda recibido el legado personal y archivo de quien fuera ministro y presidente de las cortes franquistas, Esteban Bilbao Eguia. El lehendakari Aguirre empez\u00f3 a trabajar como pasante en el despacho de abogados que \u00e9ste ten\u00eda en el Casco Viejo.<\/p>\n<p>Fue un coloquio muy interesante. Se destac\u00f3 que ning\u00fan presidente espa\u00f1ol hab\u00eda hecho un acto p\u00fablico de reconocimiento de las v\u00edctimas de la guerra y dictadura, que solo se conformaban con visitar a la viuda de Aza\u00f1a en M\u00e9xico cuando \u00e9sta viv\u00eda. Foto y nada m\u00e1s, que as\u00ed como se recuerda el holocausto y varios hitos hist\u00f3ricos, jam\u00e1s se ha recordado lo que fue aquella represi\u00f3n, que el franquismo ten\u00eda siempre un puesto reservado para los mutilados de guerra y que las exhumaciones solo se pod\u00edan hacer con los muertos franquistas, que Moren\u00e9s ha homenajeado \u00faltimamente a la Divisi\u00f3n Azul pero no a los militares republicanos, y de c\u00f3mo las cortes espa\u00f1olas es el \u00fanico parlamento que no tiene una comisi\u00f3n de derechos humanos, ni se puede llamar por su nombre a lo que fue un fascismo declarado. Se critic\u00f3 que en las exhumaciones no hubiera ninguna autoridad institucional y de c\u00f3mo falta la presencia de jueces, cuando se realizan estas exhumaciones. Se habl\u00f3 de todo esto y de mucho m\u00e1s en una ma\u00f1ana de cinco horas de intenso trabajo.<\/p>\n<p>Todo me pareci\u00f3 del mayor inter\u00e9s y sal\u00ed contento por una parte viendo el rigor de lo que se est\u00e1 haciendo a la vez que triste por la otra al recordar a tantos y tantos que han ido quedando en el camino as\u00ed como al recordar tanta documentaci\u00f3n desaparecida.<\/p>\n<!-- AddThis Advanced Settings generic via filter on the_content --><!-- AddThis Share Buttons generic via filter on the_content -->","protected":false},"excerpt":{"rendered":"<p>Lunes 9 de febrero de 2015 La Fundaci\u00f3n Sabino Arana organiz\u00f3 el pasado viernes 6 de febrero una jornada sobre \u00abBuenas Pr\u00e1cticas y Horizonte de Futuro\u00bb. Y all\u00ed fui. Era un d\u00eda fr\u00edo, lluvioso y desapacible, pero a pesar de la naturaleza, la sala estaba llena hasta los topes. En la Mesa y como primer &hellip; <a href=\"https:\/\/blogs.deia.eus\/anasagasti\/2015\/02\/08\/unai-nos-dio-sus-coordenadas\/\" class=\"more-link\">Sigue leyendo <span class=\"screen-reader-text\">Unai nos dio sus coordenadas<\/span><\/a><!-- AddThis Advanced Settings generic via filter on get_the_excerpt --><!-- AddThis Share Buttons generic via filter on get_the_excerpt --><\/p>\n","protected":false},"author":19,"featured_media":0,"comment_status":"open","ping_status":"open","sticky":false,"template":"","format":"standard","meta":{"footnotes":""},"categories":[1],"tags":[],"class_list":["post-6050","post","type-post","status-publish","format-standard","hentry","category-general"],"_links":{"self":[{"href":"https:\/\/blogs.deia.eus\/anasagasti\/wp-json\/wp\/v2\/posts\/6050","targetHints":{"allow":["GET"]}}],"collection":[{"href":"https:\/\/blogs.deia.eus\/anasagasti\/wp-json\/wp\/v2\/posts"}],"about":[{"href":"https:\/\/blogs.deia.eus\/anasagasti\/wp-json\/wp\/v2\/types\/post"}],"author":[{"embeddable":true,"href":"https:\/\/blogs.deia.eus\/anasagasti\/wp-json\/wp\/v2\/users\/19"}],"replies":[{"embeddable":true,"href":"https:\/\/blogs.deia.eus\/anasagasti\/wp-json\/wp\/v2\/comments?post=6050"}],"version-history":[{"count":1,"href":"https:\/\/blogs.deia.eus\/anasagasti\/wp-json\/wp\/v2\/posts\/6050\/revisions"}],"predecessor-version":[{"id":6052,"href":"https:\/\/blogs.deia.eus\/anasagasti\/wp-json\/wp\/v2\/posts\/6050\/revisions\/6052"}],"wp:attachment":[{"href":"https:\/\/blogs.deia.eus\/anasagasti\/wp-json\/wp\/v2\/media?parent=6050"}],"wp:term":[{"taxonomy":"category","embeddable":true,"href":"https:\/\/blogs.deia.eus\/anasagasti\/wp-json\/wp\/v2\/categories?post=6050"},{"taxonomy":"post_tag","embeddable":true,"href":"https:\/\/blogs.deia.eus\/anasagasti\/wp-json\/wp\/v2\/tags?post=6050"}],"curies":[{"name":"wp","href":"https:\/\/api.w.org\/{rel}","templated":true}]}}