{"id":6053,"date":"2015-02-09T16:11:51","date_gmt":"2015-02-09T14:11:51","guid":{"rendered":"http:\/\/blogs.deia.com\/anasagasti\/?p=6053"},"modified":"2015-02-09T16:11:51","modified_gmt":"2015-02-09T14:11:51","slug":"botin-murio-sin-ir-a-la-carcel-la-verguenza-de-los-nombres-de-la-lista-falciani","status":"publish","type":"post","link":"https:\/\/blogs.deia.eus\/anasagasti\/2015\/02\/09\/botin-murio-sin-ir-a-la-carcel-la-verguenza-de-los-nombres-de-la-lista-falciani\/","title":{"rendered":"Bot\u00edn muri\u00f3 sin ir a la c\u00e1rcel. La verg\u00fcenza de los nombres de la lista  Falciani."},"content":{"rendered":"<p><strong>Lunes 9 de febrero de 2015<\/strong><\/p>\n<p><a href=\"http:\/\/blogs.deia.com\/anasagasti\/files\/2015\/02\/Emilio-Bot\u00edn.png\"><img loading=\"lazy\" decoding=\"async\" class=\"alignleft size-full wp-image-6054\" src=\"http:\/\/blogs.deia.com\/anasagasti\/files\/2015\/02\/Emilio-Bot\u00edn.png\" alt=\"Emilio Bot\u00edn\" width=\"271\" height=\"186\" \/><\/a>Se est\u00e1 empezando a hacer p\u00fablica la lista del bancario \u00a0inform\u00e1tico Herv\u00e9 Falciani con espa\u00f1oles y extranjeros \u00a0que defraudaban a hacienda\u00a0 y ten\u00edan sus cuentas en Suiza, entre ellos Emilio Bot\u00edn y Fernando Alonso. E ir\u00e1n saliendo muchos m\u00e1s.<\/p>\n<p>Ante esc\u00e1ndalo tan ofensivo para toda una sociedad y en especial para \u00a0aquellos que se mueren en este invierno de fr\u00edo y hambre o han sido desahuciados, se me ocurren varias reflexiones:<\/p>\n<p>1.- Ha tenido que ser\u00a0 el Confidencial\u00a0 quien saque esta informaci\u00f3n, no el gobierno, ni Montoro, ni la Agencia Tributaria. Una verg\u00fcenza.<\/p>\n<p>2.- Es asimismo una verg\u00fcenza que el PP no hiciera nada con los suyos, ni diera presupuestos\u00a0 suficiente a la Justicia y a la Fiscal\u00eda para investigar, pero que el PSOE lo haya permitido y ah\u00ed est\u00e1 el indulto a Alfredo S\u00e1ez, clama al cielo. Que no pidan el voto a nadie mientras no pidan perd\u00f3n y manden al Averno a todos sus responsables de los Ministerios de Econom\u00eda y Hacienda y a los ministros de Justicia de las legislaturas de Gonz\u00e1lez y Zapatero. Verle a Mar\u00eda Teresa Fern\u00e1ndez de la Vega d\u00e1ndose golpes de pecho y encumbrando a un personaje deleznable como Bot\u00edn en su funeral, clamaba al cielo.<\/p>\n<p>3.- Emilio Bot\u00edn, que se carg\u00f3 al BBVA por la imbecilidad y la inmoralidad de los Ibarra, deber\u00eda haber pasado una largu\u00edsima temporada en la c\u00e1rcel y no solo no fue a ella \u00a0sino le dio su nombre a una Doctrina de impunidad en la Justicia.<\/p>\n<p>4.- Esta clase pol\u00edtica espa\u00f1ola\u00a0 y este Banco Santander que compra la opini\u00f3n de los diarios\u00a0con anuncios millonarios \u00a0se declara muy patriota y como la Guardia Civil dice que lo hacen \u00abTodo por la Patria\u00bb. Mentira. Lo hacen todo por la Pasta mientras izan la bandera espa\u00f1ola en la banderita de sus yates. Son sinverg\u00fcenzas con pulseras bicolores.<\/p>\n<p>5.- Todo es muy sucio, pero tiene responsables. Y son los que lo han hecho y lo han propiciado o permitido. El PP y el PSOE.<\/p>\n<p>6.- \u00bfQu\u00e9 pasar\u00eda si se investigaran las cuentas personales del rey, padre e hijo, y del difunto abuelo que dej\u00f3 una cuenta en Suiza?.<\/p>\n<p>Que no se quejen de lo que est\u00e1 pasando.<\/p>\n<p>&nbsp;<\/p>\n<!-- AddThis Advanced Settings generic via filter on the_content --><!-- AddThis Share Buttons generic via filter on the_content -->","protected":false},"excerpt":{"rendered":"<p>Lunes 9 de febrero de 2015 Se est\u00e1 empezando a hacer p\u00fablica la lista del bancario \u00a0inform\u00e1tico Herv\u00e9 Falciani con espa\u00f1oles y extranjeros \u00a0que defraudaban a hacienda\u00a0 y ten\u00edan sus cuentas en Suiza, entre ellos Emilio Bot\u00edn y Fernando Alonso. E ir\u00e1n saliendo muchos m\u00e1s. Ante esc\u00e1ndalo tan ofensivo para toda una sociedad y en &hellip; <a href=\"https:\/\/blogs.deia.eus\/anasagasti\/2015\/02\/09\/botin-murio-sin-ir-a-la-carcel-la-verguenza-de-los-nombres-de-la-lista-falciani\/\" class=\"more-link\">Sigue leyendo <span class=\"screen-reader-text\">Bot\u00edn muri\u00f3 sin ir a la c\u00e1rcel. La verg\u00fcenza de los nombres de la lista  Falciani.<\/span><\/a><!-- AddThis Advanced Settings generic via filter on get_the_excerpt --><!-- AddThis Share Buttons generic via filter on get_the_excerpt --><\/p>\n","protected":false},"author":19,"featured_media":0,"comment_status":"open","ping_status":"open","sticky":false,"template":"","format":"standard","meta":{"footnotes":""},"categories":[1],"tags":[],"class_list":["post-6053","post","type-post","status-publish","format-standard","hentry","category-general"],"_links":{"self":[{"href":"https:\/\/blogs.deia.eus\/anasagasti\/wp-json\/wp\/v2\/posts\/6053","targetHints":{"allow":["GET"]}}],"collection":[{"href":"https:\/\/blogs.deia.eus\/anasagasti\/wp-json\/wp\/v2\/posts"}],"about":[{"href":"https:\/\/blogs.deia.eus\/anasagasti\/wp-json\/wp\/v2\/types\/post"}],"author":[{"embeddable":true,"href":"https:\/\/blogs.deia.eus\/anasagasti\/wp-json\/wp\/v2\/users\/19"}],"replies":[{"embeddable":true,"href":"https:\/\/blogs.deia.eus\/anasagasti\/wp-json\/wp\/v2\/comments?post=6053"}],"version-history":[{"count":1,"href":"https:\/\/blogs.deia.eus\/anasagasti\/wp-json\/wp\/v2\/posts\/6053\/revisions"}],"predecessor-version":[{"id":6055,"href":"https:\/\/blogs.deia.eus\/anasagasti\/wp-json\/wp\/v2\/posts\/6053\/revisions\/6055"}],"wp:attachment":[{"href":"https:\/\/blogs.deia.eus\/anasagasti\/wp-json\/wp\/v2\/media?parent=6053"}],"wp:term":[{"taxonomy":"category","embeddable":true,"href":"https:\/\/blogs.deia.eus\/anasagasti\/wp-json\/wp\/v2\/categories?post=6053"},{"taxonomy":"post_tag","embeddable":true,"href":"https:\/\/blogs.deia.eus\/anasagasti\/wp-json\/wp\/v2\/tags?post=6053"}],"curies":[{"name":"wp","href":"https:\/\/api.w.org\/{rel}","templated":true}]}}