{"id":6058,"date":"2015-02-11T22:03:12","date_gmt":"2015-02-11T20:03:12","guid":{"rendered":"http:\/\/blogs.deia.com\/anasagasti\/?p=6058"},"modified":"2015-02-11T22:03:12","modified_gmt":"2015-02-11T20:03:12","slug":"el-camelo-de-la-rebaja-del-rey","status":"publish","type":"post","link":"https:\/\/blogs.deia.eus\/anasagasti\/2015\/02\/11\/el-camelo-de-la-rebaja-del-rey\/","title":{"rendered":"El camelo de la rebaja del Rey"},"content":{"rendered":"<p><strong>Mi\u00e9rcoles 11 de febrero de 2015<\/strong><\/p>\n<p>S\u00e9 que la pol\u00edtica hoy tiene muchos frentes. Y muchos nombres propios. Monedero, Tom\u00e1s\u00a0 y Pedro S\u00e1nchez, Susana, Pujol, Mas, To\u00f1a, Bot\u00edn, Prado y Colon de Carvajal, Montoro, Rajoy, Ucrania, Tsipras&#8230;.Lo s\u00e9.<\/p>\n<p>Y en este contexto de coctel explosivo, aparece una maravillosa noticia blanca muy felicitada. Una rosa en un pantano.<a href=\"http:\/\/blogs.deia.com\/anasagasti\/files\/2015\/02\/Felipe-VI1.png\"><img loading=\"lazy\" decoding=\"async\" class=\"alignleft size-full wp-image-6060\" src=\"http:\/\/blogs.deia.com\/anasagasti\/files\/2015\/02\/Felipe-VI1.png\" alt=\"Felipe VI\" width=\"296\" height=\"150\" \/><\/a> Su Majestad se baja el sueldo. !Que majo, que sensible, que hombre de estado!. \u00abEs el \u00fanico que se salva en este marasmo pol\u00edtico\u00bb.<\/p>\n<p>Eso s\u00ed. Le deja a su augusto padre\u00a0 en situaci\u00f3n desahogada. \u00a1Que buen hijo!.<\/p>\n<p>Pero todo \u00e9sto es un gran camelo.<\/p>\n<p>1.- El rey gana diez veces m\u00e1s que el presidente del gobierno y no tiene la menor responsabilidad ni pol\u00edtica ni de nada. Leer discursos, no meter la pata, viajar, sonreir, dar una buena foto. No tiene ni una sola responsabilidad que justifique semejante dispendio\u00a0 de \u00a0las arcas p\u00fablicas.<\/p>\n<p>2.- El rey no paga nada. Casa, luz, agua, calefacci\u00f3n, viajes, comida, vacaciones, ropa. Nada de nada. Todo va para\u00a0su hucha.<\/p>\n<p>3.- El rey no ha hecho p\u00fablica la fortuna de su padre. No sabemos el patrimonio de la Casa Real.<\/p>\n<p>4.- Su mujer, Letizia, cobra un pico y, A m\u00e1s B, dan una buena entrada mensual, por hacer nada.<\/p>\n<p>Conclusi\u00f3n: Todo \u00e9sto es un camelo y una operaci\u00f3n m\u00e1s de Marketing. Lo malo es que Podemos, IU, el PSOE y la prensa libre no denuncien lo sustancial. Que la monarqu\u00eda no deber\u00eda de existir y que estos se\u00f1ores parasitan el presupuesto estatal.<\/p>\n<!-- AddThis Advanced Settings generic via filter on the_content --><!-- AddThis Share Buttons generic via filter on the_content -->","protected":false},"excerpt":{"rendered":"<p>Mi\u00e9rcoles 11 de febrero de 2015 S\u00e9 que la pol\u00edtica hoy tiene muchos frentes. Y muchos nombres propios. Monedero, Tom\u00e1s\u00a0 y Pedro S\u00e1nchez, Susana, Pujol, Mas, To\u00f1a, Bot\u00edn, Prado y Colon de Carvajal, Montoro, Rajoy, Ucrania, Tsipras&#8230;.Lo s\u00e9. Y en este contexto de coctel explosivo, aparece una maravillosa noticia blanca muy felicitada. Una rosa en &hellip; <a href=\"https:\/\/blogs.deia.eus\/anasagasti\/2015\/02\/11\/el-camelo-de-la-rebaja-del-rey\/\" class=\"more-link\">Sigue leyendo <span class=\"screen-reader-text\">El camelo de la rebaja del Rey<\/span><\/a><!-- AddThis Advanced Settings generic via filter on get_the_excerpt --><!-- AddThis Share Buttons generic via filter on get_the_excerpt --><\/p>\n","protected":false},"author":19,"featured_media":0,"comment_status":"open","ping_status":"open","sticky":false,"template":"","format":"standard","meta":{"footnotes":""},"categories":[1],"tags":[],"class_list":["post-6058","post","type-post","status-publish","format-standard","hentry","category-general"],"_links":{"self":[{"href":"https:\/\/blogs.deia.eus\/anasagasti\/wp-json\/wp\/v2\/posts\/6058","targetHints":{"allow":["GET"]}}],"collection":[{"href":"https:\/\/blogs.deia.eus\/anasagasti\/wp-json\/wp\/v2\/posts"}],"about":[{"href":"https:\/\/blogs.deia.eus\/anasagasti\/wp-json\/wp\/v2\/types\/post"}],"author":[{"embeddable":true,"href":"https:\/\/blogs.deia.eus\/anasagasti\/wp-json\/wp\/v2\/users\/19"}],"replies":[{"embeddable":true,"href":"https:\/\/blogs.deia.eus\/anasagasti\/wp-json\/wp\/v2\/comments?post=6058"}],"version-history":[{"count":1,"href":"https:\/\/blogs.deia.eus\/anasagasti\/wp-json\/wp\/v2\/posts\/6058\/revisions"}],"predecessor-version":[{"id":6061,"href":"https:\/\/blogs.deia.eus\/anasagasti\/wp-json\/wp\/v2\/posts\/6058\/revisions\/6061"}],"wp:attachment":[{"href":"https:\/\/blogs.deia.eus\/anasagasti\/wp-json\/wp\/v2\/media?parent=6058"}],"wp:term":[{"taxonomy":"category","embeddable":true,"href":"https:\/\/blogs.deia.eus\/anasagasti\/wp-json\/wp\/v2\/categories?post=6058"},{"taxonomy":"post_tag","embeddable":true,"href":"https:\/\/blogs.deia.eus\/anasagasti\/wp-json\/wp\/v2\/tags?post=6058"}],"curies":[{"name":"wp","href":"https:\/\/api.w.org\/{rel}","templated":true}]}}