{"id":6062,"date":"2015-02-12T16:07:14","date_gmt":"2015-02-12T14:07:14","guid":{"rendered":"http:\/\/blogs.deia.com\/anasagasti\/?p=6062"},"modified":"2015-02-12T16:07:14","modified_gmt":"2015-02-12T14:07:14","slug":"el-alcalde-de-bilbao-desayuna-en-madrid","status":"publish","type":"post","link":"https:\/\/blogs.deia.eus\/anasagasti\/2015\/02\/12\/el-alcalde-de-bilbao-desayuna-en-madrid\/","title":{"rendered":"El Alcalde de Bilbao desayuna en Madrid"},"content":{"rendered":"<p><strong>Jueves 12 de febrero de 2015<\/strong><\/p>\n<p>Este jueves, en el F\u00f3rum Europa, SmartCity, el alcalde de Bilbao a sala llena\u00a0 y en un desayuno en el hotel Ritz ha descrito la evoluci\u00f3n de la ciudad en los a\u00f1os de democracia y el proyecto que defiende y en el que trabaja.<\/p>\n<p><a href=\"http:\/\/blogs.deia.com\/anasagasti\/files\/2015\/02\/Areso1.jpg\"><img loading=\"lazy\" decoding=\"async\" class=\"alignleft size-full wp-image-6064\" src=\"http:\/\/blogs.deia.com\/anasagasti\/files\/2015\/02\/Areso1.jpg\" alt=\"Areso\" width=\"159\" height=\"223\" \/><\/a>Y eso ya es una noticia. Areso, y el PNV, tienen un proyecto de ciudad. Una ciudad industrial en declive, que se est\u00e1 reconvirtiendo en una ciudad de servicios y \u00a0que apuesta por un tipo de industria\u00a0 limpia e inteligente.<\/p>\n<p>Presentado por Aitor Esteban\u00a0 han estado presentes, entre otros,\u00a0 la presidenta del BBB Itxaso Atutxa, el candidato a la alcald\u00eda \u00a0Juan M. Aburto, el presidente de Confebask Miguel \u00c1ngel Lujua, el diputado del PP Leopoldo Barreda, el gerente del Consorcio de Aguas Bilbao Bizkaia Barreiro, diputados y senadores del PNV. He saludado a Karmentxu Mar\u00edn y a Fernando Jauregui. Me ha extra\u00f1ado que\u00a0 no hubiese ning\u00fan concejal del ayuntamiento de Bilbao.<\/p>\n<p>La gente ha escuchado la lectura de su intervenci\u00f3n pero lo que le ha gustado han sido las respuestas en lenguaje claro, directo y coloquial. Areso es persona respetada por su trabajo y su trato horizontal y todos le reconocen que ha sido el gran cerebro del Plan Urban\u00edstico de Bilbao y el que ha dise\u00f1ado este tipo de ciudad exitosa,\u00a0transparente y premiada\u00a0 haciendo\u00a0 hincapi\u00e9 en que una ciudad debe dar la sensaci\u00f3n y ser limpia y no dar una visi\u00f3n de decadencia y para eso hay que cuidar mucho el entorno. Y de verdad la ciudad est\u00e1 muy cuidada.<\/p>\n<p>Ha dado una cifra redonda. Bilbao ha pasado de\u00a0 ochenta y ocho hace diez a\u00f1os \u00a0a mil congresos del a\u00f1o pasado y a ello ha contribuido la apuesta que se ha hecho por una ciudad de Congresos con un Museo Guggenheim que recibe un mill\u00f3n de visitantes al a\u00f1o, un Palacio Euskalduna que funciona como un reloj y un contexto muy amable y con hoteles suficientes. Pero para eso hay que tener un dise\u00f1o de ciudad y convertir Bilbao en una Marca.<\/p>\n<p>En el plan estrat\u00e9gico dise\u00f1ado cabe destacar\u00a0 la b\u00fasqueda del empleo sobre todo para los j\u00f3venes en una ciudad muy envejecida\u00a0 y para ello hay que apostar por una especializaci\u00f3n econ\u00f3mica inteligente, porque el mayor elemento de cohesi\u00f3n es el empleo.<\/p>\n<p>Y ha explicado pormenorizadamente las cuatro apuestas que han hecho.<\/p>\n<p>1.-\u00a0\u00a0 Una apuesta por las industrias creativas (arte, econom\u00eda y dise\u00f1o).<\/p>\n<p>2.-\u00a0\u00a0 Una apuesta por el Turismo especializado y por la salud.<\/p>\n<p>3.-\u00a0\u00a0 Una apuesta\u00a0 por soluciones urbanas y de tecnolog\u00eda propias.<\/p>\n<p>4.-\u00a0\u00a0 Y una apuesta\u00a0 por los servicios avanzados a la industria.<\/p>\n<p>Y todo eso con una apuesta por la internacionalizaci\u00f3n, un trabajo muy cercano con la empresa privada, y una apuesta por ser una especie de centro\u00a0 de \u00a0un hinterland\u00a0 de tres millones\u00a0 de personas con ciudades vecinas y del sur de Francia. \u00abAhora la distancia\u00a0 se mide en tiempo\u00a0 y no en kil\u00f3metros\u00bb ha resumido Ibon Areso su visi\u00f3n de la jugada.<\/p>\n<p>En resumen, que ha estado muy bien, muy cercano y ha dado la buena impresi\u00f3n de un pol\u00edtico vocacional y con un proyecto de ciudad.<\/p>\n<!-- AddThis Advanced Settings generic via filter on the_content --><!-- AddThis Share Buttons generic via filter on the_content -->","protected":false},"excerpt":{"rendered":"<p>Jueves 12 de febrero de 2015 Este jueves, en el F\u00f3rum Europa, SmartCity, el alcalde de Bilbao a sala llena\u00a0 y en un desayuno en el hotel Ritz ha descrito la evoluci\u00f3n de la ciudad en los a\u00f1os de democracia y el proyecto que defiende y en el que trabaja. Y eso ya es una &hellip; <a href=\"https:\/\/blogs.deia.eus\/anasagasti\/2015\/02\/12\/el-alcalde-de-bilbao-desayuna-en-madrid\/\" class=\"more-link\">Sigue leyendo <span class=\"screen-reader-text\">El Alcalde de Bilbao desayuna en Madrid<\/span><\/a><!-- AddThis Advanced Settings generic via filter on get_the_excerpt --><!-- AddThis Share Buttons generic via filter on get_the_excerpt --><\/p>\n","protected":false},"author":19,"featured_media":0,"comment_status":"open","ping_status":"open","sticky":false,"template":"","format":"standard","meta":{"footnotes":""},"categories":[1],"tags":[],"class_list":["post-6062","post","type-post","status-publish","format-standard","hentry","category-general"],"_links":{"self":[{"href":"https:\/\/blogs.deia.eus\/anasagasti\/wp-json\/wp\/v2\/posts\/6062","targetHints":{"allow":["GET"]}}],"collection":[{"href":"https:\/\/blogs.deia.eus\/anasagasti\/wp-json\/wp\/v2\/posts"}],"about":[{"href":"https:\/\/blogs.deia.eus\/anasagasti\/wp-json\/wp\/v2\/types\/post"}],"author":[{"embeddable":true,"href":"https:\/\/blogs.deia.eus\/anasagasti\/wp-json\/wp\/v2\/users\/19"}],"replies":[{"embeddable":true,"href":"https:\/\/blogs.deia.eus\/anasagasti\/wp-json\/wp\/v2\/comments?post=6062"}],"version-history":[{"count":1,"href":"https:\/\/blogs.deia.eus\/anasagasti\/wp-json\/wp\/v2\/posts\/6062\/revisions"}],"predecessor-version":[{"id":6065,"href":"https:\/\/blogs.deia.eus\/anasagasti\/wp-json\/wp\/v2\/posts\/6062\/revisions\/6065"}],"wp:attachment":[{"href":"https:\/\/blogs.deia.eus\/anasagasti\/wp-json\/wp\/v2\/media?parent=6062"}],"wp:term":[{"taxonomy":"category","embeddable":true,"href":"https:\/\/blogs.deia.eus\/anasagasti\/wp-json\/wp\/v2\/categories?post=6062"},{"taxonomy":"post_tag","embeddable":true,"href":"https:\/\/blogs.deia.eus\/anasagasti\/wp-json\/wp\/v2\/tags?post=6062"}],"curies":[{"name":"wp","href":"https:\/\/api.w.org\/{rel}","templated":true}]}}