{"id":6067,"date":"2015-02-13T16:23:53","date_gmt":"2015-02-13T14:23:53","guid":{"rendered":"http:\/\/blogs.deia.com\/anasagasti\/?p=6067"},"modified":"2015-02-13T16:23:53","modified_gmt":"2015-02-13T14:23:53","slug":"pedro-sanchez-un-debil-que-quiere-aparecer-fuerte","status":"publish","type":"post","link":"https:\/\/blogs.deia.eus\/anasagasti\/2015\/02\/13\/pedro-sanchez-un-debil-que-quiere-aparecer-fuerte\/","title":{"rendered":"Pedro S\u00e1nchez, un d\u00e9bil que quiere aparecer  fuerte"},"content":{"rendered":"<p><strong>Viernes 13 de febrero de 2015<\/strong><\/p>\n<p><a href=\"http:\/\/blogs.deia.com\/anasagasti\/files\/2015\/02\/Pedro-S\u00e1nchez-PSOE.png\"><img loading=\"lazy\" decoding=\"async\" class=\"alignleft size-full wp-image-6068\" src=\"http:\/\/blogs.deia.com\/anasagasti\/files\/2015\/02\/Pedro-S\u00e1nchez-PSOE.png\" alt=\"Pedro S\u00e1nchez PSOE\" width=\"318\" height=\"159\" \/><\/a>Dice Pedro S\u00e1nchez que prepara una candidatura ganadora para Madrid. Y se dice \u00a0que puede que sea el hermano de I\u00f1aki Gabilondo el candidato .Un donostiarra metaf\u00edsico, no afiliado al PSOE, del que dice Jim\u00e9nez Lossantos que tiene buena voz de cura viejo pero nada en la cabeza. No lo creo. Ha sido Rector y es un hombre de buen talante. Pero a su hermano I\u00f1aki la idea no le seduce. El PSOE es un muerto viviente y S\u00e1nchez es su enterrador. Y quiz\u00e1s ha tomado esta decisi\u00f3n de fuerza pensando que Gabilondo va a ser la cabeza de cartel tras haber hablado con \u00e9l. Veremos. La cosa no est\u00e1 tan clara .Muy sucio es lo que est\u00e1n haciendo. Quiz\u00e1s Gabilondo, si llega, puede ser un buen presidente de Comunidad, pero es un mal candidato. Muy blando para la piscina de cocodrilos que es Madrid.<\/p>\n<p>Dice\u00a0 el andaluz Ch\u00e1vez, el de los Eres de Andaluc\u00eda\u00a0 analizando lo ocurrido que\u00a0 \u00abel se\u00f1or me lo dio, el se\u00f1or me lo quit\u00f3\u00bb. La cuesti\u00f3n est\u00e1 en \u00a0que Tom\u00e1s G\u00f3mez fue elegido por las bases del partido para ser secretario general de la Federaci\u00f3n Socialista Madrile\u00f1a \u00a0y su candidato en estas elecciones. Al parecer para Chaves, es m\u00e1s importante el dedazo, que la elecci\u00f3n democr\u00e1tica<\/p>\n<p>La FSM siempre ha sido para el PSOE un dolor de cabeza. En tiempos de la Rep\u00fablica con largo Caballero e Indalecio Prieto. En tiempos de Gonz\u00e1lez con Guerristas y Felipistas. Ahora entre seguidores de G\u00f3mez y de Ferraz.<\/p>\n<p>Lo est\u00e9ticamente feo\u00a0 han sido\u00a0 las declaraciones genuflexas de Diego L\u00f3pez Garrido y de Trinidad Jim\u00e9nez. A \u00e9sta le gan\u00f3 G\u00f3mez en las anteriores elecciones internas, pero no ha tenido la delicadeza de estarse callada. Falta absoluta de categor\u00eda. Y en el caso de L\u00f3pez Garrido, es uno de esos fantasmas que se pasean por los pasillos buscando halagar al jefe para llevarse alg\u00fan puestecillo al colmillo. Y es que no hay nada como situaciones como \u00e9stas para conocer la cala\u00f1a de las personas. Y la cala\u00f1a de estos es muy mala.<\/p>\n<p>Como eso de cambiar la cerradura del despacho de G\u00f3mez, que no est\u00e1 imputado en ning\u00fan sumario. En ninguno. Pero como no le pod\u00edan ganar en las urnas internas, lo mejor es utilizar como Ca\u00edn la quijada de burro.<\/p>\n<p>Los actos de fuerza en los partidos son lamentables y dejan secuelas durante a\u00f1os y a\u00f1os. Asustan y matan el debate. Imponen.<\/p>\n<p>Aquella decisi\u00f3n del Tribunal del PNV de cargarse toda la organizaci\u00f3n de Navarra en 1986, dio origen a EA y todav\u00eda es hoy el d\u00eda en que ciertos odios no han sido curados. Me dec\u00eda un compa\u00f1ero que hay municipios en que antiguos miembros del PNV, pasados a EA, har\u00e1n siempre lo imposible para que el PNV no gane nunca. Y es que pasar\u00e1n generaciones antes de que estos odios sean superados. Y grandes responsables es quien los enciende.<\/p>\n<p>Cada vez me gusta menos Pedro S\u00e1nchez. Alguien que tiene que dar golpes de mano de este estilo para lograr ser respetado significan\u00a0 no es un pol\u00edtico sino un hombre d\u00e9bil que cree que para hacerse fuerte tiene que dar madrugonazos de este estilo. \u00bfQue Tom\u00e1s G\u00f3mez iba a perder?. Pues lo mismo que \u00e9l. \u00bfPor qu\u00e9 no hace lo mismo en\u00a0 la Andaluc\u00eda de Susana D\u00edaz \u00a0a cuenta de los Eres?. Porque no se atreve, luego esa doble vara de medir ya nos dice que este tipo no anda muy bien de fuerzas cuando tiene que intervenir a manotazos y sin el menor liderazgo y gritando que es \u00e9l quien manda.<\/p>\n<p>Conozco a Tom\u00e1s G\u00f3mez de cuando fue senador. Buen parlamentario, sonrisa t\u00edmida, cuerpo con muchas cicatrices de sus enfrentamientos con Zapatero y con Rubalcaba, seguidores\u00a0 irrestrictamente alineados con \u00e9l, elegante en sus derrotas como ahora, un pol\u00edtico de largo aliento al que quieren matar pol\u00edticamente porque no se aviene al poder. Hijo de taxista y limpiadora, como dijo ayer, lo suyo es la pelea. Y la dar\u00e1. Le han quitado el despacho, pero no la voz, ni sus seguidores.<\/p>\n<p>En definitiva que a m\u00ed me parece que este Pedro S\u00e1nchez es un d\u00e9bil con \u00ednfulas de Goliat. Un pobre hombre que no sabe que los afiliados en una organizaci\u00f3n pol\u00edtica se merecen un respeto y no actos de chuler\u00eda. En fin, que con su pan se lo coma.<\/p>\n<p>Los electores le van a dar hasta en el carnet de identidad.<\/p>\n<!-- AddThis Advanced Settings generic via filter on the_content --><!-- AddThis Share Buttons generic via filter on the_content -->","protected":false},"excerpt":{"rendered":"<p>Viernes 13 de febrero de 2015 Dice Pedro S\u00e1nchez que prepara una candidatura ganadora para Madrid. Y se dice \u00a0que puede que sea el hermano de I\u00f1aki Gabilondo el candidato .Un donostiarra metaf\u00edsico, no afiliado al PSOE, del que dice Jim\u00e9nez Lossantos que tiene buena voz de cura viejo pero nada en la cabeza. No &hellip; <a href=\"https:\/\/blogs.deia.eus\/anasagasti\/2015\/02\/13\/pedro-sanchez-un-debil-que-quiere-aparecer-fuerte\/\" class=\"more-link\">Sigue leyendo <span class=\"screen-reader-text\">Pedro S\u00e1nchez, un d\u00e9bil que quiere aparecer  fuerte<\/span><\/a><!-- AddThis Advanced Settings generic via filter on get_the_excerpt --><!-- AddThis Share Buttons generic via filter on get_the_excerpt --><\/p>\n","protected":false},"author":19,"featured_media":0,"comment_status":"open","ping_status":"open","sticky":false,"template":"","format":"standard","meta":{"footnotes":""},"categories":[1],"tags":[],"class_list":["post-6067","post","type-post","status-publish","format-standard","hentry","category-general"],"_links":{"self":[{"href":"https:\/\/blogs.deia.eus\/anasagasti\/wp-json\/wp\/v2\/posts\/6067","targetHints":{"allow":["GET"]}}],"collection":[{"href":"https:\/\/blogs.deia.eus\/anasagasti\/wp-json\/wp\/v2\/posts"}],"about":[{"href":"https:\/\/blogs.deia.eus\/anasagasti\/wp-json\/wp\/v2\/types\/post"}],"author":[{"embeddable":true,"href":"https:\/\/blogs.deia.eus\/anasagasti\/wp-json\/wp\/v2\/users\/19"}],"replies":[{"embeddable":true,"href":"https:\/\/blogs.deia.eus\/anasagasti\/wp-json\/wp\/v2\/comments?post=6067"}],"version-history":[{"count":1,"href":"https:\/\/blogs.deia.eus\/anasagasti\/wp-json\/wp\/v2\/posts\/6067\/revisions"}],"predecessor-version":[{"id":6069,"href":"https:\/\/blogs.deia.eus\/anasagasti\/wp-json\/wp\/v2\/posts\/6067\/revisions\/6069"}],"wp:attachment":[{"href":"https:\/\/blogs.deia.eus\/anasagasti\/wp-json\/wp\/v2\/media?parent=6067"}],"wp:term":[{"taxonomy":"category","embeddable":true,"href":"https:\/\/blogs.deia.eus\/anasagasti\/wp-json\/wp\/v2\/categories?post=6067"},{"taxonomy":"post_tag","embeddable":true,"href":"https:\/\/blogs.deia.eus\/anasagasti\/wp-json\/wp\/v2\/tags?post=6067"}],"curies":[{"name":"wp","href":"https:\/\/api.w.org\/{rel}","templated":true}]}}