{"id":6071,"date":"2015-02-14T20:29:04","date_gmt":"2015-02-14T18:29:04","guid":{"rendered":"http:\/\/blogs.deia.com\/anasagasti\/?p=6071"},"modified":"2015-02-14T20:29:04","modified_gmt":"2015-02-14T18:29:04","slug":"en-que-quedaron-las-primarias","status":"publish","type":"post","link":"https:\/\/blogs.deia.eus\/anasagasti\/2015\/02\/14\/en-que-quedaron-las-primarias\/","title":{"rendered":"\u00bfEn qu\u00e9 quedaron las primarias?"},"content":{"rendered":"<p><strong>S\u00e1bado 14 de febrero de 2015<\/strong><\/p>\n<p><a href=\"http:\/\/blogs.deia.com\/anasagasti\/files\/2015\/02\/Tom\u00e1s-G\u00f3mez.png\"><img loading=\"lazy\" decoding=\"async\" class=\"alignleft size-full wp-image-6072\" src=\"http:\/\/blogs.deia.com\/anasagasti\/files\/2015\/02\/Tom\u00e1s-G\u00f3mez.png\" alt=\"Tom\u00e1s G\u00f3mez\" width=\"278\" height=\"181\" \/><\/a>El mismo d\u00eda en el que Pedro S\u00e1nchez puso su dedo mal\u00e9fico sobre Tom\u00e1s G\u00f3mez y se carg\u00f3 la ejecutiva de la Federaci\u00f3n Socialista Madrile\u00f1a, curiosamente sita enfrente de la Plaza del Callao, un senador socialista entristecido\u00a0y \u00a0con el que coincid\u00ed en el ascensor me dijo: \u00abToda la noche remando y al amanecer nos ahogamos\u00bb. No me dijo m\u00e1s, pero su entristecida cara me lo dec\u00eda todo.<\/p>\n<p>Por eso, ante el inmenso silencio de los corderos y las posturas poco edificantes de \u00c1ngel Gabilondo y de Trinidad Jim\u00e9nez, se impone la pregunta:<\/p>\n<p>\u00bfPor qu\u00e9 alardea el PSOE de sus elecciones primarias si \u00e9stas est\u00e1n al albur de lo que diga y quiera el jefe, el Duce con la peregrina argumentaci\u00f3n de que el candidato no le gusta porque no gana elecciones?.<\/p>\n<p>\u00bfLas ganar\u00e1 usted Sr. S\u00e1nchez con estos modos autoritarios?.<\/p>\n<p>Al parecer la elecci\u00f3n de Tom\u00e1s G\u00f3mez para la secretar\u00eda general y para la candidatura de Madrid no valen para nada. No le gusta al jefe. Y el jefe act\u00faa. Y le cambia al elegido hasta la cerradura de su despacho, siembra su trayectoria de dudas, y le amenaza con la expulsi\u00f3n.<\/p>\n<p>Pedro S\u00e1nchez es un pollo sin cabeza.<\/p>\n<p>Ha pasado de llamar al programa de Jos\u00e9 Javier en plan colegui y de decir que el ministerio de Defensa sobra, a firmar con Rajoy la modificaci\u00f3n del C\u00f3digo Penal para que se logre la pena perpetua y solicita genuflexo un pacto en Educaci\u00f3n con el PP.<\/p>\n<p>Gente as\u00ed hunden cualquier partido.<\/p>\n<p>Y no se da cuenta de una cosa que es evidente: A pesar del abandono y de la soledad en la que se encuentra Tom\u00e1s G\u00f3mez, \u00e9ste es un muerto mal enterrado que resucitar\u00e1.<\/p>\n<p>Pero Pedro S\u00e1nchez tiene los d\u00edas contados.<\/p>\n<!-- AddThis Advanced Settings generic via filter on the_content --><!-- AddThis Share Buttons generic via filter on the_content -->","protected":false},"excerpt":{"rendered":"<p>S\u00e1bado 14 de febrero de 2015 El mismo d\u00eda en el que Pedro S\u00e1nchez puso su dedo mal\u00e9fico sobre Tom\u00e1s G\u00f3mez y se carg\u00f3 la ejecutiva de la Federaci\u00f3n Socialista Madrile\u00f1a, curiosamente sita enfrente de la Plaza del Callao, un senador socialista entristecido\u00a0y \u00a0con el que coincid\u00ed en el ascensor me dijo: \u00abToda la noche &hellip; <a href=\"https:\/\/blogs.deia.eus\/anasagasti\/2015\/02\/14\/en-que-quedaron-las-primarias\/\" class=\"more-link\">Sigue leyendo <span class=\"screen-reader-text\">\u00bfEn qu\u00e9 quedaron las primarias?<\/span><\/a><!-- AddThis Advanced Settings generic via filter on get_the_excerpt --><!-- AddThis Share Buttons generic via filter on get_the_excerpt --><\/p>\n","protected":false},"author":19,"featured_media":0,"comment_status":"open","ping_status":"open","sticky":false,"template":"","format":"standard","meta":{"footnotes":""},"categories":[1],"tags":[],"class_list":["post-6071","post","type-post","status-publish","format-standard","hentry","category-general"],"_links":{"self":[{"href":"https:\/\/blogs.deia.eus\/anasagasti\/wp-json\/wp\/v2\/posts\/6071","targetHints":{"allow":["GET"]}}],"collection":[{"href":"https:\/\/blogs.deia.eus\/anasagasti\/wp-json\/wp\/v2\/posts"}],"about":[{"href":"https:\/\/blogs.deia.eus\/anasagasti\/wp-json\/wp\/v2\/types\/post"}],"author":[{"embeddable":true,"href":"https:\/\/blogs.deia.eus\/anasagasti\/wp-json\/wp\/v2\/users\/19"}],"replies":[{"embeddable":true,"href":"https:\/\/blogs.deia.eus\/anasagasti\/wp-json\/wp\/v2\/comments?post=6071"}],"version-history":[{"count":1,"href":"https:\/\/blogs.deia.eus\/anasagasti\/wp-json\/wp\/v2\/posts\/6071\/revisions"}],"predecessor-version":[{"id":6073,"href":"https:\/\/blogs.deia.eus\/anasagasti\/wp-json\/wp\/v2\/posts\/6071\/revisions\/6073"}],"wp:attachment":[{"href":"https:\/\/blogs.deia.eus\/anasagasti\/wp-json\/wp\/v2\/media?parent=6071"}],"wp:term":[{"taxonomy":"category","embeddable":true,"href":"https:\/\/blogs.deia.eus\/anasagasti\/wp-json\/wp\/v2\/categories?post=6071"},{"taxonomy":"post_tag","embeddable":true,"href":"https:\/\/blogs.deia.eus\/anasagasti\/wp-json\/wp\/v2\/tags?post=6071"}],"curies":[{"name":"wp","href":"https:\/\/api.w.org\/{rel}","templated":true}]}}