{"id":6074,"date":"2015-02-15T21:29:37","date_gmt":"2015-02-15T19:29:37","guid":{"rendered":"http:\/\/blogs.deia.com\/anasagasti\/?p=6074"},"modified":"2015-02-15T21:29:37","modified_gmt":"2015-02-15T19:29:37","slug":"amparo-valcarce-y-la-jugada-de-tomas-gomez","status":"publish","type":"post","link":"https:\/\/blogs.deia.eus\/anasagasti\/2015\/02\/15\/amparo-valcarce-y-la-jugada-de-tomas-gomez\/","title":{"rendered":"Amparo Valcarce y la jugada de Tom\u00e1s G\u00f3mez"},"content":{"rendered":"<p><strong>Domingo 15 de febrero de 2015<\/strong><\/p>\n<p><a href=\"http:\/\/blogs.deia.com\/anasagasti\/files\/2015\/02\/G\u00f3mez-y-Valcarce.jpg\"><img loading=\"lazy\" decoding=\"async\" class=\"alignleft size-full wp-image-6075\" src=\"http:\/\/blogs.deia.com\/anasagasti\/files\/2015\/02\/G\u00f3mez-y-Valcarce.jpg\" alt=\"G\u00f3mez y Valcarce\" width=\"299\" height=\"168\" \/><\/a>Le he visto al mediod\u00eda a Tom\u00e1s G\u00f3mez muy sonriente y aplaudido en la manifestaci\u00f3n, la marcha blanca de Madrid al mediod\u00eda. A su lado Amparo Valcarce quien acaba de anunciar que se presentar\u00e1 a las primarias del PSOE para la candidatura a la Comunidad de Madrid. Me imagino la cara que debi\u00f3 poner ayer Pedro S\u00e1nchez\u00a0 al enterarse, antes de venir a Barakaldo en plan divo a apoyar a sus candidatos, gentes que optaron por \u00e9l antes que por Madina. La manera como ha salido de la furgoneta dejando de lado a su mujer demuestra que es un chulo.<\/p>\n<p>Este tipo de listos y falsos forzudos no cuentan que la gente es m\u00e1s lista que ellos.<\/p>\n<p>La jugada de S\u00e1nchez era cargarse a Tom\u00e1s G\u00f3mez y a dedo designar al ex ministro de educaci\u00f3n \u00c1ngel Gabilondo, su candidato. Ni primarias, ni zarandajas parecidas. El dedo que refuerza la autoridad del jefe.<\/p>\n<p>Pero Valcarce, con los estatutos en la mano, presenta su candidatura en primarias, cosa que est\u00e1 muy bien. Le deja a Gabilondo en la duda. El hab\u00eda puesto como condici\u00f3n que no hubiera primarias. El dato habla mal de este profesor de metaf\u00edsica\u00a0 y de su capacidad de encaje democr\u00e1tico. Ministro a dedo, candidato a dedo. Y con su hermano I\u00f1aki Gabilondo\u00a0\u00a0diciendo lo siguiente:<\/p>\n<p>\u00abVemos l\u00edos de familia y de poder&#8230;.l\u00edo de familia espa\u00f1ola con S\u00e1nchez, G\u00f3mez, D\u00edaz. Yo solo veo desuni\u00f3n\u00a0 y desfragmentaci\u00f3n .\u00bfQu\u00e9 persona inteligente\u00a0 querr\u00eda meter su cabeza\u00a0 en la boca de este lobo?\u00bb.<\/p>\n<p>Si se presenta, le demuestra a su hermano que adem\u00e1s de no ser inteligente \u00a0no sabe medir las consecuencias de sus actos. Si pide que no se hagan primarias, demostrar\u00e1 que su metaf\u00edsica no es compatible con la democracia, si se presenta y pierde, se le agranda su ya considerable mand\u00edbula. No lo tiene claro.<\/p>\n<p>No fue mal ministro, pero un blandurrio. Dio una ma\u00f1ana un desayuno en el Carlton. Fui. Al terminar le dije: \u00ab\u00bfSabes d\u00f3nde est\u00e1s?\u00bb. No lo sab\u00eda. \u00abPues aqu\u00ed se firm\u00f3 el decreto de creaci\u00f3n de la primera Universidad Vasca de la Historia en la sede de Lehendakaritza que fue este hotel. No hubiera estado nada mal que lo hubieras comentado\u00bb. Me mir\u00f3. No lo sab\u00eda. Para ser hijo de gudari, un honrado carnicero del Mercado de San Martin, donostiarra y hombre de Universidad, me demostr\u00f3 que sabr\u00e1 mucho del plan Erasmus pero poco de la historia de su familia. Y eso siempre me hace sospechar. Mucha metaf\u00edsica, pero poca f\u00edsica.<\/p>\n<p>Le conozco a Amparo Valcarce. Fue diputada\u00a0 de 1996 a 2004. Era la portavoz en Educaci\u00f3n. Constante como una gota de agua. El ministro Caldera la llev\u00f3 a la Secretar\u00eda\u00a0 de Estado\u00a0 de Asuntos Sociales y luego fue Delegada del Gobierno \u00a0en Madrid del 2009 al 2011.<\/p>\n<p>En pol\u00edtica no hay enemigo peque\u00f1o, ni pol\u00edtico muerto.<\/p>\n<p>Veremos como acaba \u00e9sto. Me encantar\u00eda que perdiera S\u00e1nchez.<\/p>\n<p>Su autoritarismo me repele.<\/p>\n<!-- AddThis Advanced Settings generic via filter on the_content --><!-- AddThis Share Buttons generic via filter on the_content -->","protected":false},"excerpt":{"rendered":"<p>Domingo 15 de febrero de 2015 Le he visto al mediod\u00eda a Tom\u00e1s G\u00f3mez muy sonriente y aplaudido en la manifestaci\u00f3n, la marcha blanca de Madrid al mediod\u00eda. A su lado Amparo Valcarce quien acaba de anunciar que se presentar\u00e1 a las primarias del PSOE para la candidatura a la Comunidad de Madrid. Me imagino &hellip; <a href=\"https:\/\/blogs.deia.eus\/anasagasti\/2015\/02\/15\/amparo-valcarce-y-la-jugada-de-tomas-gomez\/\" class=\"more-link\">Sigue leyendo <span class=\"screen-reader-text\">Amparo Valcarce y la jugada de Tom\u00e1s G\u00f3mez<\/span><\/a><!-- AddThis Advanced Settings generic via filter on get_the_excerpt --><!-- AddThis Share Buttons generic via filter on get_the_excerpt --><\/p>\n","protected":false},"author":19,"featured_media":0,"comment_status":"open","ping_status":"open","sticky":false,"template":"","format":"standard","meta":{"footnotes":""},"categories":[1],"tags":[],"class_list":["post-6074","post","type-post","status-publish","format-standard","hentry","category-general"],"_links":{"self":[{"href":"https:\/\/blogs.deia.eus\/anasagasti\/wp-json\/wp\/v2\/posts\/6074","targetHints":{"allow":["GET"]}}],"collection":[{"href":"https:\/\/blogs.deia.eus\/anasagasti\/wp-json\/wp\/v2\/posts"}],"about":[{"href":"https:\/\/blogs.deia.eus\/anasagasti\/wp-json\/wp\/v2\/types\/post"}],"author":[{"embeddable":true,"href":"https:\/\/blogs.deia.eus\/anasagasti\/wp-json\/wp\/v2\/users\/19"}],"replies":[{"embeddable":true,"href":"https:\/\/blogs.deia.eus\/anasagasti\/wp-json\/wp\/v2\/comments?post=6074"}],"version-history":[{"count":1,"href":"https:\/\/blogs.deia.eus\/anasagasti\/wp-json\/wp\/v2\/posts\/6074\/revisions"}],"predecessor-version":[{"id":6076,"href":"https:\/\/blogs.deia.eus\/anasagasti\/wp-json\/wp\/v2\/posts\/6074\/revisions\/6076"}],"wp:attachment":[{"href":"https:\/\/blogs.deia.eus\/anasagasti\/wp-json\/wp\/v2\/media?parent=6074"}],"wp:term":[{"taxonomy":"category","embeddable":true,"href":"https:\/\/blogs.deia.eus\/anasagasti\/wp-json\/wp\/v2\/categories?post=6074"},{"taxonomy":"post_tag","embeddable":true,"href":"https:\/\/blogs.deia.eus\/anasagasti\/wp-json\/wp\/v2\/tags?post=6074"}],"curies":[{"name":"wp","href":"https:\/\/api.w.org\/{rel}","templated":true}]}}