{"id":6077,"date":"2015-02-16T21:20:08","date_gmt":"2015-02-16T19:20:08","guid":{"rendered":"http:\/\/blogs.deia.com\/anasagasti\/?p=6077"},"modified":"2015-02-16T21:20:08","modified_gmt":"2015-02-16T19:20:08","slug":"cuatro-horas-en-afganistan","status":"publish","type":"post","link":"https:\/\/blogs.deia.eus\/anasagasti\/2015\/02\/16\/cuatro-horas-en-afganistan\/","title":{"rendered":"Cuatro horas en Afganist\u00e1n"},"content":{"rendered":"<p><strong>Lunes 16 de febrero de 2015<\/strong><\/p>\n<p><a href=\"http:\/\/blogs.deia.com\/anasagasti\/files\/2015\/02\/Afganistan_2.jpg\"><img loading=\"lazy\" decoding=\"async\" class=\"alignleft size-full wp-image-6078\" src=\"http:\/\/blogs.deia.com\/anasagasti\/files\/2015\/02\/Afganistan_2.jpg\" alt=\"Afganistan_2\" width=\"300\" height=\"168\" \/><\/a>No estoy seguro de haber estado en Afganist\u00e1n o solamente en una base a\u00e9rea. Me ha ocurrido como la primera vez que fui por aquellos lares siendo Bono ministro de Defensa. En aquel momento el viaje era m\u00e1s complicado pues la guerra arreciaba y fuimos primero a Rusia en un avi\u00f3n de la Fuerza A\u00e9rea y luego de Rusia a Kabul, la capital, en un avi\u00f3n H\u00e9rcules militar, bajo un ruido ensordecedor, unos asientos\u00a0 de malla\u00a0 y un Bono que nos dec\u00eda que el avi\u00f3n disparaba rastreadoras para que, si nos lanzaban alg\u00fan pepinazo, el pepino seguir\u00eda a las rastreadoras que con su calor les llamaban. La diferencia es que Bono vino con\u00a0 nosotros y lanz\u00f3 discursos patri\u00f3ticos, pero en esta ocasi\u00f3n el ministro Moren\u00e9s no se ha dignado. Nos acompa\u00f1\u00f3 el JEMAD que es el jefazo del ej\u00e9rcito, un\u00a0 almirante discreto que por lo menos se peg\u00f3 el viaje y no como el ministro. Algo as\u00ed ser\u00eda incomprensible en Francia o Inglaterra, pero en Espa\u00f1a siguen con la copla de quien manda es el ejecutivo y que el legislativo es solo un incordio.<\/p>\n<p>Nos acompa\u00f1\u00f3 TVE con un c\u00e1mara y la periodista Bego\u00f1a Alegr\u00eda a quien conocemos de siempre en Bilbao. Andaba por all\u00ed un guardia civil de apellido Esnaola. Me dijo\u00a0 \u00abmi padre es vasco\u00bb. \u00ab\u00bfY usted?\u00bb. Hab\u00eda otro cuya esposa es donostiarra, pero la mayor\u00eda eran gallegos.<\/p>\n<p>El viaje era conjunto de las Comisiones de Defensa del Congreso y del Senado, 25 parlamentarios que en un avi\u00f3n de la Fuerza A\u00e9rea nos embarcamos el jueves 12 de febrero, para, en siete horas aterrizar en la base a\u00e9rea de Herat, en el oeste del pa\u00eds\u00a0\u00a0en la parte que tiene\u00a0 frontera\u00a0con Ir\u00e1n. Desde la ventanilla del avi\u00f3n se ve\u00eda un paisaje casi lunar, color gris, seco y reseco aunque dicen que cultivan el vino y el pistacho, pero tambi\u00e9n la coca. Tienen unos pozos de agua en la base \u00fatil para regar, pero no para consumir.<\/p>\n<p>El viaje, en resumen, ha sido as\u00ed: Siete horas de ida, cuatro horas de visita, y siete de vuelta. En menos de 24 horas hemos visto todo lo ense\u00f1able de una base militar de la Otan en zona de ataques insurgentes con fuerzas espa\u00f1olas e italianas, alg\u00fan norteamericano, y un mundo exterior que ni olimos. Por eso me pregunto si hemos estado en Afganist\u00e1n o en una base militar. Me inclino por lo segundo, aunque no dejo de valorar la iniciativa, pero me da que los responsables no quisieron tomar riesgos innecesarios y eso tambi\u00e9n es parte del problema. Herat es la capital de un estado de unos 308.000 habitantes en una zona pobre, que hablan persa\u00a0 y tienen una ciudad con algunos edificios notables y alguna ruina de tiempos de Alejandro Magno.<\/p>\n<p>Al llegar nos recibi\u00f3\u00a0Maurizio Scardino \u00a0el jefe italiano, que es muy italiano, y el coronel\u00a0Carlos Diez de Diego que es el coronel jefe del estado mayor. El uniforme que llevan los espa\u00f1oles\u00a0 es \u00ab\u00e1rido pixelado\u00bb con un sombrero arrugado que le quita garbo al conjunto. El italiano llevaba su gorrito con plumas que le daba su toque y nos dijo que hab\u00eda sido asistente del ministro de la defensa de su pa\u00eds y que ten\u00eda experiencia pol\u00edtica, pues hab\u00eda visto muchas sesiones del parlamento y ten\u00eda experiencia militar y cre\u00eda que la pol\u00edtica era m\u00e1s peligrosa que las acciones militares donde sabes donde est\u00e1 el enemigo. Le re\u00edmos la gracia. Nos recibi\u00f3 y nos despidi\u00f3. El resto estuvimos en manos del coronel\u00a0 Diez de Diego, natural de Valladolid, 53 a\u00f1os, con muchos cursos y condecoraciones y capacidad para escuchar y explicar lo que hac\u00edan.<\/p>\n<p>Me salud\u00f3 otro de los jefes, el teniente coronel Diego de Somonte Galdeano, natural de Bilbao, aunque el dato no constaba en el librito que nos entregaron. Su padre hab\u00eda sido jefe del Cesid en Bilbao en 1983 y me dijo que era nieto de falangista fusilado y de gudari de los de Santo\u00f1a. Muy amable, nada m\u00e1s verme me regal\u00f3 un escudo del Athletic y hablamos del partido de la v\u00edspera. Era el segundo de a bordo y\u00a0 se le notaba el mando. Hab\u00eda estado en Pontevedra.<\/p>\n<p>En la base hay 485 militares de las Fuerzas Armadas y 12 guardia civiles en una Misi\u00f3n de la Otan de Asistencia, Entrenamiento y Asesoramiento de instituciones de seguridad afganas. Hab\u00edan tenido un coche bomba en Kaia sin graves consecuencias y una mina antitanque antigua hab\u00eda herido a un afgano.<\/p>\n<p>Nos ense\u00f1aron toda la base con ceremonia\u00a0 de homenaje a los muertos en acciones militares, exposici\u00f3n de lo que hac\u00edan por parte del coronel, visita a la unidad log\u00edstica, a la Garita, a los refugios, ver la patrulla de seguridad y los carros que utilizan as\u00ed como el armamento para finalizar visitando el hospital de campa\u00f1a que est\u00e1 muy bien. Atienden all\u00ed no solo a soldados sino a civiles afganos. Es notorio el caso de una chica de 24 a\u00f1os a \u00a0la que su pareja hab\u00eda herido gravemente en labios, orejas y nariz. El hospital \u00a0estaba muy bien montado.<\/p>\n<p>Y para finalizar nos llevaron a una tiendita que tienen en la base y a una carpa donde nos tomamos un vino y nos regalaron un llavero. El Jemad pidi\u00f3 el brindis por \u00abel primer soldado, el primer guardia civil, el primer marino, el primer piloto, el primer polic\u00eda de Espa\u00f1a, \u00a1Su Majestad el Rey!\u00bb. Todo a grandes voces. Pas\u00e9 del brindis. Me acord\u00e9 del rey padre el primer cazador de elefantes, el primer mujeriego, el primer comisionista, el primer jefe con hijos no reconocidos, el primer&#8230;.<\/p>\n<p>Y ah\u00ed acab\u00f3 todo. En el vuelo de vuelta llev\u00e1bamos coroneles, generales y altos funcionarios civiles afganos que han asumido\u00a0 cargos de responsabilidad en la Administraci\u00f3n o en las Fuerzas Armadas con el fin de prepararlos durante un mes\u00a0 en el funcionamiento de un marco democr\u00e1tico y de respeto a los Derechos Humanos a fin de contribuir a la creaci\u00f3n de una comunidad de paz y seguridad en el Asia Central.<\/p>\n<p>A mi lado en el avi\u00f3n me toc\u00f3 uno de estos militares afganos con tableta, m\u00f3vil, gafas de sol buen modelo y\u00a0lo primero que hizo fue no solo quitarse los zapatos, sino los calcetines blancos. Un tipo amable.<\/p>\n<p>En resumen, un viaje interesante con varias conclusiones.<\/p>\n<ul>\n<li>A\u00f1os y a\u00f1os de presencia y de guerra, \u00bfhan creado las condiciones para una paz duradera?.<\/li>\n<li>Espa\u00f1a deja esta base a fin de a\u00f1o. Se lleva el material militar caro. Deja la estructura. \u00bfSabr\u00e1n utilizarla\u00a0 los afganos con par\u00e1metros occidentales?.<\/li>\n<li>Tiene uno la sensaci\u00f3n que la mayor parte del tiempo la utilizan en autoprotecci\u00f3n porque la cosa no es broma. Pero \u00bfy cuando se vayan?. \u00bfQu\u00e9 han dejado?<\/li>\n<li>Estamos hablando de una misi\u00f3n militar pero all\u00ed hace falta fundamentalmente educaci\u00f3n, formaci\u00f3n y sanidad. \u00bfQu\u00e9 ha hecho la ONU complementando lo militar?.<\/li>\n<li>Me parece bien el trabajo militar que hacen los all\u00ed desplazados. Y mejor que lo hagan fuera a que est\u00e9n por aqu\u00ed en un cuartel murmurando o escuchando a alg\u00fan iluminado hablando del art\u00edculo 8 de la Constituci\u00f3n, pero, este caro y meritorio trabajo, \u00bfdejar\u00e1 alguna secuela?.<\/li>\n<\/ul>\n<p>Un militar me coment\u00f3 que los talibanes dicen: \u00abVosotros ten\u00e9is el reloj\u00a0 pero nosotros el tiempo\u00bb Y todo es una cuesti\u00f3n de tiempo.<\/p>\n<p>Cuando la luz se apague, \u00bfseguir\u00e1 la mujer preterida, el cultivo de la coca alimentando el mundo, las tribus en\u00a0lo suyo \u00a0y los talibanes en pie de guerra?.<\/p>\n<p>Creo haber estado en un oasis en tiempo de descuento porque el futuro no se ha dejado sembrado.<\/p>\n<!-- AddThis Advanced Settings generic via filter on the_content --><!-- AddThis Share Buttons generic via filter on the_content -->","protected":false},"excerpt":{"rendered":"<p>Lunes 16 de febrero de 2015 No estoy seguro de haber estado en Afganist\u00e1n o solamente en una base a\u00e9rea. Me ha ocurrido como la primera vez que fui por aquellos lares siendo Bono ministro de Defensa. En aquel momento el viaje era m\u00e1s complicado pues la guerra arreciaba y fuimos primero a Rusia en &hellip; <a href=\"https:\/\/blogs.deia.eus\/anasagasti\/2015\/02\/16\/cuatro-horas-en-afganistan\/\" class=\"more-link\">Sigue leyendo <span class=\"screen-reader-text\">Cuatro horas en Afganist\u00e1n<\/span><\/a><!-- AddThis Advanced Settings generic via filter on get_the_excerpt --><!-- AddThis Share Buttons generic via filter on get_the_excerpt --><\/p>\n","protected":false},"author":19,"featured_media":0,"comment_status":"open","ping_status":"open","sticky":false,"template":"","format":"standard","meta":{"footnotes":""},"categories":[1],"tags":[],"class_list":["post-6077","post","type-post","status-publish","format-standard","hentry","category-general"],"_links":{"self":[{"href":"https:\/\/blogs.deia.eus\/anasagasti\/wp-json\/wp\/v2\/posts\/6077","targetHints":{"allow":["GET"]}}],"collection":[{"href":"https:\/\/blogs.deia.eus\/anasagasti\/wp-json\/wp\/v2\/posts"}],"about":[{"href":"https:\/\/blogs.deia.eus\/anasagasti\/wp-json\/wp\/v2\/types\/post"}],"author":[{"embeddable":true,"href":"https:\/\/blogs.deia.eus\/anasagasti\/wp-json\/wp\/v2\/users\/19"}],"replies":[{"embeddable":true,"href":"https:\/\/blogs.deia.eus\/anasagasti\/wp-json\/wp\/v2\/comments?post=6077"}],"version-history":[{"count":1,"href":"https:\/\/blogs.deia.eus\/anasagasti\/wp-json\/wp\/v2\/posts\/6077\/revisions"}],"predecessor-version":[{"id":6079,"href":"https:\/\/blogs.deia.eus\/anasagasti\/wp-json\/wp\/v2\/posts\/6077\/revisions\/6079"}],"wp:attachment":[{"href":"https:\/\/blogs.deia.eus\/anasagasti\/wp-json\/wp\/v2\/media?parent=6077"}],"wp:term":[{"taxonomy":"category","embeddable":true,"href":"https:\/\/blogs.deia.eus\/anasagasti\/wp-json\/wp\/v2\/categories?post=6077"},{"taxonomy":"post_tag","embeddable":true,"href":"https:\/\/blogs.deia.eus\/anasagasti\/wp-json\/wp\/v2\/tags?post=6077"}],"curies":[{"name":"wp","href":"https:\/\/api.w.org\/{rel}","templated":true}]}}