{"id":6080,"date":"2015-02-17T21:32:32","date_gmt":"2015-02-17T19:32:32","guid":{"rendered":"http:\/\/blogs.deia.com\/anasagasti\/?p=6080"},"modified":"2015-02-17T21:32:32","modified_gmt":"2015-02-17T19:32:32","slug":"txitxirivitxe","status":"publish","type":"post","link":"https:\/\/blogs.deia.eus\/anasagasti\/2015\/02\/17\/txitxirivitxe\/","title":{"rendered":"Txitxirivitxe"},"content":{"rendered":"<p><strong>17 de febrero de 2015<\/strong><\/p>\n<p>Me imagino que todos los vascos que hemos estado en Venezuela o nacido all\u00ed hemos sonre\u00eddo con el traj\u00edn que se traen en Madrid a cuenta del Chichiriviche que todos conocemos. Y lo he puesto con Tx pues as\u00ed aparece hoy en El Mundo publicado por un columnista\u00a0 que lo mezcla todo. Se llama Jorge Bustos y dice refiri\u00e9ndose a De Juana Chaos que \u00aben pocas\u00a0 fisonom\u00edas\u00a0 como la del carnicero guipuzcoano\u00a0 resulta tan tentador asociar la est\u00e9tica a la \u00e9tica: esas bermudas, esas canillas cer\u00faleas, esa jeta de pat\u00edbulo dibujan una apostura rigurosamente digna del canon gudari que considera \u00e9pico descabezar a ni\u00f1as con Goma 2\u00bb.<\/p>\n<p>Tambi\u00e9n Gallego y Rey han sacado una caricatura a la que titulan VENEZULO.<\/p>\n<p>Apunte mejor Sr. Bustos pues ni\u00a0 Chichiriviche es nombre vasco\u00a0 ni \u00a0ese\u00a0 es el canon \u00abgudari\u00bb sino en todo caso el de ETA y por tanto el de un asesino al que dejaron en libertad tras cumplir su pena. O quiz\u00e1s por mal cumplir su pena. El\u00a0 glorioso gudari\u00a0 del PNV se defend\u00eda, y los comandos de ETA eran otra cosa. Como los torturadores espa\u00f1oles que persigue la justicia argentina.<\/p>\n<p><a href=\"http:\/\/blogs.deia.com\/anasagasti\/files\/2015\/02\/Chichiriviche1.png\"><img loading=\"lazy\" decoding=\"async\" class=\"alignleft size-full wp-image-6082\" src=\"http:\/\/blogs.deia.com\/anasagasti\/files\/2015\/02\/Chichiriviche1.png\" alt=\"Chichiriviche\" width=\"290\" height=\"174\" \/><\/a>Y Chichiriviche\u00a0 en voz caribe significa \u00absitio donde nace nuestro sol\u00bb. Y est\u00e1 cerca de Santa Ana de Coro y es capital del municipio Monse\u00f1or Iturriza. La Virgen del Coro es m\u00e1s bien la Virgen de Coro, llevada por la Compa\u00f1\u00eda Guipuzcoana de\u00a0 Caracas a Donosti por los Nav\u00edos de la Ilustraci\u00f3n de aquella Compa\u00f1\u00eda que ten\u00eda varios monopolios. Es negra y quiz\u00e1s viene de ah\u00ed. Pero hay otro Chichiriviche adem\u00e1s del nombrado estos d\u00edas en el estado Falc\u00f3n. Lo hay en el Distrito Federal, cerca de Caracas. Es al que \u00edbamos bastantes fines de semana \u00a0y donde los vascos ten\u00edan cogido medio pueblo.<\/p>\n<p>En Madrid el CNI le ha descubierto a De Juana en una licorer\u00eda en Chichiriviche y con ello han hecho un gran montaje. De Juana cometi\u00f3, tras salir de prisi\u00f3n,\u00a0el inmenso error, para \u00e9l,\u00a0de escribir\u00a0 un alegato que se consider\u00f3 una apolog\u00eda del terrorismo y ahora el juez Velasco\u00a0 ha enviado un oficio a la Interpol\u00a0 pidiendo que se compruebe si efectivamente\u00a0 reside en Chichiriviche. El delito de enaltecimiento del terrorismo no existe en la Venezuela bolivariana y seguramente lo echar\u00e1n a la basura. Buenos son ellos. Y ha sabido De Juana elegir el lugar donde vivir. Playa, ron, pesca de langosta \u00a0y paseos.<\/p>\n<p>No defiendo a De Juana, y menos sus asesinatos, pero esa sensibilidad la deber\u00eda tener\u00a0 asimismo el gobierno espa\u00f1ol con la juez Servini, la jueza argentina que quiere llamar a cap\u00edtulo a Martin Villa y a torturadores como el capit\u00e1n de la Guardia Civil Mu\u00f1ecas.<\/p>\n<p>Me imagino que De Juana seguir\u00e1 con su negocio de licor en Chichiriviche\u00a0 y \u00e9sto, tras las elecciones, quedar\u00e1 en nada. Los miembros de ETA que residen en Venezuela lo \u00a0hacen por acuerdo de Felipe Gonz\u00e1lez\u00a0 con \u00a0Miterrand\u00a0 ya que\u00a0 \u00e9ste no se fiaba de la justicia espa\u00f1ola.<\/p>\n<p>Una tormenta en un vaso de agua del Caribe.<\/p>\n<!-- AddThis Advanced Settings generic via filter on the_content --><!-- AddThis Share Buttons generic via filter on the_content -->","protected":false},"excerpt":{"rendered":"<p>17 de febrero de 2015 Me imagino que todos los vascos que hemos estado en Venezuela o nacido all\u00ed hemos sonre\u00eddo con el traj\u00edn que se traen en Madrid a cuenta del Chichiriviche que todos conocemos. Y lo he puesto con Tx pues as\u00ed aparece hoy en El Mundo publicado por un columnista\u00a0 que lo &hellip; <a href=\"https:\/\/blogs.deia.eus\/anasagasti\/2015\/02\/17\/txitxirivitxe\/\" class=\"more-link\">Sigue leyendo <span class=\"screen-reader-text\">Txitxirivitxe<\/span><\/a><!-- AddThis Advanced Settings generic via filter on get_the_excerpt --><!-- AddThis Share Buttons generic via filter on get_the_excerpt --><\/p>\n","protected":false},"author":19,"featured_media":0,"comment_status":"open","ping_status":"open","sticky":false,"template":"","format":"standard","meta":{"footnotes":""},"categories":[1],"tags":[],"class_list":["post-6080","post","type-post","status-publish","format-standard","hentry","category-general"],"_links":{"self":[{"href":"https:\/\/blogs.deia.eus\/anasagasti\/wp-json\/wp\/v2\/posts\/6080","targetHints":{"allow":["GET"]}}],"collection":[{"href":"https:\/\/blogs.deia.eus\/anasagasti\/wp-json\/wp\/v2\/posts"}],"about":[{"href":"https:\/\/blogs.deia.eus\/anasagasti\/wp-json\/wp\/v2\/types\/post"}],"author":[{"embeddable":true,"href":"https:\/\/blogs.deia.eus\/anasagasti\/wp-json\/wp\/v2\/users\/19"}],"replies":[{"embeddable":true,"href":"https:\/\/blogs.deia.eus\/anasagasti\/wp-json\/wp\/v2\/comments?post=6080"}],"version-history":[{"count":1,"href":"https:\/\/blogs.deia.eus\/anasagasti\/wp-json\/wp\/v2\/posts\/6080\/revisions"}],"predecessor-version":[{"id":6083,"href":"https:\/\/blogs.deia.eus\/anasagasti\/wp-json\/wp\/v2\/posts\/6080\/revisions\/6083"}],"wp:attachment":[{"href":"https:\/\/blogs.deia.eus\/anasagasti\/wp-json\/wp\/v2\/media?parent=6080"}],"wp:term":[{"taxonomy":"category","embeddable":true,"href":"https:\/\/blogs.deia.eus\/anasagasti\/wp-json\/wp\/v2\/categories?post=6080"},{"taxonomy":"post_tag","embeddable":true,"href":"https:\/\/blogs.deia.eus\/anasagasti\/wp-json\/wp\/v2\/tags?post=6080"}],"curies":[{"name":"wp","href":"https:\/\/api.w.org\/{rel}","templated":true}]}}