{"id":6084,"date":"2015-02-18T22:32:44","date_gmt":"2015-02-18T20:32:44","guid":{"rendered":"http:\/\/blogs.deia.com\/anasagasti\/?p=6084"},"modified":"2015-02-18T22:32:44","modified_gmt":"2015-02-18T20:32:44","slug":"una-hora-con-federica-mogherini","status":"publish","type":"post","link":"https:\/\/blogs.deia.eus\/anasagasti\/2015\/02\/18\/una-hora-con-federica-mogherini\/","title":{"rendered":"Una hora con Federica Mogherini"},"content":{"rendered":"<p><strong>Mi\u00e9rcoles 18 de febrero de 2015<\/strong><\/p>\n<p><a href=\"http:\/\/blogs.deia.com\/anasagasti\/files\/2015\/02\/Federica-Mogherini.png\"><img loading=\"lazy\" decoding=\"async\" class=\"alignleft size-full wp-image-6085\" src=\"http:\/\/blogs.deia.com\/anasagasti\/files\/2015\/02\/Federica-Mogherini.png\" alt=\"Federica Mogherini\" width=\"275\" height=\"183\" \/><\/a>Con mucho protocolo y hasta un punto de misterio nos visit\u00f3 este lunes Federica Mogherini Alta Representante de la Uni\u00f3n Europea para las Relaciones Exteriores y la Pol\u00edtica de Seguridad. Es adem\u00e1s, vicepresidenta de la\u00a0 Comisi\u00f3n y la mujer que ha sustituido a la desastrosa Catherine Ashton, la Comisaria de la legislatura de Barroso y una se\u00f1ora que pas\u00f3 por ahi y no dej\u00f3 recuerdo de haber hecho casi nada. Do\u00f1a Federica\u00a0 ha sido eurodiputada y ministra de Asuntos Exteriores de Italia. Parece fr\u00e1gil pero debe tener personalidad.<\/p>\n<p>Ten\u00eda un programa apretado. Visitar al ministro de defensa, al de exteriores, a Rajoy, al rey (visita prescindible), al parlamento, y a la casa de Am\u00e9rica Todo eso en diez horas.<\/p>\n<p>Al Parlamento dedic\u00f3 una hora. Nos reunimos con ella las Mesas y Portavoces\u00a0 de \u00a0las comisiones de exteriores, la mixta, la de cooperaci\u00f3n. Expuso como ve su cargo y lo que est\u00e1 haciendo. Ucrania, Libia, Siria, Lampedusa, norte de \u00c1frica, medios, reuniones, resistencias, trabajo, vida en un aeropuerto.<\/p>\n<p>Y un comentario. \u00abAnte un conflicto. \u00bfFuerza o firmeza?\u00bb. \u00abTenemos que defender\u00a0 los valores que han caracterizado a Europa y la legalidad internacional\u00bb.<\/p>\n<p>Y preguntas. Cinco minutos para cada Grupo.<\/p>\n<p>Aitor Esteban pregunt\u00f3 sobre los nacionalismos democr\u00e1ticos y sobre la diplomacia europea. Yo pregunt\u00e9 por algo que asimismo \u00a0le interes\u00f3. En 1996 se acord\u00f3 una pol\u00edtica com\u00fan hacia Cuba de la Uni\u00f3n Europea. Hab\u00eda un enfoque europeo de relaci\u00f3n, aunque prosegu\u00edan las relaciones bilaterales y los acuerdos comerciales y el mes que viene, en la Habana, se van a analizar estas relaciones, que vislumbran un futuro mejor tras el acuerdo Castro-Obama.<\/p>\n<p>Ante eso mi pregunta fue si lo mismo se puede hacer con Venezuela ante la ca\u00f3tica situaci\u00f3n que se vive, la conculcaci\u00f3n diaria de los derechos humanos, el encarcelamiento de la oposici\u00f3n, el desabastecimiento, la inflaci\u00f3n, la absoluta inseguridad, la marcha de los j\u00f3venes del pa\u00eds&#8230;<\/p>\n<p>Me contest\u00f3 que \u00e9ste es uno de los asuntos m\u00e1s dif\u00edciles y conflictivos que tiene encima de la mesa pero que lo va a abordar pues coincid\u00eda en el an\u00e1lisis. \u00abNo renuncio a implicarme. Lo tengo muy presente\u00bb.<\/p>\n<p>Me pareci\u00f3 una persona que no se iba por las ramas. Y quiz\u00e1s ser\u00e1 una buena ministra\u00a0 de Asuntos Exteriores\u00a0 de\u00a0 esta\u00a0 Europa en construcci\u00f3n y con necesidad de acuerdos y de una\u00a0\u00fanica pol\u00edtica exterior.<\/p>\n<p>&nbsp;<\/p>\n<!-- AddThis Advanced Settings generic via filter on the_content --><!-- AddThis Share Buttons generic via filter on the_content -->","protected":false},"excerpt":{"rendered":"<p>Mi\u00e9rcoles 18 de febrero de 2015 Con mucho protocolo y hasta un punto de misterio nos visit\u00f3 este lunes Federica Mogherini Alta Representante de la Uni\u00f3n Europea para las Relaciones Exteriores y la Pol\u00edtica de Seguridad. Es adem\u00e1s, vicepresidenta de la\u00a0 Comisi\u00f3n y la mujer que ha sustituido a la desastrosa Catherine Ashton, la Comisaria &hellip; <a href=\"https:\/\/blogs.deia.eus\/anasagasti\/2015\/02\/18\/una-hora-con-federica-mogherini\/\" class=\"more-link\">Sigue leyendo <span class=\"screen-reader-text\">Una hora con Federica Mogherini<\/span><\/a><!-- AddThis Advanced Settings generic via filter on get_the_excerpt --><!-- AddThis Share Buttons generic via filter on get_the_excerpt --><\/p>\n","protected":false},"author":19,"featured_media":0,"comment_status":"open","ping_status":"open","sticky":false,"template":"","format":"standard","meta":{"footnotes":""},"categories":[1],"tags":[],"class_list":["post-6084","post","type-post","status-publish","format-standard","hentry","category-general"],"_links":{"self":[{"href":"https:\/\/blogs.deia.eus\/anasagasti\/wp-json\/wp\/v2\/posts\/6084","targetHints":{"allow":["GET"]}}],"collection":[{"href":"https:\/\/blogs.deia.eus\/anasagasti\/wp-json\/wp\/v2\/posts"}],"about":[{"href":"https:\/\/blogs.deia.eus\/anasagasti\/wp-json\/wp\/v2\/types\/post"}],"author":[{"embeddable":true,"href":"https:\/\/blogs.deia.eus\/anasagasti\/wp-json\/wp\/v2\/users\/19"}],"replies":[{"embeddable":true,"href":"https:\/\/blogs.deia.eus\/anasagasti\/wp-json\/wp\/v2\/comments?post=6084"}],"version-history":[{"count":1,"href":"https:\/\/blogs.deia.eus\/anasagasti\/wp-json\/wp\/v2\/posts\/6084\/revisions"}],"predecessor-version":[{"id":6086,"href":"https:\/\/blogs.deia.eus\/anasagasti\/wp-json\/wp\/v2\/posts\/6084\/revisions\/6086"}],"wp:attachment":[{"href":"https:\/\/blogs.deia.eus\/anasagasti\/wp-json\/wp\/v2\/media?parent=6084"}],"wp:term":[{"taxonomy":"category","embeddable":true,"href":"https:\/\/blogs.deia.eus\/anasagasti\/wp-json\/wp\/v2\/categories?post=6084"},{"taxonomy":"post_tag","embeddable":true,"href":"https:\/\/blogs.deia.eus\/anasagasti\/wp-json\/wp\/v2\/tags?post=6084"}],"curies":[{"name":"wp","href":"https:\/\/api.w.org\/{rel}","templated":true}]}}