{"id":6087,"date":"2015-02-19T16:22:54","date_gmt":"2015-02-19T14:22:54","guid":{"rendered":"http:\/\/blogs.deia.com\/anasagasti\/?p=6087"},"modified":"2015-02-19T16:22:54","modified_gmt":"2015-02-19T14:22:54","slug":"el-tribunal-de-baleares-rechaza-que-el-juez-castro-siga-como-emerito","status":"publish","type":"post","link":"https:\/\/blogs.deia.eus\/anasagasti\/2015\/02\/19\/el-tribunal-de-baleares-rechaza-que-el-juez-castro-siga-como-emerito\/","title":{"rendered":"El Tribunal de Baleares rechaza que el Juez Castro siga como em\u00e9rito"},"content":{"rendered":"<p><strong>Jueves 19 de febrero de 2015<\/strong><\/p>\n<p><a href=\"http:\/\/blogs.deia.com\/anasagasti\/files\/2015\/02\/Juez-Castro.png\"><img loading=\"lazy\" decoding=\"async\" class=\"alignleft size-full wp-image-6088\" src=\"http:\/\/blogs.deia.com\/anasagasti\/files\/2015\/02\/Juez-Castro.png\" alt=\"Juez Castro\" width=\"560\" height=\"316\" \/><\/a>La justicia espa\u00f1ola no es independiente. Le aguantaron al juez Castro en su d\u00eda porque no les qued\u00f3 m\u00e1s remedio porque la opini\u00f3n p\u00fablica los ten\u00eda bajo su seguimiento, pero llegada la hora de su jubilaci\u00f3n le aplican\u00a0 al juez Castro la ley con un rigor que no tienen para otras cosas. Y es que ah\u00ed tenemos adem\u00e1s \u00a0los casos de los \u00a0jueces Ruz, Garz\u00f3n, Elpidio Silva y otros a los que les hacen la vida imposible.<\/p>\n<p>Primer rev\u00e9s directo a las intenciones del juez Jos\u00e9 Castro para prolongar\u00a0su actividad, con la f\u00f3rmula de juez em\u00e9rito, m\u00e1s all\u00e1 de la fecha de su jubilaci\u00f3n. El instructor cumple 70 a\u00f1os en diciembre de 2015 y la sala de Gobierno del Tribunal Superior de Justicia de Baleares, formada por nueve jueces, ha emitido un informe al Consejo General del Poder Judicial en el que, con frialdad administrativa y mala intenci\u00f3n recuerda que \u201cla solicitud no se adec\u00faa a lo previsto\u201d en la Ley Org\u00e1nica del Poder Judicial.<\/p>\n<p>Los jueces em\u00e9ritos han sido hasta ahora, magistrados suplentes para formar sala de Tribunales Superiores, Audiencia Nacional y Audiencia Provinciales. El juez Jos\u00e9 Castro, un profesional apreciado por sus colegas sin adscripci\u00f3n a grupos profesionales, solicit\u00f3 la prolongaci\u00f3n de su actividad desde y en su juzgado de instrucci\u00f3n y por primera vez en Espa\u00f1a desde este nivel de la carrera judicial.<\/p>\n<p>El juez Castro y la sala hablan de preservar \u00abla continuidad de las investigaciones\u00bb. El juez, de manera excepcional quiere seguir trabajando bajo esta f\u00f3rmula para poder cerrar las 20 piezas pendientes del\u00a0caso Palma Arena. Castro, que ha tenido un juez de apoyo o refuerzo, recuerda al \u00f3rgano de Gobierno que ser\u00eda un \u201cquebranto\u201d para quien le sustituya dejar tantas piezas sin cerrar.<\/p>\n<p>El Consejo General del Poder Judicial decidir\u00e1. Castro plante\u00f3 su petici\u00f3n exclusivamente para acabar la macro causa que investiga desde 2008, el caso Palma Arena, de supuesta corrupci\u00f3n de la \u00e9poca del Gobierno de Baleares de Jaume Matas del PP (2003-2007). Condicion\u00f3 la eventual prolongaci\u00f3n de su vida laboral como magistrado a ser juez de refuerzo en su propio juzgado para centrarse exclusivamente en concluir la instrucci\u00f3n.<\/p>\n<p>El plazo establecido para las pr\u00f3rrogas de actividad en magistrados em\u00e9ritos es de cinco a\u00f1os, hasta los 75 a\u00f1os. Castro tan solo quiere alargar su actividad hasta culminar la causa concreta, sin necesidad de alcanzar los cinco a\u00f1os en ejercicio.<\/p>\n<p>Con un Poder Judicial mediatizado no le auguro un gran futuro a este juez independiente. Por eso lo quitan. La Justicia en Espa\u00f1a est\u00e1 como est\u00e1. Y \u00e9sta es una buena prueba.<\/p>\n<p>&nbsp;<\/p>\n<p>&nbsp;<\/p>\n<p>&nbsp;<\/p>\n<!-- AddThis Advanced Settings generic via filter on the_content --><!-- AddThis Share Buttons generic via filter on the_content -->","protected":false},"excerpt":{"rendered":"<p>Jueves 19 de febrero de 2015 La justicia espa\u00f1ola no es independiente. Le aguantaron al juez Castro en su d\u00eda porque no les qued\u00f3 m\u00e1s remedio porque la opini\u00f3n p\u00fablica los ten\u00eda bajo su seguimiento, pero llegada la hora de su jubilaci\u00f3n le aplican\u00a0 al juez Castro la ley con un rigor que no tienen &hellip; <a href=\"https:\/\/blogs.deia.eus\/anasagasti\/2015\/02\/19\/el-tribunal-de-baleares-rechaza-que-el-juez-castro-siga-como-emerito\/\" class=\"more-link\">Sigue leyendo <span class=\"screen-reader-text\">El Tribunal de Baleares rechaza que el Juez Castro siga como em\u00e9rito<\/span><\/a><!-- AddThis Advanced Settings generic via filter on get_the_excerpt --><!-- AddThis Share Buttons generic via filter on get_the_excerpt --><\/p>\n","protected":false},"author":19,"featured_media":0,"comment_status":"open","ping_status":"open","sticky":false,"template":"","format":"standard","meta":{"footnotes":""},"categories":[1],"tags":[],"class_list":["post-6087","post","type-post","status-publish","format-standard","hentry","category-general"],"_links":{"self":[{"href":"https:\/\/blogs.deia.eus\/anasagasti\/wp-json\/wp\/v2\/posts\/6087","targetHints":{"allow":["GET"]}}],"collection":[{"href":"https:\/\/blogs.deia.eus\/anasagasti\/wp-json\/wp\/v2\/posts"}],"about":[{"href":"https:\/\/blogs.deia.eus\/anasagasti\/wp-json\/wp\/v2\/types\/post"}],"author":[{"embeddable":true,"href":"https:\/\/blogs.deia.eus\/anasagasti\/wp-json\/wp\/v2\/users\/19"}],"replies":[{"embeddable":true,"href":"https:\/\/blogs.deia.eus\/anasagasti\/wp-json\/wp\/v2\/comments?post=6087"}],"version-history":[{"count":1,"href":"https:\/\/blogs.deia.eus\/anasagasti\/wp-json\/wp\/v2\/posts\/6087\/revisions"}],"predecessor-version":[{"id":6089,"href":"https:\/\/blogs.deia.eus\/anasagasti\/wp-json\/wp\/v2\/posts\/6087\/revisions\/6089"}],"wp:attachment":[{"href":"https:\/\/blogs.deia.eus\/anasagasti\/wp-json\/wp\/v2\/media?parent=6087"}],"wp:term":[{"taxonomy":"category","embeddable":true,"href":"https:\/\/blogs.deia.eus\/anasagasti\/wp-json\/wp\/v2\/categories?post=6087"},{"taxonomy":"post_tag","embeddable":true,"href":"https:\/\/blogs.deia.eus\/anasagasti\/wp-json\/wp\/v2\/tags?post=6087"}],"curies":[{"name":"wp","href":"https:\/\/api.w.org\/{rel}","templated":true}]}}