{"id":6091,"date":"2015-02-20T22:03:44","date_gmt":"2015-02-20T20:03:44","guid":{"rendered":"http:\/\/blogs.deia.com\/anasagasti\/?p=6091"},"modified":"2015-02-20T22:03:44","modified_gmt":"2015-02-20T20:03:44","slug":"nos-visita-ivan-cepeda","status":"publish","type":"post","link":"https:\/\/blogs.deia.eus\/anasagasti\/2015\/02\/20\/nos-visita-ivan-cepeda\/","title":{"rendered":"Nos visita Iv\u00e1n Cepeda"},"content":{"rendered":"<p><strong>Viernes 20 de febrero de 2015<\/strong><\/p>\n<p><a href=\"http:\/\/blogs.deia.com\/anasagasti\/files\/2015\/02\/a.jpg\"><img loading=\"lazy\" decoding=\"async\" class=\"alignleft size-large wp-image-6092\" src=\"http:\/\/blogs.deia.com\/anasagasti\/files\/2015\/02\/a-940x705.jpg\" alt=\"a\" width=\"580\" height=\"435\" srcset=\"https:\/\/blogs.deia.eus\/anasagasti\/files\/2015\/02\/a-940x705.jpg 940w, https:\/\/blogs.deia.eus\/anasagasti\/files\/2015\/02\/a-580x435.jpg 580w, https:\/\/blogs.deia.eus\/anasagasti\/files\/2015\/02\/a.jpg 1280w\" sizes=\"auto, (max-width: 580px) 100vw, 580px\" \/><\/a>Tenemos un activo Intergrupo de Derechos Humanos\u00a0 en el Senado y hoy, de la mano de Urko Aiartza, senador por Amaiur, hemos\u00a0 recibido al senador colombiano por el Polo\u00a0 Democr\u00e1tico\u00a0Alternativo Iv\u00e1n Cepeda, fil\u00f3sofo de profesi\u00f3n\u00a0 y defensor de derechos humanos. Hemos estado representantes \u00a0de todos los Grupos. Garc\u00eda Carnero por el PP, Camacho por el PSOE, Iglesias por IU, Capella por ERC, Unamunzaga y Aiartza por Amaiur y yo mismo por el PNV.<\/p>\n<p>Iv\u00e1n Cepeda habla muy bien. Es claro y muy pedag\u00f3gico en sus intervenciones y en veinte minutos nos ha ilustrado sobre el proceso de paz y los principales problemas y escollos que han de superar.<\/p>\n<p>Cepeda ha sido muy cuidadoso con el lenguaje\u00a0 y ha comentado que uno de los problemas principales y dif\u00edciles era el modelo de Justicia Transicional y algo que ha propuesto el ex presidente Cesar Gaviria con la posible \u00a0aprobaci\u00f3n de una ley de Punto Final que mire al futuro y no juzgue a paramilitares, guerrilleros, pol\u00edticos, miembros de las Farc y gentes implicadas en la represi\u00f3n. Las Asociaciones de V\u00edctimas y de Derechos Humanos no est\u00e1n de acuerdo con la propuesta pero ah\u00ed est\u00e1 el envite.<\/p>\n<p>Otros problemas son el modelo de dejaci\u00f3n de las armas. Siguen lo que se ha hecho en Irlanda, Nepal y el Salvador, y otro la refrendaci\u00f3n de acuerdos con preguntas muy expl\u00edcitas\u00a0 sobre el proceso o uno m\u00e1s general que lo \u00a0ratifique\u00a0 y lo legitime popularmente.<\/p>\n<p>Hemos hablado bastante del ex presidente Uribe y del presidente Santos. Garc\u00eda Carnero y yo recibimos en el Senado\u00a0 a Juan Manuel\u00a0 Santos cuando era ministro de Defensa de Uribe y tambi\u00e9n le visitamos a Uribe\u00a0 en el Palacio presidencial.<\/p>\n<p>De Uribe ha dicho que es un l\u00edder del que discrepa y que no comparte su visi\u00f3n, sus premisas ideol\u00f3gicas, ni su estilo pero tiene un modelo de pa\u00eds para Colombia y para Am\u00e9rica Latina. Es hombre de amigos y de enemigos y\u00a0 a nadie deja indiferente. Y ha contado que tuvo una conversaci\u00f3n con el presidente Santos que le dijo: \u00abUsted y yo somos antagonistas, pero podemos ponernos de acuerdo en un proceso de paz\u00bb.<\/p>\n<p>Pero esto no ocurre con Uribe que ha dividido al pa\u00eds en dos. Y es muy beligerante. Es muy amigo de Aznar y de su estilo.<\/p>\n<p>Le he preguntado por el episodio del general que fue secuestrado hace poco, por la postura de los medios y por los\u00a0 desplazados y el reparto de tierras.<\/p>\n<p>Ha sido una hora interesante y seguida. De all\u00ed iba al Congreso.<\/p>\n<p>Y algo tambi\u00e9n a destacar. Ha venido de la mano de Amaiur y all\u00ed hemos estado todos. Y no solo eso, sino que Amaiur present\u00f3 una moci\u00f3n que fue aprobada por todos los grupos con alguna enmienda que le plante\u00f3 el PP.<\/p>\n<p>Algo tambi\u00e9n se mueve por estos lares.<\/p>\n<p>&nbsp;<\/p>\n<!-- AddThis Advanced Settings generic via filter on the_content --><!-- AddThis Share Buttons generic via filter on the_content -->","protected":false},"excerpt":{"rendered":"<p>Viernes 20 de febrero de 2015 Tenemos un activo Intergrupo de Derechos Humanos\u00a0 en el Senado y hoy, de la mano de Urko Aiartza, senador por Amaiur, hemos\u00a0 recibido al senador colombiano por el Polo\u00a0 Democr\u00e1tico\u00a0Alternativo Iv\u00e1n Cepeda, fil\u00f3sofo de profesi\u00f3n\u00a0 y defensor de derechos humanos. Hemos estado representantes \u00a0de todos los Grupos. Garc\u00eda Carnero &hellip; <a href=\"https:\/\/blogs.deia.eus\/anasagasti\/2015\/02\/20\/nos-visita-ivan-cepeda\/\" class=\"more-link\">Sigue leyendo <span class=\"screen-reader-text\">Nos visita Iv\u00e1n Cepeda<\/span><\/a><!-- AddThis Advanced Settings generic via filter on get_the_excerpt --><!-- AddThis Share Buttons generic via filter on get_the_excerpt --><\/p>\n","protected":false},"author":19,"featured_media":0,"comment_status":"open","ping_status":"open","sticky":false,"template":"","format":"standard","meta":{"footnotes":""},"categories":[1],"tags":[],"class_list":["post-6091","post","type-post","status-publish","format-standard","hentry","category-general"],"_links":{"self":[{"href":"https:\/\/blogs.deia.eus\/anasagasti\/wp-json\/wp\/v2\/posts\/6091","targetHints":{"allow":["GET"]}}],"collection":[{"href":"https:\/\/blogs.deia.eus\/anasagasti\/wp-json\/wp\/v2\/posts"}],"about":[{"href":"https:\/\/blogs.deia.eus\/anasagasti\/wp-json\/wp\/v2\/types\/post"}],"author":[{"embeddable":true,"href":"https:\/\/blogs.deia.eus\/anasagasti\/wp-json\/wp\/v2\/users\/19"}],"replies":[{"embeddable":true,"href":"https:\/\/blogs.deia.eus\/anasagasti\/wp-json\/wp\/v2\/comments?post=6091"}],"version-history":[{"count":1,"href":"https:\/\/blogs.deia.eus\/anasagasti\/wp-json\/wp\/v2\/posts\/6091\/revisions"}],"predecessor-version":[{"id":6093,"href":"https:\/\/blogs.deia.eus\/anasagasti\/wp-json\/wp\/v2\/posts\/6091\/revisions\/6093"}],"wp:attachment":[{"href":"https:\/\/blogs.deia.eus\/anasagasti\/wp-json\/wp\/v2\/media?parent=6091"}],"wp:term":[{"taxonomy":"category","embeddable":true,"href":"https:\/\/blogs.deia.eus\/anasagasti\/wp-json\/wp\/v2\/categories?post=6091"},{"taxonomy":"post_tag","embeddable":true,"href":"https:\/\/blogs.deia.eus\/anasagasti\/wp-json\/wp\/v2\/tags?post=6091"}],"curies":[{"name":"wp","href":"https:\/\/api.w.org\/{rel}","templated":true}]}}