{"id":6095,"date":"2015-02-21T21:24:33","date_gmt":"2015-02-21T19:24:33","guid":{"rendered":"http:\/\/blogs.deia.com\/anasagasti\/?p=6095"},"modified":"2015-02-21T21:24:33","modified_gmt":"2015-02-21T19:24:33","slug":"la-pregunta-de-sabino-y-el-aquarium-de-arraiz","status":"publish","type":"post","link":"https:\/\/blogs.deia.eus\/anasagasti\/2015\/02\/21\/la-pregunta-de-sabino-y-el-aquarium-de-arraiz\/","title":{"rendered":"La pregunta de Sabino y el Aquarium de Arraiz."},"content":{"rendered":"<p><strong>Domingo 22 de febrero de 2015<\/strong><\/p>\n<p>Cuando en 1989\u00a0 cay\u00f3 el Muro de Berl\u00edn (muchos todav\u00eda no se han enterado) y estall\u00f3\u00a0 aquella\u00a0 Uni\u00f3n Sovi\u00e9tica que parec\u00eda inamovible, un economista ruso ante las dificultades que ten\u00edan ante s\u00ed dijo aquello que era f\u00e1cil en un Aquarium hacer una sopa de pescado, pero era casi imposible hacer un Aquarium de una sopa de pescado.<\/p>\n<p>La reflexi\u00f3n la record\u00e9 cuando el pasado 1 de febrero en el caf\u00e9 tertulia que organiz\u00f3 en el Aquarium de Donosti\u00a0 el presidente de \u00a0Sortu, Hasier Arraiz\u00a0 en su campa\u00f1a explicativa de su propuesta de V\u00eda Vasca hacia la independencia\u00a0 bajo el t\u00edtulo de \u201cLa hora de la Voluntad Popular\u201d, se\u00f1al\u00f3 al Lehendakari Urkullu como \u201cel gran problema\u201d para tejer pactos con el PNV\u201d. El lehendakari pues, se est\u00e1 convirtiendo\u00a0 en un aut\u00e9ntico obst\u00e1culo para la colaboraci\u00f3n entre ambos partidos, sobre todo en asuntos referentes al autogobierno y a la consecuci\u00f3n de un nuevo y diferente estatus pol\u00edtico y jur\u00eddico para Euzkadi. Y como no pod\u00eda ser menos, porque son maestros en inventar nombres, han bautizado esta iniciativa como \u201cBidelagun\u201d.<\/p>\n<p>No quieren pues\u00a0 hacer una sopa de pescado en \u00a0su \u00a0Aquarium, sino sacar un Aquarium de su particular \u00a0sopa de pescado. Y para ello \u00a0ya han encontrado al responsable de que no se pueda hacer en la figura del Lehendakari, sin darse cuenta que si siguen por ese camino no tendr\u00e1n con el tiempo, ni sopa de pescado ni Aquarium.<\/p>\n<p>Y es que eso de las descalificaciones ad hominen no son nuevas. Cuando Felipe Gonz\u00e1lez y Alfonso Guerra vieron que no pod\u00edan vencer a UCD en las urnas, una mano caritativa les se\u00f1al\u00f3 que lo que ten\u00edan que hacer era disparar contra el presidente Adolfo Suarez e irlo debilitando con descalificaciones, mociones de censura \u00a0as\u00ed como dentro de su partido. Y as\u00ed fue como se cargaron al \u201cTahur del Mississipi con chaleco floreado\u201d como as\u00ed le defini\u00f3 Guerra\u00a0 que con\u00a0 eso y la inestimable ayuda del golpista Juan Carlos, lograron su cometido.<\/p>\n<p>Tambi\u00e9n existe un proverbio ruso que nos dice que el \u00fanico lugar en el que el queso es gratis es en la ratonera. Y el aparente problema para descalificar a Urkullu por parte de Arraiz es que \u00a0lehendakari sabe que el queso que vende Arraiz lo trata de comercializar \u00a0\u00e9ste en su particular ratonera. Y que para ello ha de desconocer la historia y vendernos como cosecha propia lo que un joven de 27 a\u00f1os, hijo de carlista, les dijo a los euskalerriacos en 1893 al presentarles su invento, aquel que dec\u00eda que Euzkadi era la Patria de los Vascos.<\/p>\n<p>Al mundo de Bildu les molesta Sabino Arana. Y no lo reconocen. Les da grima que existiendo en 1893 la Euskal Herria de los foralistas y euskalerriacos, amantes\u00a0 de un vasquismo light aquel joven impertinente, en el txakoli de Larrazabal, dijera a los se\u00f1oritos de Bilbao que hab\u00eda que apostar por una naci\u00f3n con siete territorios, una bandera, un himno, y un lugar en el mundo, con un euskera recuperado, con la gente llam\u00e1ndose, Gorka, Libe, Aintzane, I\u00f1aki, o Iker \u00a0y\u00a0 en \u00a0un pa\u00eds con una arquitectura distinguible\u00a0 que adem\u00e1s \u00a0habr\u00eda recuperado su genio civil, as\u00ed como que no enviaba a sus mozos a hacer el servicio militar obligatorio y a sus gentes a pagar impuestos. Y el copyright de esa f\u00f3rmula de la Coca Cola no la tiene Arraiz, sino Sabino Arana que adem\u00e1s fund\u00f3 un partido, el PNV, del cual, I\u00f1igo Urkullu es seguidor sabiniano y jelkide.<\/p>\n<p>Sabino Arana, aquella tarde en el txakoli de\u00a0 Larrazabal\u00a0 les hizo una pregunta clave a los all\u00ed reunidos. \u201dEn Bizkaya hay partidos alfonsinos, mon\u00e1rquicos, carlistas, liberales, euskalerriacos y socialistas, pero d\u00edganme ustedes \u00bfQu\u00e9 partido\u00a0 trabaja por los intereses de Bizkaya?\u201d.<\/p>\n<p>Me imagino que la repuesta ser\u00eda: nadie. Y de ah\u00ed surgi\u00f3 \u00a0lo que ahora Hasier Arraiz quiere poner en marcha 122 a\u00f1os despu\u00e9s, desconociendo todo lo anteriormente hecho.<\/p>\n<p>Hay que reconocerle que su campa\u00f1a para tratar de convertir a Euzkadi en el nombre de tres territorios goza de buena salud ante la incultura hist\u00f3rica \u00a0existente. A menos informaci\u00f3n m\u00e1s gato por liebre. El partido que preside se llama EH-Bildu rompiendo incluso con la jerga revolucionaria abertzale de siempre que no bautiz\u00f3 a ETA como \u201cEuskal Herria ta Askatasuna\u201d, sino como Euzkadi ta Askatasuna. Y adem\u00e1s con z. Euskal Herria era una designaci\u00f3n cultural y ling\u00fc\u00edstica \u00a0muy respetable pero nunca fue un t\u00e9rmino pol\u00edtico. Buena prueba de ello es que el franquismo \u00a0permiti\u00f3 su uso sin ning\u00fan problema, mientras persegu\u00eda todo lo que oliera a Euzkadi. No s\u00e9 c\u00f3mo la actual EITB no tiene un libro de estilo para poner las cosas en su sitio, aunque en el estatuto y en funci\u00f3n del consenso y\u00a0 de \u00a0aguar la obra de Sabino se le a\u00f1adiera\u00a0 Euskal Herria junto al Pa\u00eds Vasco porque en 1979, el nombre de Euzkadi segu\u00eda oliendo a p\u00f3lvora.<\/p>\n<p>Hay que recordar tambi\u00e9n que por razones de coyuntura, por presi\u00f3n militar, y por juego sucio se desgaj\u00f3 Navarra del proyecto nacional y eso les vale a estos revolucionarios a la violeta para meter de matute algo que no fue lo dise\u00f1ado por Arana que conceb\u00eda una Euzkadi con seis-siete territorios, Iparralde incluido.<\/p>\n<p>Y lo acabamos de ver cuando el pasado\u00a0 25 de enero se cumplieron ciento cincuenta a\u00f1os del nacimiento de Sabino Arana. Una fecha redonda que para Hasier Arraiz no existi\u00f3 y por tanto \u00a0nada hab\u00eda que recordar. A diferencia de lo\u00a0 que \u00a0ocurre en los pueblos maduros, los ciudadanos reconocen los referentes pol\u00edticos y culturales de su pa\u00eds, aunque discrepen de su ideolog\u00eda. No creo que en Italia todos comulguen con Garibaldi y Cavour pero reconocen que fueron \u00a0los art\u00edfices de su unificaci\u00f3n. Lo mismo en Am\u00e9rica con Bol\u00edvar, o \u00a0en Argentina con San Martin, en los Estados Unidos con Washington, en Gran Breta\u00f1a con Cromwell y la semana pasada con Churchill, \u00a0y en Irlanda con Collins, en\u2026..Pero en Euzkadi, para los Arraiz, Sabino Arana es invisible \u00a0y no solo no reconocen su legado, sino le cambian el nombre a su proclama para que quede claro que los descubridores del abertzalismo son ellos y que Urkullu es un impedimento para logar sus prop\u00f3sitos.<\/p>\n<p>Es curioso que este mundo, que ha apoyado la lucha armada cincuenta a\u00f1os siguiendo la consigna del silencio de los corderos\u00a0 y comprobando silentemente \u00a0los resultados que esta violencia nos ha dejado como legado, sigan acentuando su perfil hipernacionalista, ocultando su programa social que era al parecer lo que les importaba. Saben que el sentimiento nacional es un gran movilizador y act\u00faan en consecuencia mientras se enredan en proyectos esencialistas para no reconocer nada a nadie. Lo de las basuras en Gipuzkoa es paradigm\u00e1tico.<\/p>\n<p>Mucho se puede hablar del da\u00f1o causado por ETA y por quienes le han apoyado y siguen apoyando pero una de las consecuencia que fue apuntada en la Jornada que organiz\u00f3 la Fundaci\u00f3n Sabino Arana sobre Memoria Hist\u00f3rica donde se abord\u00f3 esta cuesti\u00f3n desde diversos puntos de vista fue la denuncia a quienes han desviado la atenci\u00f3n de algo que hoy seguir\u00eda en el centro del debate, pero de otra forma.<\/p>\n<p>Si ETA no hubiera continuado \u00a0matando y extorsionando durante \u00a0los\u00a0 cuarenta \u00faltimos a\u00f1os, el debate estar\u00eda centrado en lo que ha significado para Euzkadi el franquismo y sus consecuencias y la derecha no estar\u00eda tan ensoberbecida como lo est\u00e1, habiendo sido la gran causante, junto con un ej\u00e9rcito golpista, de miles de asesinatos, torturas, desapariciones, vejaciones sin cuento, exilios y persecuciones de todo tipo.<\/p>\n<p>Hoy, como se record\u00f3, en las Cortes Generales no hay una Comisi\u00f3n de Derechos Humanos como la \u00a0hay en todos los Parlamentos de Europa, ning\u00fan presidente, ni ning\u00fan rey ha pedido perd\u00f3n por nada, siguen por ah\u00ed s\u00edmbolos franquistas, el Valle de los Ca\u00eddos con dictador dentro sigue siendo objeto de culto y turismo y todos los represaliados han ido muriendo en silencio sin que nadie les haya dicho una palabra amable en su vida, mientras miles de esqueletos\u00a0 duermen el sue\u00f1o de los justos en cunetas olvidadas o bajo los grandes cementerios bajo la luna.<\/p>\n<p>Y toda esta falta de debate y reconocimiento, tambi\u00e9n tenemos que achac\u00e1rselo a una ETA asesina y a unos seguidores\u00a0 acr\u00edticos que ahora quieren pasar p\u00e1gina deprisa y corriendo mientras el l\u00edder de Sortu \u00a0culpa al lehendakari \u00a0de \u00a0ser el problema y no quien con criterio est\u00e1 marcando la buena direcci\u00f3n para salir del atolladero moral en el que nos enfangaron.<\/p>\n<p>Que sepan que por ese camino no van a hacer de un Aquarium una sopa de pescado y que recuerden lo que dec\u00eda Borges de los peronistas, f\u00e1cilmente atribuible a ellos: \u201dLos peronistas no son buenos ni malos. Son incorregibles\u201d.<\/p>\n<p>&nbsp;<\/p>\n<!-- AddThis Advanced Settings generic via filter on the_content --><!-- AddThis Share Buttons generic via filter on the_content -->","protected":false},"excerpt":{"rendered":"<p>Domingo 22 de febrero de 2015 Cuando en 1989\u00a0 cay\u00f3 el Muro de Berl\u00edn (muchos todav\u00eda no se han enterado) y estall\u00f3\u00a0 aquella\u00a0 Uni\u00f3n Sovi\u00e9tica que parec\u00eda inamovible, un economista ruso ante las dificultades que ten\u00edan ante s\u00ed dijo aquello que era f\u00e1cil en un Aquarium hacer una sopa de pescado, pero era casi imposible &hellip; <a href=\"https:\/\/blogs.deia.eus\/anasagasti\/2015\/02\/21\/la-pregunta-de-sabino-y-el-aquarium-de-arraiz\/\" class=\"more-link\">Sigue leyendo <span class=\"screen-reader-text\">La pregunta de Sabino y el Aquarium de Arraiz.<\/span><\/a><!-- AddThis Advanced Settings generic via filter on get_the_excerpt --><!-- AddThis Share Buttons generic via filter on get_the_excerpt --><\/p>\n","protected":false},"author":19,"featured_media":0,"comment_status":"open","ping_status":"open","sticky":false,"template":"","format":"standard","meta":{"footnotes":""},"categories":[1],"tags":[],"class_list":["post-6095","post","type-post","status-publish","format-standard","hentry","category-general"],"_links":{"self":[{"href":"https:\/\/blogs.deia.eus\/anasagasti\/wp-json\/wp\/v2\/posts\/6095","targetHints":{"allow":["GET"]}}],"collection":[{"href":"https:\/\/blogs.deia.eus\/anasagasti\/wp-json\/wp\/v2\/posts"}],"about":[{"href":"https:\/\/blogs.deia.eus\/anasagasti\/wp-json\/wp\/v2\/types\/post"}],"author":[{"embeddable":true,"href":"https:\/\/blogs.deia.eus\/anasagasti\/wp-json\/wp\/v2\/users\/19"}],"replies":[{"embeddable":true,"href":"https:\/\/blogs.deia.eus\/anasagasti\/wp-json\/wp\/v2\/comments?post=6095"}],"version-history":[{"count":1,"href":"https:\/\/blogs.deia.eus\/anasagasti\/wp-json\/wp\/v2\/posts\/6095\/revisions"}],"predecessor-version":[{"id":6096,"href":"https:\/\/blogs.deia.eus\/anasagasti\/wp-json\/wp\/v2\/posts\/6095\/revisions\/6096"}],"wp:attachment":[{"href":"https:\/\/blogs.deia.eus\/anasagasti\/wp-json\/wp\/v2\/media?parent=6095"}],"wp:term":[{"taxonomy":"category","embeddable":true,"href":"https:\/\/blogs.deia.eus\/anasagasti\/wp-json\/wp\/v2\/categories?post=6095"},{"taxonomy":"post_tag","embeddable":true,"href":"https:\/\/blogs.deia.eus\/anasagasti\/wp-json\/wp\/v2\/tags?post=6095"}],"curies":[{"name":"wp","href":"https:\/\/api.w.org\/{rel}","templated":true}]}}