{"id":6097,"date":"2015-02-22T19:32:09","date_gmt":"2015-02-22T17:32:09","guid":{"rendered":"http:\/\/blogs.deia.com\/anasagasti\/?p=6097"},"modified":"2015-02-22T19:32:09","modified_gmt":"2015-02-22T17:32:09","slug":"los-militares-complotados","status":"publish","type":"post","link":"https:\/\/blogs.deia.eus\/anasagasti\/2015\/02\/22\/los-militares-complotados\/","title":{"rendered":"Los militares complotados"},"content":{"rendered":"<p><strong>Domingo 22 de febrero de 2015<\/strong><\/p>\n<p><a href=\"http:\/\/blogs.deia.com\/anasagasti\/files\/2015\/02\/Nicolas-Maduro.png\"><img loading=\"lazy\" decoding=\"async\" class=\"alignleft size-full wp-image-6098\" src=\"http:\/\/blogs.deia.com\/anasagasti\/files\/2015\/02\/Nicolas-Maduro.png\" alt=\"Nicolas Maduro\" width=\"297\" height=\"170\" \/><\/a>En Venezuela, las cosas est\u00e1n francamente mal. Pese a eso, no falta el humor. Aquel es un pueblo positivo que merece un futuro mejor. Por eso transcribo lo que me han mandado de Caracas en esa clave \u00abmamadera de gallo\u00bb, como llaman all\u00ed a las bromas.<\/p>\n<p>Pretenden ridiculizar la acusaci\u00f3n\u00a0 del \u00abintelectual\u00bb Maduro contra el alcalde de Caracas\u00a0 Antonio\u00a0Ledezma \u00a0acus\u00e1ndole que\u00a0 estaba complotando con militares para dar un golpe de estado.<\/p>\n<p>Est\u00e1 escrito en clave criolla. No hay \u00f3xido m\u00e1s eficaz que la burla contra los organizadores de ruedas de prensa para, atribuy\u00e9ndose el poder judicial, y decretar como hac\u00eda \u00a0Ch\u00e1vez que \u00e9ste o aquel ha de ir a la c\u00e1rcel.<\/p>\n<p>Dice as\u00ed:<\/p>\n<p><strong>Lista de militares complotados&#8230;<\/strong><\/p>\n<p>Lista de para dar golpe de estado y asesinar al estadista e intelectual Nicol\u00e1s Maduro<\/p>\n<p>&nbsp;<\/p>\n<p>Esta informaci\u00f3n se filtr\u00f3 a trav\u00e9s de la inexpugnable barrera de seguridad del gobierno socialista, donde aparecen involucrados oficiales de alta graduaci\u00f3n y personal de tropa.<\/p>\n<ul>\n<li>General Electric<\/li>\n<li>El Coronel no tiene quien le escriba<\/li>\n<li>Mayor desorden<\/li>\n<li>Mayor sigilo<\/li>\n<li>Capit\u00e1n Am\u00e9rica (contacto de la C.I.A)<\/li>\n<li>Sargento Preston (contacto canadiense)<\/li>\n<li>Sargento Garc\u00eda\u00a0 (contacto chicano-espa\u00f1ol, pagado por Rajoy)<\/li>\n<li>Sargento Full Chola (contacto y enlace de Diego Arria con la embajada americana)<\/li>\n<li>Cabo Codera<\/li>\n<li>Cabo San Rom\u00e1n<\/li>\n<\/ul>\n<p>Las acciones, fueron planificadas en la casa de Don Diego de la Vega (el enemigo de El Zorro), pero gracias a una delaci\u00f3n a gritos por parte de Bernardo, el mayordomo del due\u00f1o de la casa, el complot fracas\u00f3.<\/p>\n<p>Entre los documentos incautados, aparecen fotograf\u00edas a\u00e9reas de zonas estrat\u00e9gicas y ricas de Caracas, como Petare con sus campos de golf.<\/p>\n<p>El presidente Nicol\u00e1s Maduro, denunci\u00f3 que soldados y soldadas ten\u00edan preparado una aeronave Pelicano, full de combustible y armamento de destrucci\u00f3n masiva. Posteriormente, el ministro Padrino corrigi\u00f3 al presidente intelectual, explicando que la aeronave involucrada era un Tucano, pero que toda la flota estaba parada por mantenimiento mayor.<\/p>\n<p>Varios de los detenidos, no pudieron escapar al imperio porque destruyeron sus visas americanas, hace unas semanas atr\u00e1s por una petici\u00f3n hecha por la gloriosa combatiente Iris Valera.<\/p>\n<p>Igualmente se conoci\u00f3 que Nicol\u00e1s Maduro, orden\u00f3 al TSJ ejecutar la detenci\u00f3n inmediata de todos los sobrinos del T\u00edo Sam, al declarar que existen pruebas irrefutables que los involucran.<\/p>\n<p>Las denuncias, fueron confirmadas por el palad\u00edn democr\u00e1tico Diosdado Cabello, mientras villeguita le soplaba en el cogote\u2026<\/p>\n<p>Muchos corresponsales extranjeros y criollos, comprobaron in situ, el apoyo que le prestaba el pueblo venezolano al r\u00e9gimen, en multitudinarias colas frente a los abastos del pa\u00eds. En La Victoria, el pueblo esperaba estoicamente al estadista e intelectual Nicol\u00e1s Maduro bajo la lluvia, cantando a viva voz \u201cAs\u00ed, as\u00ed, as\u00ed es que se gobierna\u201d\u2026<\/p>\n<!-- AddThis Advanced Settings generic via filter on the_content --><!-- AddThis Share Buttons generic via filter on the_content -->","protected":false},"excerpt":{"rendered":"<p>Domingo 22 de febrero de 2015 En Venezuela, las cosas est\u00e1n francamente mal. Pese a eso, no falta el humor. Aquel es un pueblo positivo que merece un futuro mejor. Por eso transcribo lo que me han mandado de Caracas en esa clave \u00abmamadera de gallo\u00bb, como llaman all\u00ed a las bromas. Pretenden ridiculizar la &hellip; <a href=\"https:\/\/blogs.deia.eus\/anasagasti\/2015\/02\/22\/los-militares-complotados\/\" class=\"more-link\">Sigue leyendo <span class=\"screen-reader-text\">Los militares complotados<\/span><\/a><!-- AddThis Advanced Settings generic via filter on get_the_excerpt --><!-- AddThis Share Buttons generic via filter on get_the_excerpt --><\/p>\n","protected":false},"author":19,"featured_media":0,"comment_status":"open","ping_status":"open","sticky":false,"template":"","format":"standard","meta":{"footnotes":""},"categories":[1],"tags":[],"class_list":["post-6097","post","type-post","status-publish","format-standard","hentry","category-general"],"_links":{"self":[{"href":"https:\/\/blogs.deia.eus\/anasagasti\/wp-json\/wp\/v2\/posts\/6097","targetHints":{"allow":["GET"]}}],"collection":[{"href":"https:\/\/blogs.deia.eus\/anasagasti\/wp-json\/wp\/v2\/posts"}],"about":[{"href":"https:\/\/blogs.deia.eus\/anasagasti\/wp-json\/wp\/v2\/types\/post"}],"author":[{"embeddable":true,"href":"https:\/\/blogs.deia.eus\/anasagasti\/wp-json\/wp\/v2\/users\/19"}],"replies":[{"embeddable":true,"href":"https:\/\/blogs.deia.eus\/anasagasti\/wp-json\/wp\/v2\/comments?post=6097"}],"version-history":[{"count":1,"href":"https:\/\/blogs.deia.eus\/anasagasti\/wp-json\/wp\/v2\/posts\/6097\/revisions"}],"predecessor-version":[{"id":6099,"href":"https:\/\/blogs.deia.eus\/anasagasti\/wp-json\/wp\/v2\/posts\/6097\/revisions\/6099"}],"wp:attachment":[{"href":"https:\/\/blogs.deia.eus\/anasagasti\/wp-json\/wp\/v2\/media?parent=6097"}],"wp:term":[{"taxonomy":"category","embeddable":true,"href":"https:\/\/blogs.deia.eus\/anasagasti\/wp-json\/wp\/v2\/categories?post=6097"},{"taxonomy":"post_tag","embeddable":true,"href":"https:\/\/blogs.deia.eus\/anasagasti\/wp-json\/wp\/v2\/tags?post=6097"}],"curies":[{"name":"wp","href":"https:\/\/api.w.org\/{rel}","templated":true}]}}