{"id":6100,"date":"2015-02-23T22:09:39","date_gmt":"2015-02-23T20:09:39","guid":{"rendered":"http:\/\/blogs.deia.com\/anasagasti\/?p=6100"},"modified":"2015-02-23T22:12:18","modified_gmt":"2015-02-23T20:12:18","slug":"me-decepciono-frans-timmermans","status":"publish","type":"post","link":"https:\/\/blogs.deia.eus\/anasagasti\/2015\/02\/23\/me-decepciono-frans-timmermans\/","title":{"rendered":"Me decepcion\u00f3 Frans Timmermans"},"content":{"rendered":"<p><strong>Lunes 23 de febrero de 2015<\/strong><\/p>\n<p>El presidente de la Comisi\u00f3n Europea, Jean Paul Juncker les ha debido decir a los Comisarios: \u00abId por los Parlamentos Europeos y contad la buena nueva\u00bb. De hecho nos visit\u00f3 Federica Mogherini la semana pasada, \u00e9sta Timmermans y la que viene Arias Ca\u00f1ete y &#8230;&#8230;.<\/p>\n<p><a href=\"http:\/\/blogs.deia.com\/anasagasti\/files\/2015\/02\/Frans-Timmermans2.jpg\"><img loading=\"lazy\" decoding=\"async\" class=\"alignleft size-full wp-image-6105\" src=\"http:\/\/blogs.deia.com\/anasagasti\/files\/2015\/02\/Frans-Timmermans2.jpg\" alt=\"Frans Timmermans\" width=\"310\" height=\"162\" \/><\/a>Pero Timmermans ha debido venir a por at\u00fan y a ver al duque, porque el viernes estuvo en el Congreso y el s\u00e1bado le he visto en\u00a0 la reuni\u00f3n de socialistas europeos con un Pedro S\u00e1nchez sacando cabeza y un Felipe Gonz\u00e1lez abotargado y diciendo que los nacionalismos son la expresi\u00f3n de la enfermedad de Europa. Ser\u00e1n los nacionalismos de estado, como el del PSOE, porque los otros nacionalismos, los malditos como el nuestro no solo no quieren fronteras, sino buscan una pol\u00edtica exterior com\u00fan, una\u00a0 defensa com\u00fan, una Uni\u00f3n Pol\u00edtica y Monetaria \u00fanica e identificable, una historia de Europa\u00a0contada de forma com\u00fan lejos de estados que se reservan todo para s\u00ed, impiden hasta una agenda digital europea y ponen trabas a todo lo que signifique una Europa federal. Fue la apuesta\u00a0\u00a0\u00a0que hicieron Aguirre, Landaburu e Irujo en la creaci\u00f3n de los NEI en Chaudfontaine en 1947. El PSOE ni estaba, ni se le esperaba.<\/p>\n<p>Cuando estuvimos en Bruselas hace quince d\u00edas nos hablaron reiteradamente \u00a0del vicepresidente Timmermans de forma muy elogiosa. Nos dec\u00edan que era una m\u00e1quina de tomar decisiones, que todo pasaba por \u00e9l, que era las manos, o\u00eddos, ojos, manos y pies de Juncker\u00a0 y que era un pol\u00edtico con ideas claras. Por eso Juncker le debi\u00f3 nombrar vicepresidente y Comisario europeo para la legislaci\u00f3n, relaciones interinstitucionales, estado de derecho y\u00a0\u00a0de los derechos fundamentales. Nacido en la holandesa Maastricht, fue ministro de Asuntos Exteriores de su pa\u00eds y secretario privado del Alto Comisionado para las Minor\u00edas Nacionales de la Osce. No se le not\u00f3.<\/p>\n<p>Con semejante\u00a0 tarjeta de presentaci\u00f3n me imagin\u00e9 a una especie de Fraga que entrar\u00eda por la puerta echando humo por las orejas y las narices y saludando\u00a0 con \u00a0abrazo Imaziano y, sin embargo, fue todo lo contrario. Tranquilo, apacible, parec\u00eda el rector de la Universidad de Deusto.<\/p>\n<p>Gerardo Camps el presidente de la Comisi\u00f3n Mixta le present\u00f3 y agradeci\u00f3 su presencia, y nos dijo que el Vicepresidente ten\u00eda poco tiempo y le dio la palabra.<\/p>\n<p>Timmermans fue al grano. Habl\u00f3 cinco minutos diciendo lo que hac\u00eda y pidi\u00f3 se le hicieran preguntas. Y \u00a0empez\u00f3 la ronda.<\/p>\n<p>Irene Lozano de UP y D, entre otras cuestiones, le habl\u00f3 del peligro de los nacionalismos en Europa. El senador de la Entesa Sabat\u00e9 le pregunt\u00f3 por Libia y Ucrania. Y al tocarme el turno, le hice\u00a0estas \u00a0 preguntas.<\/p>\n<p>1.- Ayer en esta Casa se aprob\u00f3 por acuerdo PP-PSOE una modificaci\u00f3n del c\u00f3digo penal que entre otras cuestiones y para combatir el\u00a0 terrorismo yihadista contempla la prisi\u00f3n permanente revisable, es decir, la pena perpetua no contemplada en la Constituci\u00f3n espa\u00f1ola que habla de la reinserci\u00f3n. \u00bfCu\u00e1l es su criterio?<\/p>\n<p>2.- Se habla de lo malo que son los nacionalismos en Europa y efectivamente los hay buenos y malos, como el colesterol .Yo aqu\u00ed represento un nacionalismo bueno que quiere una Uni\u00f3n Europea de verdad y en democracia. \u00bfPiensa presentar una modificaci\u00f3n de los Tratados para que el Comit\u00e9 de las Regiones no sea una instancia consultiva y compuesta de municipios y regiones sino\u00a0 el que se cree una instituci\u00f3n\u00a0 que de\u00a0 salida a las tensiones y reivindicaciones nacionales de las muchas \u00a0naciones sin estado que componen Europa?.<\/p>\n<p>3.- Europa es ahora noticia con la negociaci\u00f3n con Grecia, pero dejar\u00e1 de serlo en breve. \u00bfQu\u00e9 piensa hacer para que el ciudadano europeo se d\u00e9 cuenta de la importancia de Europa en sus vidas y a la hora de las votaciones donde prima la abstenci\u00f3n?. \u00bfDe qu\u00e9 manera va a propiciar esa Uni\u00f3n Pol\u00edtica europea?.<\/p>\n<p>4.- Es usted responsable de la Carta europea de Derechos Fundamentales y \u00a0por eso le pregunto \u00bfsi le parece bien que a sesenta kil\u00f3metros de Madrid exista lo que se conoce como el Valle de los Ca\u00eddos con la tumba del dictador Francisco Franco\u00a0\u00a0 dentro reverenciada y sin que el trabajo de la Comisi\u00f3n de Expertos para el Futuro del Valle de los Ca\u00eddos haya culminado su trabajo?.<\/p>\n<p>5.- Me acaba de llamar una emisora desde Caracas convulsionada por la detenci\u00f3n del alcalde de la ciudad Antonio Ledezma, de forma arbitraria, sin ninguna garant\u00eda y por orden directa del presidente. \u00bfLa Uni\u00f3n Europea de la que usted es vicepresidente, va a hacer algo?.<\/p>\n<p>Y siguieron preguntando los portavoces.<\/p>\n<p>Contest\u00f3 globalmente metiendo un poco de all\u00ed y otro de aqu\u00ed.<\/p>\n<p>La pregunta de la prisi\u00f3n perpetua, la despach\u00f3 diciendo que en Europa hay dos estados que la tienen y que esto no contradice la Carta Fundamental. En relaci\u00f3n con las minor\u00edas\u00a0 dijo que siempre ha habido minor\u00edas perseguidas como los gitanos, los jud\u00edos, y que efectivamente hay nacionalismos que no quieren una Europa unida. Habl\u00f3 de la coordinaci\u00f3n que Juncker ha establecido con vicepresidentes que\u00a0 coordinan\u00a0 \u00e1reas de actuaci\u00f3n similares cambiando el modo de trabajar anterior que era una relaci\u00f3n bilateral del Presidente con el Comisario\u00a0 y que o se reduc\u00edan Comisarios o se reestructuraba el trabajo, y as\u00ed se ha hecho.<\/p>\n<p>Dijo que cre\u00eda en la Uni\u00f3n Pol\u00edtica\u00a0 y habl\u00f3 del Plan Juncker y de\u00a0 la importancia de las Pymes. En relaci\u00f3n con el Comit\u00e9 de las Regiones contest\u00f3 que no se contempla modificar ning\u00fan Tratado\u00a0 y en relaci\u00f3n con el Valle de los Ca\u00eddos nos habl\u00f3 de como conoci\u00f3 Espa\u00f1a cuando ten\u00eda 15 a\u00f1os, una Espa\u00f1a pobre y muy enfrentada, hasta en sus familias, pero que era cuesti\u00f3n interna de Espa\u00f1a semejante cuesti\u00f3n y que hab\u00eda que pasar p\u00e1gina.<\/p>\n<p>Y para finalizar dijo que le preocupaba la situaci\u00f3n explosiva de Venezuela, pero nada m\u00e1s.<\/p>\n<p>Sinceramente me pareci\u00f3 Rajoy despejando balones. Y no me gust\u00f3 nada. Y se fue feliz como una lombriz.<\/p>\n<p>Uno de los all\u00ed presentes\u00a0 me dijo que con la que est\u00e1 cayendo preguntarle por Franco ten\u00eda su cosa. Le contest\u00e9 que hab\u00eda preguntado por otras cosas pero le recordaba que este se\u00f1or es Comisario que se ocupa del estado de derecho y de la carta Europea de Derechos Fundamentales y que yo sepa en Berl\u00edn no est\u00e1 enterrado Hitler, ni en Roma Mussolini recibiendo culto \u00a0y que si a \u00e9l le parec\u00eda bien esto, a m\u00ed no, fundamentalmente porque Europa no puede tener asesinos antieuropeos siendo reverenciados.<\/p>\n<p>Yo sab\u00eda que mi pregunta iba a rechinar pero es que el PSOE esto le agobia y al PP le fastidia. Pues que con su pan se lo coman.<\/p>\n<p>En resumen.<\/p>\n<p>Todo muy pol\u00edticamente correcto, pero sin chicha, ni \u00ablimon\u00e1\u00bb.<\/p>\n<p>No me gust\u00f3.<\/p>\n<p>&nbsp;<\/p>\n<p>&nbsp;<\/p>\n<!-- AddThis Advanced Settings generic via filter on the_content --><!-- AddThis Share Buttons generic via filter on the_content -->","protected":false},"excerpt":{"rendered":"<p>Lunes 23 de febrero de 2015 El presidente de la Comisi\u00f3n Europea, Jean Paul Juncker les ha debido decir a los Comisarios: \u00abId por los Parlamentos Europeos y contad la buena nueva\u00bb. De hecho nos visit\u00f3 Federica Mogherini la semana pasada, \u00e9sta Timmermans y la que viene Arias Ca\u00f1ete y &#8230;&#8230;. Pero Timmermans ha debido &hellip; <a href=\"https:\/\/blogs.deia.eus\/anasagasti\/2015\/02\/23\/me-decepciono-frans-timmermans\/\" class=\"more-link\">Sigue leyendo <span class=\"screen-reader-text\">Me decepcion\u00f3 Frans Timmermans<\/span><\/a><!-- AddThis Advanced Settings generic via filter on get_the_excerpt --><!-- AddThis Share Buttons generic via filter on get_the_excerpt --><\/p>\n","protected":false},"author":19,"featured_media":0,"comment_status":"open","ping_status":"open","sticky":false,"template":"","format":"standard","meta":{"footnotes":""},"categories":[1],"tags":[],"class_list":["post-6100","post","type-post","status-publish","format-standard","hentry","category-general"],"_links":{"self":[{"href":"https:\/\/blogs.deia.eus\/anasagasti\/wp-json\/wp\/v2\/posts\/6100","targetHints":{"allow":["GET"]}}],"collection":[{"href":"https:\/\/blogs.deia.eus\/anasagasti\/wp-json\/wp\/v2\/posts"}],"about":[{"href":"https:\/\/blogs.deia.eus\/anasagasti\/wp-json\/wp\/v2\/types\/post"}],"author":[{"embeddable":true,"href":"https:\/\/blogs.deia.eus\/anasagasti\/wp-json\/wp\/v2\/users\/19"}],"replies":[{"embeddable":true,"href":"https:\/\/blogs.deia.eus\/anasagasti\/wp-json\/wp\/v2\/comments?post=6100"}],"version-history":[{"count":3,"href":"https:\/\/blogs.deia.eus\/anasagasti\/wp-json\/wp\/v2\/posts\/6100\/revisions"}],"predecessor-version":[{"id":6106,"href":"https:\/\/blogs.deia.eus\/anasagasti\/wp-json\/wp\/v2\/posts\/6100\/revisions\/6106"}],"wp:attachment":[{"href":"https:\/\/blogs.deia.eus\/anasagasti\/wp-json\/wp\/v2\/media?parent=6100"}],"wp:term":[{"taxonomy":"category","embeddable":true,"href":"https:\/\/blogs.deia.eus\/anasagasti\/wp-json\/wp\/v2\/categories?post=6100"},{"taxonomy":"post_tag","embeddable":true,"href":"https:\/\/blogs.deia.eus\/anasagasti\/wp-json\/wp\/v2\/tags?post=6100"}],"curies":[{"name":"wp","href":"https:\/\/api.w.org\/{rel}","templated":true}]}}