{"id":6107,"date":"2015-02-24T20:31:59","date_gmt":"2015-02-24T18:31:59","guid":{"rendered":"http:\/\/blogs.deia.com\/anasagasti\/?p=6107"},"modified":"2015-02-24T20:31:59","modified_gmt":"2015-02-24T18:31:59","slug":"la-muy-vergonzosa-manipulacion-en-tve-de-la-noche-en-24-horas","status":"publish","type":"post","link":"https:\/\/blogs.deia.eus\/anasagasti\/2015\/02\/24\/la-muy-vergonzosa-manipulacion-en-tve-de-la-noche-en-24-horas\/","title":{"rendered":"La muy vergonzosa manipulaci\u00f3n en TVE de la noche en 24 horas"},"content":{"rendered":"<p><strong>Martes 24 de febrero de 2015<\/strong><\/p>\n<p><a href=\"http:\/\/blogs.deia.com\/anasagasti\/files\/2015\/02\/256.15.png\"><img loading=\"lazy\" decoding=\"async\" class=\"alignleft size-full wp-image-6108\" src=\"http:\/\/blogs.deia.com\/anasagasti\/files\/2015\/02\/256.15.png\" alt=\"256.15\" width=\"250\" height=\"202\" \/><\/a>La noticia del d\u00eda es el Debate del Estado. Espa\u00f1a no es una Naci\u00f3n. Lo dice la Constituci\u00f3n. Existen Nacionalidades preteridas hasta por los medios p\u00fablicos.<\/p>\n<p>Estos d\u00edas nos aburren hablando de Pedro S\u00e1nchez como Jefe de la Oposici\u00f3n. No es mi jefe, ni lo que hace es oposici\u00f3n. Oposici\u00f3n es otra cosas y no sacar la palabra estado cada cierto tiempo para avalar pol\u00edticas de machacamiento como S\u00e1nchez hace.<\/p>\n<p>Pero el hecho solo de abordar la jugada como si hubiera un jefe de gobierno con mayor\u00eda absolut\u00edsima y un jefe de la oposici\u00f3n del mismo jaez, reduce Espa\u00f1a a dos partidos y encima quieren que sigamos jugando en semejante Bernab\u00e9u ama\u00f1ado y rompepiernas.<\/p>\n<p>Me niego.<\/p>\n<p>Que yo sepa el estado espa\u00f1ol es plural y pluriling\u00fce y TVE es un Ente P\u00fablico pero lo que ocurre cada noche en Torrespa\u00f1a con este programa de las 24 Horas es propio del bolivarianismo de Nicol\u00e1s Maduro.<\/p>\n<p>Y pongo el ejemplo de ayer.<\/p>\n<p>Tres fusileros y una fusilera que se dicen periodistas, aunque periodismo sea otra cosa, se dedicaron a disparar sobre Jordi Pujol y familia. Hab\u00edan comparecido \u00e9stos en el Parlamento catal\u00e1n Pujol, su mujer y su hijo y, adem\u00e1s de no presumir la inocencia de ninguno de los tres les insultaron, les ridiculizaron y les pusieron\u00a0 a bajar de un burro. No digo que no lo merezcan, s\u00ed lo merecen, pero una Televisi\u00f3n p\u00fablica no puede hacer eso. Por lo menos tiene que tener un contrapunto o ser el presentador ese contrapunto. \u00a1Qu\u00e9 va!. Les zurraron a modo.<\/p>\n<p>Y a m\u00ed me indigna porque de momento, est\u00e1n imputados como Chaves y Gri\u00f1an pero no les han acusado de nada, no tienen pruebas y encima han acudido al Parlamento.<\/p>\n<p>\u00bfSe imaginan ustedes a Cristina de Borb\u00f3n y su marido en el Parlamento respondiendo como respondieron los Pujol? \u00bfSe imaginan al mujeriego y comisionista Juan Carlos de Borb\u00f3n\u00a0 balbuciendo bobadas y haciendo lo mismo? \u00bfPor qu\u00e9 unos son tan malos y otros tan buenos? \u00bfY Felipe Gonz\u00e1lez con el Gal y con el 23 F?. Intocables. Nada de acudir al Parlamento.<\/p>\n<p>Muy sencillo. Porque los Borb\u00f3n, los Gonz\u00e1lez, son parte de \u00ablos nuestros\u00bb y los Pujol rotundamente no.<\/p>\n<p>Cuatro malos periodistas parciales disparando basura contra los Pujol, sin nadie que pusiera alg\u00fan que otro argumento\u00a0 en\u00a0 perspectiva o en contra, por lo menos para equilibrar la cosa, en hora estelar, en una televisi\u00f3n p\u00fablica, demuestra una vez m\u00e1s la tendenciosa televisi\u00f3n bolivariana que sufrimos los que no queremos una informaci\u00f3n y una opini\u00f3n m\u00ednimamente respetuosa\u00a0 en esta Espa\u00f1a ca\u00f1\u00ed que cuenta con semejantes ac\u00f3litos de la espa\u00f1olidad. \u00a1Todos al un\u00edsono!.<\/p>\n<p>Me da que el gran e incomprensible delito de Pujol es encubrir a los hijos por la mala conciencia de haberse dedicado de cuerpo y alma a la pol\u00edtica pero sabe que sus 23 a\u00f1os al frente de la Generalit\u00e1 ser\u00e1 lo que quede de todo esto. Pero el espect\u00e1culo no me gusta absolutamente nada.<\/p>\n<p>Que con su pan se lo coman estos malos y parciales tertulianos. Y de paso, que se vayan a Caracas. All\u00ed no desentonar\u00e1n.<\/p>\n<p>&nbsp;<\/p>\n<!-- AddThis Advanced Settings generic via filter on the_content --><!-- AddThis Share Buttons generic via filter on the_content -->","protected":false},"excerpt":{"rendered":"<p>Martes 24 de febrero de 2015 La noticia del d\u00eda es el Debate del Estado. Espa\u00f1a no es una Naci\u00f3n. Lo dice la Constituci\u00f3n. Existen Nacionalidades preteridas hasta por los medios p\u00fablicos. Estos d\u00edas nos aburren hablando de Pedro S\u00e1nchez como Jefe de la Oposici\u00f3n. No es mi jefe, ni lo que hace es oposici\u00f3n. &hellip; <a href=\"https:\/\/blogs.deia.eus\/anasagasti\/2015\/02\/24\/la-muy-vergonzosa-manipulacion-en-tve-de-la-noche-en-24-horas\/\" class=\"more-link\">Sigue leyendo <span class=\"screen-reader-text\">La muy vergonzosa manipulaci\u00f3n en TVE de la noche en 24 horas<\/span><\/a><!-- AddThis Advanced Settings generic via filter on get_the_excerpt --><!-- AddThis Share Buttons generic via filter on get_the_excerpt --><\/p>\n","protected":false},"author":19,"featured_media":0,"comment_status":"open","ping_status":"open","sticky":false,"template":"","format":"standard","meta":{"footnotes":""},"categories":[1],"tags":[],"class_list":["post-6107","post","type-post","status-publish","format-standard","hentry","category-general"],"_links":{"self":[{"href":"https:\/\/blogs.deia.eus\/anasagasti\/wp-json\/wp\/v2\/posts\/6107","targetHints":{"allow":["GET"]}}],"collection":[{"href":"https:\/\/blogs.deia.eus\/anasagasti\/wp-json\/wp\/v2\/posts"}],"about":[{"href":"https:\/\/blogs.deia.eus\/anasagasti\/wp-json\/wp\/v2\/types\/post"}],"author":[{"embeddable":true,"href":"https:\/\/blogs.deia.eus\/anasagasti\/wp-json\/wp\/v2\/users\/19"}],"replies":[{"embeddable":true,"href":"https:\/\/blogs.deia.eus\/anasagasti\/wp-json\/wp\/v2\/comments?post=6107"}],"version-history":[{"count":1,"href":"https:\/\/blogs.deia.eus\/anasagasti\/wp-json\/wp\/v2\/posts\/6107\/revisions"}],"predecessor-version":[{"id":6109,"href":"https:\/\/blogs.deia.eus\/anasagasti\/wp-json\/wp\/v2\/posts\/6107\/revisions\/6109"}],"wp:attachment":[{"href":"https:\/\/blogs.deia.eus\/anasagasti\/wp-json\/wp\/v2\/media?parent=6107"}],"wp:term":[{"taxonomy":"category","embeddable":true,"href":"https:\/\/blogs.deia.eus\/anasagasti\/wp-json\/wp\/v2\/categories?post=6107"},{"taxonomy":"post_tag","embeddable":true,"href":"https:\/\/blogs.deia.eus\/anasagasti\/wp-json\/wp\/v2\/tags?post=6107"}],"curies":[{"name":"wp","href":"https:\/\/api.w.org\/{rel}","templated":true}]}}