{"id":6110,"date":"2015-02-25T20:46:18","date_gmt":"2015-02-25T18:46:18","guid":{"rendered":"http:\/\/blogs.deia.com\/anasagasti\/?p=6110"},"modified":"2015-02-25T20:46:18","modified_gmt":"2015-02-25T18:46:18","slug":"una-iniciativa-social-refuerza-el-debate-contra-la-corrupcion-con-99-propuestas","status":"publish","type":"post","link":"https:\/\/blogs.deia.eus\/anasagasti\/2015\/02\/25\/una-iniciativa-social-refuerza-el-debate-contra-la-corrupcion-con-99-propuestas\/","title":{"rendered":"Una iniciativa social refuerza el debate contra la corrupci\u00f3n con 99 propuestas"},"content":{"rendered":"<p><strong>Mi\u00e9rcoles 25 de febrero de 2015<\/strong><\/p>\n<p><a href=\"http:\/\/blogs.deia.com\/anasagasti\/files\/2015\/02\/242.15.jpg\"><img loading=\"lazy\" decoding=\"async\" class=\"alignleft size-large wp-image-6111\" src=\"http:\/\/blogs.deia.com\/anasagasti\/files\/2015\/02\/242.15-940x541.jpg\" alt=\"242.15\" width=\"580\" height=\"334\" srcset=\"https:\/\/blogs.deia.eus\/anasagasti\/files\/2015\/02\/242.15-940x541.jpg 940w, https:\/\/blogs.deia.eus\/anasagasti\/files\/2015\/02\/242.15-580x334.jpg 580w, https:\/\/blogs.deia.eus\/anasagasti\/files\/2015\/02\/242.15.jpg 1198w\" sizes=\"auto, (max-width: 580px) 100vw, 580px\" \/><\/a>Un solvente frente c\u00edvico ha alzado la voz para agitar el debate contra la corrupci\u00f3n. \u00abNo son soluciones, son propuestas muy concretas para la reflexi\u00f3n\u00bb, puntualiz\u00f3 el magistrado Jos\u00e9 Mar\u00eda Tomas y T\u00edo, presidente de la Fundaci\u00f3n por la Justicia, en la presentaci\u00f3n de 99 \u00abmedidas de aplicaci\u00f3n efectivas\u00bb elaboradas y suscritas por una treintena de juristas y profesionales de distintos campos, entre los que figuran la jueza Manuela Carmena y Pedro Luis Viguer y los catedr\u00e1ticos de universidad Adela Cortina, \u00faltimo Premio Nacional de Ensayo, y Aurelio Mart\u00ednez, que fue presidente del ICO en la anterior legislatura.<\/p>\n<p>El \u00abfortalecimiento de las instituciones\u00bb es la primera propuesta del cat\u00e1logo y \u00abla reducci\u00f3n significativa de los cargos p\u00fablicos a 150.000\u00bb, la primera medida, justificada por el hecho de que Espa\u00f1a tiene el triple que Alemania con la mitad de poblaci\u00f3n. La segunda sugiere reducir tambi\u00e9n, de forma sensible, el n\u00famero de personas de designaci\u00f3n pol\u00edtica y apostar por funcionarios de carrera, lo que implica \u00absuprimir la contrataci\u00f3n de asesores\u00bb y nombrar a funcionarios para ocupar los cargos de director general ha\u00adcia abajo. Le siguen muchas otras relacionadas con la Administraci\u00f3n general o local y con el sistema de partidos pol\u00edticos, o con escenarios sensibles como el urbanismo o la justicia.<\/p>\n<p>Los expertos proponen, por ejemplo, cambios en la manera de elegir a los miembros del Consejo General del Poder Judicial (CGPJ), de los tribunales de Cuentas y Constitucional o la imposibilidad de remover a un fiscal que trabaje en un caso de corrupci\u00f3n. Hay un paquete de medidas espec\u00edfico para el sistema financiero, algunas de ellas, con una dimensi\u00f3n transnacional, dado el alcance de esos delitos.<\/p>\n<p>\u00abLa lucha contra la corrupci\u00f3n pasa por proceder contra el co\u00adrruptor\u00bb, reiter\u00f3 Aurelio Mart\u00ednez, que puso como ejemplo la propuesta de aprobar una directiva europea que impida \u00aboptar a ning\u00fan contrato p\u00fablico\u00bb en cinco a\u00f1os a las empresas implicadas en casos de corrupci\u00f3n, tanto de dentro como de fuera de la Uni\u00f3n. Estas mismas empresas se ver\u00edan gravadas con una tasa del 5% a todas las ventas que realicen en la UE. Otra tasa podr\u00eda pe\u00adnalizar (entre el 1% y el 5%) \u00abcualquier transacci\u00f3n llevada a cabo en un para\u00edso fiscal\u00bb, en tanto estos existan. \u00abNo creo que nadie tenga conciencia fiscal\u00bb, argument\u00f3 el catedr\u00e1tico en tono pesimista, pero esa conciencia puede surgir si el corruptor es consciente de que \u00able puede salir muy caro\u00bb si le cogen y \u00aba lo mejor le cuesta la empresa\u00bb.<\/p>\n<p>Y es que la corrupci\u00f3n es cara para todos. Supone el 5% del producto interior bruto (PIB) anual mundial, record\u00f3 Mart\u00ednez, y el 25% del PIB africano. En Espa\u00f1a, seg\u00fan una \u00faltima investigaci\u00f3n universitaria, la corrupci\u00f3n costar\u00eda al a\u00f1o 40.000 millones de euros, es decir, el 3,5% del PIB.<\/p>\n<p>\u00abEl principal problema que tenemos en Espa\u00f1a es la pobreza\u00bb, afirm\u00f3 la fil\u00f3sofa Adela Cortina, para agregar que \u00abla corrupci\u00f3n, la desviaci\u00f3n de recursos p\u00fablicos y los para\u00edsos fiscales generan pobreza\u00bb. A nadie es ajeno el problema porque \u00abla corrupci\u00f3n es perversa para todos\u00bb, advirti\u00f3, e invit\u00f3 a sumarse a la iniciativa a \u00abempresas, universidades y tambi\u00e9n los partidos pol\u00edticos\u00bb.<\/p>\n<p>En la misma l\u00ednea de aunar esfuerzos, el magistrado y presidente de la fundaci\u00f3n promotora de la iniciativa, presentada ayer en Valencia y en Madrid, aclar\u00f3 por qu\u00e9 se hab\u00edan quedado en 99 y no llegaron a 100 propuestas. \u00abLa cien es la m\u00e1s importante\u00bb, asegur\u00f3, porque \u00abes la decisi\u00f3n de cada persona de que esto vale la pena, la propuesta n\u00famero cien la tiene que escribir cada uno\u00bb.<\/p>\n<p>Las dos \u00faltimas propuestas recogen la creaci\u00f3n de un observatorio, independiente de cualquier poder, que, entre otras co\u00adsas, eval\u00fae el cumplimiento del convenio de Naciones Unidas contra la corrupci\u00f3n que Espa\u00f1a firm\u00f3 en su d\u00eda.<\/p>\n<p><strong>Responsabilidades<\/strong><\/p>\n<ul>\n<li><b>La incoaci\u00f3n de causa por corrupci\u00f3n supondr\u00e1 la suspensi\u00f3n de militancia pol\u00edtica. Es una de las propuestas a los partidos.<\/b><\/li>\n<\/ul>\n<ul>\n<li>Desde la primera resoluci\u00f3n judicial con imputaci\u00f3n, se producir\u00e1 la separaci\u00f3n del cargo p\u00fablico.<\/li>\n<\/ul>\n<ul>\n<li>Desde el procesamiento o apertura de juicio oral, separaci\u00f3n definitiva del cargo p\u00fablico.<\/li>\n<\/ul>\n<ul>\n<li>Prohibici\u00f3n de formar parte de listas electorales desde la imputaci\u00f3n.<\/li>\n<\/ul>\n<p>&nbsp;<\/p>\n<p>&nbsp;<\/p>\n<!-- AddThis Advanced Settings generic via filter on the_content --><!-- AddThis Share Buttons generic via filter on the_content -->","protected":false},"excerpt":{"rendered":"<p>Mi\u00e9rcoles 25 de febrero de 2015 Un solvente frente c\u00edvico ha alzado la voz para agitar el debate contra la corrupci\u00f3n. \u00abNo son soluciones, son propuestas muy concretas para la reflexi\u00f3n\u00bb, puntualiz\u00f3 el magistrado Jos\u00e9 Mar\u00eda Tomas y T\u00edo, presidente de la Fundaci\u00f3n por la Justicia, en la presentaci\u00f3n de 99 \u00abmedidas de aplicaci\u00f3n efectivas\u00bb &hellip; <a href=\"https:\/\/blogs.deia.eus\/anasagasti\/2015\/02\/25\/una-iniciativa-social-refuerza-el-debate-contra-la-corrupcion-con-99-propuestas\/\" class=\"more-link\">Sigue leyendo <span class=\"screen-reader-text\">Una iniciativa social refuerza el debate contra la corrupci\u00f3n con 99 propuestas<\/span><\/a><!-- AddThis Advanced Settings generic via filter on get_the_excerpt --><!-- AddThis Share Buttons generic via filter on get_the_excerpt --><\/p>\n","protected":false},"author":19,"featured_media":0,"comment_status":"open","ping_status":"open","sticky":false,"template":"","format":"standard","meta":{"footnotes":""},"categories":[1],"tags":[],"class_list":["post-6110","post","type-post","status-publish","format-standard","hentry","category-general"],"_links":{"self":[{"href":"https:\/\/blogs.deia.eus\/anasagasti\/wp-json\/wp\/v2\/posts\/6110","targetHints":{"allow":["GET"]}}],"collection":[{"href":"https:\/\/blogs.deia.eus\/anasagasti\/wp-json\/wp\/v2\/posts"}],"about":[{"href":"https:\/\/blogs.deia.eus\/anasagasti\/wp-json\/wp\/v2\/types\/post"}],"author":[{"embeddable":true,"href":"https:\/\/blogs.deia.eus\/anasagasti\/wp-json\/wp\/v2\/users\/19"}],"replies":[{"embeddable":true,"href":"https:\/\/blogs.deia.eus\/anasagasti\/wp-json\/wp\/v2\/comments?post=6110"}],"version-history":[{"count":1,"href":"https:\/\/blogs.deia.eus\/anasagasti\/wp-json\/wp\/v2\/posts\/6110\/revisions"}],"predecessor-version":[{"id":6112,"href":"https:\/\/blogs.deia.eus\/anasagasti\/wp-json\/wp\/v2\/posts\/6110\/revisions\/6112"}],"wp:attachment":[{"href":"https:\/\/blogs.deia.eus\/anasagasti\/wp-json\/wp\/v2\/media?parent=6110"}],"wp:term":[{"taxonomy":"category","embeddable":true,"href":"https:\/\/blogs.deia.eus\/anasagasti\/wp-json\/wp\/v2\/categories?post=6110"},{"taxonomy":"post_tag","embeddable":true,"href":"https:\/\/blogs.deia.eus\/anasagasti\/wp-json\/wp\/v2\/tags?post=6110"}],"curies":[{"name":"wp","href":"https:\/\/api.w.org\/{rel}","templated":true}]}}