{"id":6113,"date":"2015-02-26T20:33:15","date_gmt":"2015-02-26T18:33:15","guid":{"rendered":"http:\/\/blogs.deia.com\/anasagasti\/?p=6113"},"modified":"2015-02-26T20:33:15","modified_gmt":"2015-02-26T18:33:15","slug":"viene-el-vicepresidente-de-la-comision-europea-nos-da-fecha-para-la-agenda-digital-europea-y-los-de-bildu-montan-el-clasico-numerito","status":"publish","type":"post","link":"https:\/\/blogs.deia.eus\/anasagasti\/2015\/02\/26\/viene-el-vicepresidente-de-la-comision-europea-nos-da-fecha-para-la-agenda-digital-europea-y-los-de-bildu-montan-el-clasico-numerito\/","title":{"rendered":"Viene el Vicepresidente de la Comisi\u00f3n Europea, nos da fecha para la agenda digital europea y los de Bildu montan el cl\u00e1sico numerito."},"content":{"rendered":"<p><strong>Jueves 26 de febrero de 2015<\/strong><\/p>\n<p><a href=\"http:\/\/blogs.deia.com\/anasagasti\/files\/2015\/02\/Katainen.jpg\"><img loading=\"lazy\" decoding=\"async\" class=\"alignleft size-full wp-image-6114\" src=\"http:\/\/blogs.deia.com\/anasagasti\/files\/2015\/02\/Katainen.jpg\" alt=\"Katainen\" width=\"189\" height=\"267\" \/><\/a>Cuando estuvimos en Bruselas nos dijeron que el jueves 26 en el Euskalduna estar\u00eda el Vicepresidente de la Comisi\u00f3n Europea, ex primer ministro de Finlandia, responsable de Empleo, Crecimiento, Inversiones y Competitividad Jyrki Katainem. Vino acompa\u00f1ado del saliente responsable de la oficina de la UE en Madrid, Paco Fonseca que nos dijo que volv\u00eda a Bruselas y de Ar\u00e1nzazu Urresti \u00a0una bilba\u00edna con mucha experiencia europea, segunda de a bordo. Asimismo ven\u00eda con \u00e9l el secretario de estado para la Uni\u00f3n Europea I\u00f1igo M\u00e9ndez de Vigo.<\/p>\n<p>Hab\u00eda estado el Comisario \u00a0por la ma\u00f1ana\u00a0 y temprano en Zamudio con 23 empresas que apuestan por la I+D+I. Uno de los acompa\u00f1antes de M\u00e9ndez de Vigo me dec\u00eda que hab\u00edan salido impresionados de la apuesta por la industria que hace Euzkadi. \u00abUn 23 % cuando Europa no llega al 20 es\u00a0 inaudito\u00bb.<\/p>\n<p>En la antesala iban llegando parlamentarios del Parlamento Vasco, el Fiscal General, el presidente del\u00a0Tribunal Superior del Pa\u00eds Vasco, los consejeros Gatzagaetxeberria, To\u00f1a, Erkoreka, Oregi, Urrutia, Tapia, y gente joven que llenaba la sala y miraba en la antesala los bollitos de crema.<\/p>\n<p>Estaban tambi\u00e9n. Damborenea, Iturrate, Izaskun Bilbao, el presidente de Euskaltzandia, el senador de Uni\u00f3 Salva Sed\u00f3 y dos j\u00f3venes que han ganado el reconocimiento de las mejores proyectos para estos Di\u00e1logos\u00a0 con Ciudadanos, que han intervenido y han sido aplaudidos tras el resumen final hecho por el Lehendakari.<\/p>\n<p><a href=\"http:\/\/blogs.deia.com\/anasagasti\/files\/2015\/02\/MiembrNumerito-de-EH-Bilbau.jpg\"><img loading=\"lazy\" decoding=\"async\" class=\"alignleft size-full wp-image-6115\" src=\"http:\/\/blogs.deia.com\/anasagasti\/files\/2015\/02\/MiembrNumerito-de-EH-Bilbau.jpg\" alt=\"MiembrNumerito de EH-Bilbau\" width=\"643\" height=\"362\" srcset=\"https:\/\/blogs.deia.eus\/anasagasti\/files\/2015\/02\/MiembrNumerito-de-EH-Bilbau.jpg 643w, https:\/\/blogs.deia.eus\/anasagasti\/files\/2015\/02\/MiembrNumerito-de-EH-Bilbau-580x327.jpg 580w\" sizes=\"auto, (max-width: 643px) 100vw, 643px\" \/><\/a>Los de Bildu, Maeztu, Matutes, Casanova y varios m\u00e1s llevaban un extra\u00f1o rollo azul que todos sospech\u00e1bamos era alg\u00fan s\u00edmbolo o artilugio\u00a0 para interrumpir el acto. Y todos \u00e9ramos consciente de \u00e9sto. Solo quedaba\u00a0 esperar de que se trataba.<\/p>\n<p>Pili\u00a0Kaltzada en euskera, castellano e ingl\u00e9s ha llevado el acto con maestr\u00eda y mano izquierda y ha ido presentando a los\u00a0 que estaban sentados en tres butacas blancas en el escenario. El Lehendakari, el Vicepresidente y el Secretario de Estado. Tras las presentaciones se ha ido directamente a las preguntas y, en una de \u00e9stas, y detr\u00e1s nuestro, los de Bildu, como era de esperar y como parte del programa, \u00a0con la ikurri\u00f1a y la bandera griega entrelazada han\u00a0 empezado a gritar contra la Troika y contra sus obsesiones. Unos tres minutos. Se les ha pedido que se sentaran, han seguido vociferando y tras la haza\u00f1a y cobardemente\u00a0\u00a0 se han ido. Digo lo de cobardemente porque mejor hubiera sido que hubieran dado la cara y \u00a0le hubieran preguntado a Katainen lo que piensan de la Troika y protestar por ello. Pero su civismo no llega a tanto. Siguen en la cultura adolescente de la protesta primaria, como si no hubiera posibilidad de argumentar la protesta y\u00a0 all\u00ed \u00a0mismo y con argumentos sus demandas a nada menos que un Vicepresidente de la Comisi\u00f3n\u00a0 que lo ten\u00edan all\u00ed mismo. Pero su educaci\u00f3n democr\u00e1tica no llega a tanto.<\/p>\n<p>Y como el acto estaba siendo seguido \u00a0on line\u00a0 en twitter he colgado lo siguiente: \u00abLos antieuropeos de Bildu han hecho hoy su numerito interrumpiendo al Vicepresidente de la Comisi\u00f3n Europea\u00a0 en el acto del Euskalduna y se han ido. El Vicepresidente les ha dicho: me gustar\u00eda que no\u00a0 se hubieran ido para hablar con ellos\u00bb. Tras \u00e9sto\u00a0 Dani Maeztu, Iker Casanova, Oscar Matute y en tromba, irritados se han metido en tw y conmigo. Me importa un pito. Pienso lo mismo. Que son unos impresentables y unos antieuropeos todav\u00eda con el pelo de la dehesa encima.<\/p>\n<p>Y ha seguido el acto con preguntas hechas en la sala, con preguntas a trav\u00e9s de tw, y di\u00e1logos en la propia \u00a0sala.<\/p>\n<p>Yo al final le he hecho una. \u00abFelicidades por estar aqu\u00ed en Bilbao y que haya venido antes de ir a Madrid. Euzkadi existe y su gesto se agradece. S\u00e9 que ma\u00f1ana comparece ante la Comisi\u00f3n Mixta de la UE de las Cortes Generales. A su lado el Sr. M\u00e9ndez de Vigo que a veces parece M\u00e9ndez de Madrid por su centralismo. Y dos preguntas. Juncker ha organizado la Comisi\u00f3n filtrando el trabajo a trav\u00e9s de Vicepresidentes, no como en la anterior legislatura de Barroso que era el Comisario en relaci\u00f3n directamente con el presidente. \u00bfQu\u00e9 controla usted y como va este modelo de actuaci\u00f3n?.<\/p>\n<p>Y la segunda se refiere a la Agenda Digital Europea. Estados Unidos funciona muy bien porque es un \u00fanico mercado. Europa no. La Comisaria anterior Croes hablaba de la importancia de esta agenda y pon\u00eda el horizonte en el a\u00f1o 2019. Lo achacaba a los nacionalismos de estado. \u00bfNo pueden ustedes romper esa resignaci\u00f3n, ponerle turbo a la cuesti\u00f3n, decretar zafarrancho de combate en Europa y adelantar \u00e9sto dos a\u00f1os?\u00bb.<\/p>\n<p>Le gust\u00f3 la pregunta. Explic\u00f3 su funcionamiento y luego nos dio la noticia, la noticia de la ma\u00f1ana, que \u00e9l har\u00eda lo posible para que esto se hiciera en el 2017.\u00a0Una fecha concreta.<\/p>\n<p>Y termin\u00f3 el acto tras hora tres cuartos de preguntas y respuestas y de decir M\u00e9ndez de Vigo que se le hab\u00eda hecho corto que es como \u00e9l \u00a0mide los actos.<\/p>\n<p>El finland\u00e9s ha confesado conocer Euzkadi pues hab\u00eda\u00a0 venido\u00a0 hace dos a\u00f1os a degustar la gastronom\u00eda vasca y se despidi\u00f3 \u00a0con un mila esker aplaudido.<\/p>\n<p>Un ma\u00f1ana muy interesante. Si Aguirre, Landaburu, Irujo y Rezola lo hubieran visto por una ranura que un Vicepresente de la Uni\u00f3n Europea estaba en Bilbao, hablando en ingl\u00e9s y siendo contestado por gente joven\u00a0tambi\u00e9n en \u00a0ingl\u00e9s y en euskera, con traducci\u00f3n\u00a0 simult\u00e1nea y on line con preguntas hechas desde todo el estado, uno de ellos, Javier Bustamante que le ha preguntado sobre el turismo estacional desde Mallorca, hubieran flipado. Como hemos flipado esta ma\u00f1ana.<\/p>\n<!-- AddThis Advanced Settings generic via filter on the_content --><!-- AddThis Share Buttons generic via filter on the_content -->","protected":false},"excerpt":{"rendered":"<p>Jueves 26 de febrero de 2015 Cuando estuvimos en Bruselas nos dijeron que el jueves 26 en el Euskalduna estar\u00eda el Vicepresidente de la Comisi\u00f3n Europea, ex primer ministro de Finlandia, responsable de Empleo, Crecimiento, Inversiones y Competitividad Jyrki Katainem. Vino acompa\u00f1ado del saliente responsable de la oficina de la UE en Madrid, Paco Fonseca &hellip; <a href=\"https:\/\/blogs.deia.eus\/anasagasti\/2015\/02\/26\/viene-el-vicepresidente-de-la-comision-europea-nos-da-fecha-para-la-agenda-digital-europea-y-los-de-bildu-montan-el-clasico-numerito\/\" class=\"more-link\">Sigue leyendo <span class=\"screen-reader-text\">Viene el Vicepresidente de la Comisi\u00f3n Europea, nos da fecha para la agenda digital europea y los de Bildu montan el cl\u00e1sico numerito.<\/span><\/a><!-- AddThis Advanced Settings generic via filter on get_the_excerpt --><!-- AddThis Share Buttons generic via filter on get_the_excerpt --><\/p>\n","protected":false},"author":19,"featured_media":0,"comment_status":"open","ping_status":"open","sticky":false,"template":"","format":"standard","meta":{"footnotes":""},"categories":[1],"tags":[],"class_list":["post-6113","post","type-post","status-publish","format-standard","hentry","category-general"],"_links":{"self":[{"href":"https:\/\/blogs.deia.eus\/anasagasti\/wp-json\/wp\/v2\/posts\/6113","targetHints":{"allow":["GET"]}}],"collection":[{"href":"https:\/\/blogs.deia.eus\/anasagasti\/wp-json\/wp\/v2\/posts"}],"about":[{"href":"https:\/\/blogs.deia.eus\/anasagasti\/wp-json\/wp\/v2\/types\/post"}],"author":[{"embeddable":true,"href":"https:\/\/blogs.deia.eus\/anasagasti\/wp-json\/wp\/v2\/users\/19"}],"replies":[{"embeddable":true,"href":"https:\/\/blogs.deia.eus\/anasagasti\/wp-json\/wp\/v2\/comments?post=6113"}],"version-history":[{"count":1,"href":"https:\/\/blogs.deia.eus\/anasagasti\/wp-json\/wp\/v2\/posts\/6113\/revisions"}],"predecessor-version":[{"id":6116,"href":"https:\/\/blogs.deia.eus\/anasagasti\/wp-json\/wp\/v2\/posts\/6113\/revisions\/6116"}],"wp:attachment":[{"href":"https:\/\/blogs.deia.eus\/anasagasti\/wp-json\/wp\/v2\/media?parent=6113"}],"wp:term":[{"taxonomy":"category","embeddable":true,"href":"https:\/\/blogs.deia.eus\/anasagasti\/wp-json\/wp\/v2\/categories?post=6113"},{"taxonomy":"post_tag","embeddable":true,"href":"https:\/\/blogs.deia.eus\/anasagasti\/wp-json\/wp\/v2\/tags?post=6113"}],"curies":[{"name":"wp","href":"https:\/\/api.w.org\/{rel}","templated":true}]}}