{"id":6117,"date":"2015-02-27T21:55:58","date_gmt":"2015-02-27T19:55:58","guid":{"rendered":"http:\/\/blogs.deia.com\/anasagasti\/?p=6117"},"modified":"2015-02-27T21:55:58","modified_gmt":"2015-02-27T19:55:58","slug":"el-ultimo-editorial-de-tal-cual","status":"publish","type":"post","link":"https:\/\/blogs.deia.eus\/anasagasti\/2015\/02\/27\/el-ultimo-editorial-de-tal-cual\/","title":{"rendered":"El \u00faltimo editorial de Tal Cual"},"content":{"rendered":"<p><strong>Viernes 27 de febrero de 2015<\/strong><\/p>\n<p><a href=\"http:\/\/blogs.deia.com\/anasagasti\/files\/2015\/02\/Tal-cual-claro-y-raspao.jpg\"><img loading=\"lazy\" decoding=\"async\" class=\"alignleft size-full wp-image-6118\" src=\"http:\/\/blogs.deia.com\/anasagasti\/files\/2015\/02\/Tal-cual-claro-y-raspao.jpg\" alt=\"Tal cual claro y raspao\" width=\"308\" height=\"164\" \/><\/a>Tal Cual es un peri\u00f3dico que circula en Caracas (Venezuela), o m\u00e1s bien, que circulaba. Su valent\u00eda molestaba al r\u00e9gimen porque el mero hecho de informar y opinar se ha convertido en un delito bajo el r\u00e9gimen Madurista. Y hoy cierran, porque le cierran, su peri\u00f3dico. Laureano M\u00e1rquez, su director, se ha despedido moment\u00e1neamente. Y este es su editorial:<\/p>\n<p>Claro y Raspao. Ese ha sido nuestro lema durante estos 15 a\u00f1os de vida. Un compromiso con decir lo que pensamos, moleste a quien moleste. Esto no es una despedida. Para usar el lenguaje que tan de moda ha estado en estos tres lustros: es un repliegue t\u00e1ctico estrat\u00e9gico, un por ahora, como quien dice. La edici\u00f3n del fin de semana continuar\u00e1 saliendo como de costumbre y nosotros volveremos pronto con un semanario que saldr\u00e1 los d\u00edas viernes con el mismo esp\u00edritu cr\u00edtico, agudo e incisivo que nos ha inspirado nuestro fundador, Teodoro Petkoff, uno de los mejores seres humanos que he conocido en mi vida.<\/p>\n<p>Los que aqu\u00ed trabajamos lo hacemos por m\u00edstica, aunque somos todos agentes de la CIA, la Agencia expropia nuestras conciencias y no paga ni medio partido por la mitad. No s\u00e9 si les suena familiar\u2026 Este diario ha sido un peri\u00f3dico pobre, pero nunca un pobre peri\u00f3dico. Aunque tenemos una sola cafetera, nuestro esp\u00edritu libertario permanece siempre en vigilia. No deja de sorprender que un medio tan peque\u00f1o constituya una amenaza tan grande para un gobierno con poder ilimitado. Eso solo tiene un nombre: miedo a las ideas y al debate plural. Uno a veces solo sabe que avanza cuando los perros ladran \u2013y muerden\u2013, Sancho. Somos una referencia nacional e internacional de equilibrio y probablemente tenemos tambi\u00e9n el r\u00e9cord m\u00e1s grande en multas, demandas y sanciones.<\/p>\n<p>Cada una de ellas es como una condecoraci\u00f3n recibida en la batalla por la libertad de expresi\u00f3n en Venezuela. Esta lucha se ganar\u00e1 porque la raz\u00f3n siempre vence a la fuerza. Los pueblos que conocieron la libertad nunca renuncian definitivamente a ella.<\/p>\n<p>Aqu\u00ed nadie est\u00e1 amargado: nos encanta quedarnos sin trabajo, porque tendremos m\u00e1s tiempo para hacer cola en los supermercados.<\/p>\n<p>No hay mal que por bien no venga.<\/p>\n<p>Se podr\u00e1 decir de nosotros lo que se quiera, pero nunca nadie podr\u00e1 decir que nos vendimos (\u00a1bueno, al menos a alguien que nos pagara!).<\/p>\n<p>Un grupo de extraordinarios comunicadores queda a disposici\u00f3n de otros medios; podemos ir acompa\u00f1ando a los dem\u00e1s de cierre en cierre.<\/p>\n<p>Estamos mal, pero vamos bien. El que no est\u00e1 bien es el que acosa y cierra medios, encarcela arbitrariamente en la nueva Rotunda a funcionarios y l\u00edderes opositores, am\u00e9n de que autoriza el uso de armas de guerra en manifestaciones.<\/p>\n<p>Si antes el mundo ten\u00eda alguna duda, hoy la comunidad internacional est\u00e1 absolutamente clara acerca de lo que sucede en Venezuela.<\/p>\n<p>C\u00f3mo ser\u00e1, que incluso los deudos guardan discreto silencio. Hasta Podemos, antes asesores en la construcci\u00f3n de este \u201cmodelo\u201d, hoy se desmarcan para borrar todo parentesco de su propuesta con la nuestra. Nadie defiende lo indefendible, especialmente los que ya cobraron y saben que billete ahora no hay.<\/p>\n<p>Me siento orgulloso de estos 15 a\u00f1os, de mis compa\u00f1eros de trabajo, de la dignidad con la que han resistido. El futuro de Venezuela es de esperanza. Se puede enga\u00f1ar a algunos por cierto tiempo, pero no a todos todo el tiempo, como se ha dicho siempre de los manipuladores. La gente est\u00e1 clara, el futuro ser\u00e1 de la democracia y la libertad.<\/p>\n<p>El cambio en Venezuela ya comenz\u00f3 en el coraz\u00f3n de los venezolanos. Estamos cansados de agresiones, insultos, robo, ruina y muerte. Queremos vida buena y abundante para todos, trabajo y futuro.<\/p>\n<p>Hay reservas probadas y probables de inteligencia en esta tierra, al punto de que es hoy d\u00eda nuestro principal producto de exportaci\u00f3n. \u00c1nimo compatriotas, que nunca es m\u00e1s oscura la noche que cuando est\u00e1 a punto de amanecer.<\/p>\n<!-- AddThis Advanced Settings generic via filter on the_content --><!-- AddThis Share Buttons generic via filter on the_content -->","protected":false},"excerpt":{"rendered":"<p>Viernes 27 de febrero de 2015 Tal Cual es un peri\u00f3dico que circula en Caracas (Venezuela), o m\u00e1s bien, que circulaba. Su valent\u00eda molestaba al r\u00e9gimen porque el mero hecho de informar y opinar se ha convertido en un delito bajo el r\u00e9gimen Madurista. Y hoy cierran, porque le cierran, su peri\u00f3dico. Laureano M\u00e1rquez, su &hellip; <a href=\"https:\/\/blogs.deia.eus\/anasagasti\/2015\/02\/27\/el-ultimo-editorial-de-tal-cual\/\" class=\"more-link\">Sigue leyendo <span class=\"screen-reader-text\">El \u00faltimo editorial de Tal Cual<\/span><\/a><!-- AddThis Advanced Settings generic via filter on get_the_excerpt --><!-- AddThis Share Buttons generic via filter on get_the_excerpt --><\/p>\n","protected":false},"author":19,"featured_media":0,"comment_status":"open","ping_status":"open","sticky":false,"template":"","format":"standard","meta":{"footnotes":""},"categories":[1],"tags":[],"class_list":["post-6117","post","type-post","status-publish","format-standard","hentry","category-general"],"_links":{"self":[{"href":"https:\/\/blogs.deia.eus\/anasagasti\/wp-json\/wp\/v2\/posts\/6117","targetHints":{"allow":["GET"]}}],"collection":[{"href":"https:\/\/blogs.deia.eus\/anasagasti\/wp-json\/wp\/v2\/posts"}],"about":[{"href":"https:\/\/blogs.deia.eus\/anasagasti\/wp-json\/wp\/v2\/types\/post"}],"author":[{"embeddable":true,"href":"https:\/\/blogs.deia.eus\/anasagasti\/wp-json\/wp\/v2\/users\/19"}],"replies":[{"embeddable":true,"href":"https:\/\/blogs.deia.eus\/anasagasti\/wp-json\/wp\/v2\/comments?post=6117"}],"version-history":[{"count":1,"href":"https:\/\/blogs.deia.eus\/anasagasti\/wp-json\/wp\/v2\/posts\/6117\/revisions"}],"predecessor-version":[{"id":6119,"href":"https:\/\/blogs.deia.eus\/anasagasti\/wp-json\/wp\/v2\/posts\/6117\/revisions\/6119"}],"wp:attachment":[{"href":"https:\/\/blogs.deia.eus\/anasagasti\/wp-json\/wp\/v2\/media?parent=6117"}],"wp:term":[{"taxonomy":"category","embeddable":true,"href":"https:\/\/blogs.deia.eus\/anasagasti\/wp-json\/wp\/v2\/categories?post=6117"},{"taxonomy":"post_tag","embeddable":true,"href":"https:\/\/blogs.deia.eus\/anasagasti\/wp-json\/wp\/v2\/tags?post=6117"}],"curies":[{"name":"wp","href":"https:\/\/api.w.org\/{rel}","templated":true}]}}