{"id":6120,"date":"2015-02-28T19:29:17","date_gmt":"2015-02-28T17:29:17","guid":{"rendered":"http:\/\/blogs.deia.com\/anasagasti\/?p=6120"},"modified":"2015-02-28T19:29:17","modified_gmt":"2015-02-28T17:29:17","slug":"pregunto-una-vez-mas-sobre-el-valle-de-los-caidos","status":"publish","type":"post","link":"https:\/\/blogs.deia.eus\/anasagasti\/2015\/02\/28\/pregunto-una-vez-mas-sobre-el-valle-de-los-caidos\/","title":{"rendered":"Pregunto una vez m\u00e1s sobre el Valle de los Ca\u00eddos"},"content":{"rendered":"<p><strong>S\u00e1bado 28 de febrero de 2015<\/strong><\/p>\n<p>I\u00d1AKI MIRENA ANASAGASTI OLABEAGA Senador electo por Bizkaia, del GRUPO PARLAMENTARIO VASCO EN EL SENADO (EAJ-PNV), al amparo de lo previsto en los art\u00edculos 160 y 169 del Reglamento de la C\u00e1mara, presenta la siguiente pregunta con respuesta escrita:<\/p>\n<p><a href=\"http:\/\/blogs.deia.com\/anasagasti\/files\/2015\/02\/Valle-de-los-caidos.png\"><img loading=\"lazy\" decoding=\"async\" class=\"alignleft size-full wp-image-6121\" src=\"http:\/\/blogs.deia.com\/anasagasti\/files\/2015\/02\/Valle-de-los-caidos.png\" alt=\"Valle de los caidos\" width=\"260\" height=\"194\" \/><\/a>La Comisi\u00f3n de Expertos para el Futuro del Valle de los Ca\u00eddos se cre\u00f3 por Acuerdo de Consejo de Ministros de 27 de mayo de 2011, y tuvo como cometido la elaboraci\u00f3n de un informe en un plazo de cinco meses sobre posibles actuaciones a desarrollar para convertir este lugar en un Centro de Memoria que dignifique y rehabilite a las v\u00edctimas de la Guerra Civil y de la represi\u00f3n franquista posterior.<\/p>\n<p>Asimismo, como establece la Disposici\u00f3n adicional sexta de la Ley de Memoria Hist\u00f3rica, se pretendi\u00f3 que el Valle de los Ca\u00eddos pudiera ser contemplado por sus visitantes y por la conciencia colectiva del pa\u00eds con un nuevo significado m\u00e1s inclusivo, desde el esp\u00edritu de reconciliaci\u00f3n y el respeto al pluralismo reconocido en el pacto constitucional.<\/p>\n<p>La explanada y edificios donde se ubica el Centro de Estudios Sociales ofrece, seg\u00fan el texto aprobado, posibilidades para la creaci\u00f3n de un espacio de afirmaci\u00f3n de la convivencia, la democracia y los derechos, a la vez que de rechazo de la violencia, la guerra y las dictaduras. La Comisi\u00f3n estuvo compuesta por dos presidentes, un secretario y nueve vocales.<\/p>\n<p>\u00bfPiensa el Gobierno poner en marcha esta demanda del Parlamento<\/p>\n<!-- AddThis Advanced Settings generic via filter on the_content --><!-- AddThis Share Buttons generic via filter on the_content -->","protected":false},"excerpt":{"rendered":"<p>S\u00e1bado 28 de febrero de 2015 I\u00d1AKI MIRENA ANASAGASTI OLABEAGA Senador electo por Bizkaia, del GRUPO PARLAMENTARIO VASCO EN EL SENADO (EAJ-PNV), al amparo de lo previsto en los art\u00edculos 160 y 169 del Reglamento de la C\u00e1mara, presenta la siguiente pregunta con respuesta escrita: La Comisi\u00f3n de Expertos para el Futuro del Valle de &hellip; <a href=\"https:\/\/blogs.deia.eus\/anasagasti\/2015\/02\/28\/pregunto-una-vez-mas-sobre-el-valle-de-los-caidos\/\" class=\"more-link\">Sigue leyendo <span class=\"screen-reader-text\">Pregunto una vez m\u00e1s sobre el Valle de los Ca\u00eddos<\/span><\/a><!-- AddThis Advanced Settings generic via filter on get_the_excerpt --><!-- AddThis Share Buttons generic via filter on get_the_excerpt --><\/p>\n","protected":false},"author":19,"featured_media":0,"comment_status":"open","ping_status":"open","sticky":false,"template":"","format":"standard","meta":{"footnotes":""},"categories":[1],"tags":[],"class_list":["post-6120","post","type-post","status-publish","format-standard","hentry","category-general"],"_links":{"self":[{"href":"https:\/\/blogs.deia.eus\/anasagasti\/wp-json\/wp\/v2\/posts\/6120","targetHints":{"allow":["GET"]}}],"collection":[{"href":"https:\/\/blogs.deia.eus\/anasagasti\/wp-json\/wp\/v2\/posts"}],"about":[{"href":"https:\/\/blogs.deia.eus\/anasagasti\/wp-json\/wp\/v2\/types\/post"}],"author":[{"embeddable":true,"href":"https:\/\/blogs.deia.eus\/anasagasti\/wp-json\/wp\/v2\/users\/19"}],"replies":[{"embeddable":true,"href":"https:\/\/blogs.deia.eus\/anasagasti\/wp-json\/wp\/v2\/comments?post=6120"}],"version-history":[{"count":1,"href":"https:\/\/blogs.deia.eus\/anasagasti\/wp-json\/wp\/v2\/posts\/6120\/revisions"}],"predecessor-version":[{"id":6122,"href":"https:\/\/blogs.deia.eus\/anasagasti\/wp-json\/wp\/v2\/posts\/6120\/revisions\/6122"}],"wp:attachment":[{"href":"https:\/\/blogs.deia.eus\/anasagasti\/wp-json\/wp\/v2\/media?parent=6120"}],"wp:term":[{"taxonomy":"category","embeddable":true,"href":"https:\/\/blogs.deia.eus\/anasagasti\/wp-json\/wp\/v2\/categories?post=6120"},{"taxonomy":"post_tag","embeddable":true,"href":"https:\/\/blogs.deia.eus\/anasagasti\/wp-json\/wp\/v2\/tags?post=6120"}],"curies":[{"name":"wp","href":"https:\/\/api.w.org\/{rel}","templated":true}]}}