{"id":6124,"date":"2015-03-01T18:24:12","date_gmt":"2015-03-01T16:24:12","guid":{"rendered":"http:\/\/blogs.deia.com\/anasagasti\/?p=6124"},"modified":"2015-03-01T18:24:47","modified_gmt":"2015-03-01T16:24:47","slug":"la-independencia-de-tve-esta-en-peligro-de-extincion-denuncian-los-representantes-de-la-redaccion","status":"publish","type":"post","link":"https:\/\/blogs.deia.eus\/anasagasti\/2015\/03\/01\/la-independencia-de-tve-esta-en-peligro-de-extincion-denuncian-los-representantes-de-la-redaccion\/","title":{"rendered":"\u00abLa independencia de TVE est\u00e1 en peligro de extinci\u00f3n\u201d, denuncian los representantes de la redacci\u00f3n"},"content":{"rendered":"<p><strong>Domingo 1 de marzo de 2015<\/strong><\/p>\n<p><a href=\"http:\/\/blogs.deia.com\/anasagasti\/files\/2015\/03\/261.15.png\"><img loading=\"lazy\" decoding=\"async\" class=\"alignleft size-full wp-image-6125\" src=\"http:\/\/blogs.deia.com\/anasagasti\/files\/2015\/03\/261.15.png\" alt=\"261.15\" width=\"438\" height=\"322\" \/><\/a><\/p>\n<p>&nbsp;<\/p>\n<p>&nbsp;<\/p>\n<p>&nbsp;<\/p>\n<p>&nbsp;<\/p>\n<p>&nbsp;<\/p>\n<p>&nbsp;<\/p>\n<p>&nbsp;<\/p>\n<p>&nbsp;<\/p>\n<p>Miembros del Consejo de Informativos han recibido el apoyo de todos los grupos parlamentarios, a excepci\u00f3n del PP.<\/p>\n<p>El conjunto de los trabajadores de RTVE han decidido en asamblea \u00abllevar sus denuncias a la sociedad y a la calle\u201d.<\/p>\n<p>Miembros del Consejo de Informativos han explicado a los grupos pol\u00edticos del Congreso \u00abla amenaza real que supone la creaci\u00f3n de una redacci\u00f3n paralela\u00bb. Lo han hecho en una visita que han realizado al Congreso de los diputados para dar a conocer el \u00abdif\u00edcil momento que se vive en TVE respecto a independencia informativa\u00bb. La iniciativa coincide con la asamblea, abierta a todos los trabajadores, que ha tenido lugar en Torrespa\u00f1a, en la que se ha acordado \u00abllevar la voz de RTVE a la sociedad y a la calle para que los ciudadanos ayuden a preservar el car\u00e1cter p\u00fablico de nuestra radio y Televisi\u00f3n\u00bb.<\/p>\n<p>La delegaci\u00f3n que acudi\u00f3 al Congreso estuvo encabezada por el Presidente del Consejo Alejandro Caballero, y el vicepresidente, Xavier Fortes, quienes se entrevistaron con los representantes de todos los grupos parlamentarios, a excepci\u00f3n del PP, que declin\u00f3 la invitaci\u00f3n.<\/p>\n<p>Seg\u00fan ha declarado el presidente del Consejo \u00abhemos venido a hablar con todos los grupos parlamentarios, ya que en TVE nos hemos quedado sin Interlocutores; la direcci\u00f3n de Informativos apenas nos recibe y el Consejo de Administraci\u00f3n lleva a\u00f1os sin hacernos caso. Nuestra misi\u00f3n principal es velar por la independencia de los Informativos que ha estado amenazada y ahora mismo est\u00e1 peligro de extinci\u00f3n con la creaci\u00f3n de un redacci\u00f3n paralela.<\/p>\n<!-- AddThis Advanced Settings generic via filter on the_content --><!-- AddThis Share Buttons generic via filter on the_content -->","protected":false},"excerpt":{"rendered":"<p>Domingo 1 de marzo de 2015 &nbsp; &nbsp; &nbsp; &nbsp; &nbsp; &nbsp; &nbsp; &nbsp; Miembros del Consejo de Informativos han recibido el apoyo de todos los grupos parlamentarios, a excepci\u00f3n del PP. El conjunto de los trabajadores de RTVE han decidido en asamblea \u00abllevar sus denuncias a la sociedad y a la calle\u201d. Miembros del &hellip; <a href=\"https:\/\/blogs.deia.eus\/anasagasti\/2015\/03\/01\/la-independencia-de-tve-esta-en-peligro-de-extincion-denuncian-los-representantes-de-la-redaccion\/\" class=\"more-link\">Sigue leyendo <span class=\"screen-reader-text\">\u00abLa independencia de TVE est\u00e1 en peligro de extinci\u00f3n\u201d, denuncian los representantes de la redacci\u00f3n<\/span><\/a><!-- AddThis Advanced Settings generic via filter on get_the_excerpt --><!-- AddThis Share Buttons generic via filter on get_the_excerpt --><\/p>\n","protected":false},"author":19,"featured_media":0,"comment_status":"open","ping_status":"open","sticky":false,"template":"","format":"standard","meta":{"footnotes":""},"categories":[1],"tags":[],"class_list":["post-6124","post","type-post","status-publish","format-standard","hentry","category-general"],"_links":{"self":[{"href":"https:\/\/blogs.deia.eus\/anasagasti\/wp-json\/wp\/v2\/posts\/6124","targetHints":{"allow":["GET"]}}],"collection":[{"href":"https:\/\/blogs.deia.eus\/anasagasti\/wp-json\/wp\/v2\/posts"}],"about":[{"href":"https:\/\/blogs.deia.eus\/anasagasti\/wp-json\/wp\/v2\/types\/post"}],"author":[{"embeddable":true,"href":"https:\/\/blogs.deia.eus\/anasagasti\/wp-json\/wp\/v2\/users\/19"}],"replies":[{"embeddable":true,"href":"https:\/\/blogs.deia.eus\/anasagasti\/wp-json\/wp\/v2\/comments?post=6124"}],"version-history":[{"count":2,"href":"https:\/\/blogs.deia.eus\/anasagasti\/wp-json\/wp\/v2\/posts\/6124\/revisions"}],"predecessor-version":[{"id":6127,"href":"https:\/\/blogs.deia.eus\/anasagasti\/wp-json\/wp\/v2\/posts\/6124\/revisions\/6127"}],"wp:attachment":[{"href":"https:\/\/blogs.deia.eus\/anasagasti\/wp-json\/wp\/v2\/media?parent=6124"}],"wp:term":[{"taxonomy":"category","embeddable":true,"href":"https:\/\/blogs.deia.eus\/anasagasti\/wp-json\/wp\/v2\/categories?post=6124"},{"taxonomy":"post_tag","embeddable":true,"href":"https:\/\/blogs.deia.eus\/anasagasti\/wp-json\/wp\/v2\/tags?post=6124"}],"curies":[{"name":"wp","href":"https:\/\/api.w.org\/{rel}","templated":true}]}}