{"id":6128,"date":"2015-03-02T21:25:50","date_gmt":"2015-03-02T19:25:50","guid":{"rendered":"http:\/\/blogs.deia.com\/anasagasti\/?p=6128"},"modified":"2015-03-02T21:25:50","modified_gmt":"2015-03-02T19:25:50","slug":"el-economista-de-ciudadanos-esquiva-el-concierto","status":"publish","type":"post","link":"https:\/\/blogs.deia.eus\/anasagasti\/2015\/03\/02\/el-economista-de-ciudadanos-esquiva-el-concierto\/","title":{"rendered":"El economista de ciudadanos esquiva el Concierto"},"content":{"rendered":"<p><strong>Lunes 2 de marzo de 2015<\/strong><\/p>\n<p><a href=\"http:\/\/blogs.deia.com\/anasagasti\/files\/2015\/03\/273.15.jpg\"><img loading=\"lazy\" decoding=\"async\" class=\"alignleft size-full wp-image-6129\" src=\"http:\/\/blogs.deia.com\/anasagasti\/files\/2015\/03\/273.15.jpg\" alt=\"273.15\" width=\"240\" height=\"300\" \/><\/a>Manuel Conthe s\u00ed asegura en Deusto que los nacionalismos le \u00abrepugnan\u00bb.<\/p>\n<p>\u00bfQu\u00e9 plantear\u00e1 ciudadanos sobre el Concierto Econ\u00f3mico vasco -y el Convenio navarro- que singulariza a las arcas p\u00fablicas y a la econom\u00eda vasca? Manuel Conthe, ex presidente da la Comisi\u00f3n Nacional del Mercado de Valores (CNMV) con Rodr\u00edguez Zapatero y uno de los fichajes estrella del partido Ciudadanos para de la mano de Luis Garicano, elaborar su programa econ\u00f3mico de cara a las elecciones generales de oto\u00f1o, prefiri\u00f3 el lunes esquivar el asunto en la pre\u00adsentaci\u00f3n de su \u00faltimo libro dado que ahora se dedica a ayudar a C&#8217;s en este campo, dijo a la prensa congregada en la Universidad de Deusto, que era recomendable que no manifieste sus ideas al respecto.<\/p>\n<p>El l\u00edder de la formaci\u00f3n, Albert Rivera, apuesta por abrir el debate sobre el Concierto vasco y el Convenio navarro porque -aduce, al igual que UPyD- con ellos existen espa\u00f1oles con m\u00e1s \u201cprivilegios\u201d que otros dentro del mismo pa\u00eds. Conthe (Madrid, 1954), que el lunes presentaba ante la asociaci\u00f3n Alumni La Comercial su tercer libro, Pensar con arte. Historias que el zorro le cont\u00f3 al erizo (Biblioteca Nueva, 2014), \u00a0call\u00f3 sobre esto pero se moj\u00f3 en otras cosas. Preguntado por la encuesta difundida por el Colegio Vasco de Economistas, que concluye que la situaci\u00f3n econ\u00f3mica de Euzkadi \u201cempeorar\u00eda\u201d si se independizara de Espa\u00f1a, el \u00a0presidente del consejo asesor de Expansi\u00f3n y Actualidad Econ\u00f3mica asegur\u00f3 que la integraci\u00f3n europea ha facilitado el auge de los nacionalismos porque su \u00abcoste\u00bb de estos es \u201cmenor\u201d gracias a la falta de barre\u00adras econ\u00f3micas de la que gozan todos los miembros de la UE, anim\u00f3 a abrazar Europa -cuyas instituciones funcionan \u201cmucho mejor\u201d que las espa\u00f1olas- y a \u201cno entrar en batallas de nacionalismos hist\u00f3ricos\u201d que siempre le han olido a \u00abnaftalina\u00bb. \u00abMe repugnan los nacionalismos, de cualquier signo, empezando por el espa\u00f1ol. El vasco, el catal\u00e1n, el franc\u00e9s, con Juana de Arco. \u00a1Soy ciudadano europeo y Voltaire y la ilustraci\u00f3n son tan m\u00edos como vuestros!, subray\u00f3.<\/p>\n<p>Antes de mantener por la tarde un encuentro con alumnos y ex alumnos de la Universidad de Deusto, Conthe lanz\u00f3 una serie de advertencias sobre los programas electorales de los partidos. Por ejemplo, que \u00abtodas las promesas electorales que conlleven aumento del d\u00e9ficit, s\u00f3lo son deseos\u00bb, ya que dependen de una multitud de factores externos y no de la mera voluntad pol\u00edtica del gobernante y reclam\u00f3 a los partidos que no escriban \u201ccartas a los Reyes Magos\u201d antes de la cita con las urnas, como, a su juicio, he hecho el griego Syriza o como ocurri\u00f3 con el programa de Podemos en las elecciones europeas. O como el PP, cuando asegur\u00f3 que iba a bajar todos los impuestos.<\/p>\n<p>En todo caso, Conthe valor\u00f3 la gesti\u00f3n econ\u00f3mica del Gobierno de Mariano Rajoy, que juzga \u201crazonable\u00bb. No entiende, c\u00f3mo Pedro S\u00e1nchez ha tardado tanto en reconocer los signos de recuperaci\u00f3n, y sostiene que la econom\u00eda espa\u00f1ola va mejor; aunque matiz\u00f3, m\u00e1s por el \u201cvientos de cola\u201d que soplan en forma de bajada de los tipos de inter\u00e9s y de abaratamiento del precio del petr\u00f3leo, que por m\u00e9ritos propios.<\/p>\n<p>\u00bfY las sombras de Espa\u00f1a? El \u201cdesastre del sistema educativo\u201d, que no responde a las demandas de las empresas; la dualidad del mercado de trabajo, entre los empleados con m\u00e1s derechos y los peor situados, especialmente j\u00f3venes, y la necesidad de reestructurar \u201cla deuda privada\u201d. Aunque la lista es larga.<\/p>\n<p>Conthe es un nacionalista espa\u00f1ol que no tiene ni idea que es el Concierto Vasco y sigue hablando de \u201cprivilegios\u201d. Te traicionan en Bergara (1839), te dejan un resto de foralidad, y eso es un \u201cprivilegio\u201d. Con esta gente, \u00a1ni a heredar!!!.<\/p>\n<!-- AddThis Advanced Settings generic via filter on the_content --><!-- AddThis Share Buttons generic via filter on the_content -->","protected":false},"excerpt":{"rendered":"<p>Lunes 2 de marzo de 2015 Manuel Conthe s\u00ed asegura en Deusto que los nacionalismos le \u00abrepugnan\u00bb. \u00bfQu\u00e9 plantear\u00e1 ciudadanos sobre el Concierto Econ\u00f3mico vasco -y el Convenio navarro- que singulariza a las arcas p\u00fablicas y a la econom\u00eda vasca? Manuel Conthe, ex presidente da la Comisi\u00f3n Nacional del Mercado de Valores (CNMV) con Rodr\u00edguez &hellip; <a href=\"https:\/\/blogs.deia.eus\/anasagasti\/2015\/03\/02\/el-economista-de-ciudadanos-esquiva-el-concierto\/\" class=\"more-link\">Sigue leyendo <span class=\"screen-reader-text\">El economista de ciudadanos esquiva el Concierto<\/span><\/a><!-- AddThis Advanced Settings generic via filter on get_the_excerpt --><!-- AddThis Share Buttons generic via filter on get_the_excerpt --><\/p>\n","protected":false},"author":19,"featured_media":0,"comment_status":"open","ping_status":"open","sticky":false,"template":"","format":"standard","meta":{"footnotes":""},"categories":[1],"tags":[],"class_list":["post-6128","post","type-post","status-publish","format-standard","hentry","category-general"],"_links":{"self":[{"href":"https:\/\/blogs.deia.eus\/anasagasti\/wp-json\/wp\/v2\/posts\/6128","targetHints":{"allow":["GET"]}}],"collection":[{"href":"https:\/\/blogs.deia.eus\/anasagasti\/wp-json\/wp\/v2\/posts"}],"about":[{"href":"https:\/\/blogs.deia.eus\/anasagasti\/wp-json\/wp\/v2\/types\/post"}],"author":[{"embeddable":true,"href":"https:\/\/blogs.deia.eus\/anasagasti\/wp-json\/wp\/v2\/users\/19"}],"replies":[{"embeddable":true,"href":"https:\/\/blogs.deia.eus\/anasagasti\/wp-json\/wp\/v2\/comments?post=6128"}],"version-history":[{"count":1,"href":"https:\/\/blogs.deia.eus\/anasagasti\/wp-json\/wp\/v2\/posts\/6128\/revisions"}],"predecessor-version":[{"id":6130,"href":"https:\/\/blogs.deia.eus\/anasagasti\/wp-json\/wp\/v2\/posts\/6128\/revisions\/6130"}],"wp:attachment":[{"href":"https:\/\/blogs.deia.eus\/anasagasti\/wp-json\/wp\/v2\/media?parent=6128"}],"wp:term":[{"taxonomy":"category","embeddable":true,"href":"https:\/\/blogs.deia.eus\/anasagasti\/wp-json\/wp\/v2\/categories?post=6128"},{"taxonomy":"post_tag","embeddable":true,"href":"https:\/\/blogs.deia.eus\/anasagasti\/wp-json\/wp\/v2\/tags?post=6128"}],"curies":[{"name":"wp","href":"https:\/\/api.w.org\/{rel}","templated":true}]}}