{"id":6134,"date":"2015-03-04T21:12:07","date_gmt":"2015-03-04T19:12:07","guid":{"rendered":"http:\/\/blogs.deia.com\/anasagasti\/?p=6134"},"modified":"2015-03-04T21:12:07","modified_gmt":"2015-03-04T19:12:07","slug":"defensa-mantendra-un-general-en-euzkadi-en-su-nueva-organizacion","status":"publish","type":"post","link":"https:\/\/blogs.deia.eus\/anasagasti\/2015\/03\/04\/defensa-mantendra-un-general-en-euzkadi-en-su-nueva-organizacion\/","title":{"rendered":"Defensa mantendr\u00e1 un General en Euzkadi en su nueva organizaci\u00f3n"},"content":{"rendered":"<p><strong>Mi\u00e9rcoles 4 de marzo de 2015<\/strong><\/p>\n<p>El Ej\u00e9rcito de Tierra mantendr\u00e1 en el Pa\u00eds Vasco a un general de brigada dentro de su organizaci\u00f3n territorial a pesar de que el proyecto de nuevas Brigadas Org\u00e1nicas Polivalentes (BOP) conlleva la supresi\u00f3n del cuartel general de la Brigada de Infanter\u00eda Ligera \u00abSan Marcial\u00bb, con base en Araca (Vitoria). Una vez desarrollada la nueva estructura del Ej\u00e9rcito, el general de brigada del Pa\u00eds Vasco pasar\u00e1 a depender de la Fuerza Log\u00edstica Operativa cuyo cuartel general se encuentra en La Coru\u00f1a, seg\u00fan las fuentes consultadas. De este modo, el Ministerio de Defensa mantiene el valor simb\u00f3lico de esta figura militar en dicha comunidad pese a la desaparici\u00f3n del mando de la brigada \u00abSan Marcial\u00bb. El Ej\u00e9rcito espera hacer p\u00fablico en marzo su proyecto de BOP.<\/p>\n<p>Por su parte, los dos regimientos dependientes hasta ahora del cuartel general de la brigada \u00abSan Marcial\u00bb seguir\u00e1n teniendo sus correspondientes bases en Mungu\u00eda (Vizcaya) y San Sebasti\u00e1n (Guip\u00fazcoa)\u00a0con id\u00e9ntico n\u00famero de efectivos. No obstante, desde el punto de vista org\u00e1nico el regimiento \u00abGarellano\u00bb 45 (Vizcaya) depender\u00e1 de la plana mayor de la Brigada de Infanter\u00eda Mecanizada \u00abGuzm\u00e1n el Bueno\u00bb, con sede en Cerro Muriano (C\u00f3rdoba); mientras que el \u00abTercio Viejo de Sicilia\u00bb 67 (Guip\u00fazcoa) formar\u00e1 parte de la Brigada de Infanter\u00eda Mecanizada \u00abExtremadura\u00bb, con sede en Badajoz.<\/p>\n<p>La nueva organizaci\u00f3n del Ej\u00e9rcito contempla la reducci\u00f3n de diez a ocho el n\u00famero de brigadas del Ej\u00e9rcito para adecuarse a la progresiva disminuci\u00f3n de efectivos experimentada en el Ej\u00e9rcito de Tierra, con 73.000 efectivos ahora. Una brigada est\u00e1 formada tradicionalmente por dos o m\u00e1s regimientos o batallones con un total de 5.000 efectivos aproximadamente.<\/p>\n<p>Otras dos brigadas del Ej\u00e9rcito se ver\u00e1n afectadas por la nueva reorganizaci\u00f3n de mando de la denominada Fuerza Terrestre. Estas son la Brigada de Caballer\u00eda \u00abCastillejos\u00bb (Zaragoza) y la Jefatura de Tropas de Monta\u00f1a (Jaca, Huesca) que se fusionar\u00e1n en la nueva \u00abArag\u00f3n\u00bb. De la brigada \u00abArag\u00f3n\u00bb depender\u00e1n as\u00ed los regimientos de cazadores de monta\u00f1a desplegados en Gerona, Navarra y Huesca, as\u00ed como la unidad de caballer\u00eda de Zaragoza.<\/p>\n<p>Dos divisiones<\/p>\n<p>Las nuevas brigadas tendr\u00e1 dos divisiones que heredan el nombre de las dos brigadas suprimidas: \u00abSan Marcial\u00bb y \u00abCastillejos\u00bb. La divisi\u00f3n \u00abSan Marcial\u00bb se articular\u00e1 en las brigadas m\u00e1s pesadas \u00abGuzm\u00e1n el Bueno\u00bb (C\u00f3rdoba), \u00abExtremadura\u00bb (Badajoz), \u00abGuadarrama\u00bb (Madrid) y \u00abArag\u00f3n\u00bb. Estas contar\u00e1n con mayor predominio de carros de combate Leopardo 2E y Pizarro.<\/p>\n<p>La divisi\u00f3n \u00abCastillejos\u00bb se articular\u00e1 en las tres m\u00e1s ligeras: \u00abRey Alfonso XIII\u00bb de la Legi\u00f3n (Almer\u00eda), \u00abAlmog\u00e1vares\u00bb de Paracaidistas (Madrid) y la \u00abGalicia\u00bb (Pontevedra). La brigada \u00abCanarias\u00bb (Las Palmas) completa el listado de ocho brigadas. Estas tendr\u00e1n en los nuevos veh\u00edculos 8&#215;8 uno de sus grandes soportes.<\/p>\n<p>El nuevo concepto de Brigadas Org\u00e1nicas Polivalentes es una de las medidas de reestructuraci\u00f3n acometidas por el jefe de Estado Mayor del Ej\u00e9rcito, general Jaime Dom\u00ednguez Buj, ante el actual escenario presupuestario (un 33% menos de presupuesto en Defensa desde 2008) y con el objetivo de que \u00abtodas las brigadas puedan enfrentarse a un n\u00famero m\u00e1s amplio de posibles amenazas\u00bb.<\/p>\n<p>El prop\u00f3sito es que las ocho brigadas org\u00e1nicas polivalentes puedan participar en las mismas condiciones en misiones en el exterior. \u00abDe ellas, dos siempre se encontrar\u00e1n en el ciclo de poder servir en misiones en el exterior, mientras las otras acometen sus periodos de preparaci\u00f3n\u00bb. \u00abSe busca una respuesta a\u00fan m\u00e1s r\u00e1pida y eficaz y con una organizaci\u00f3n adaptable y flexible. Que en s\u00ed misma una sola brigada pueda generar una capacidad acorazada, ligera y mecanizada\u00bb, explican otras fuentes militares.<\/p>\n<!-- AddThis Advanced Settings generic via filter on the_content --><!-- AddThis Share Buttons generic via filter on the_content -->","protected":false},"excerpt":{"rendered":"<p>Mi\u00e9rcoles 4 de marzo de 2015 El Ej\u00e9rcito de Tierra mantendr\u00e1 en el Pa\u00eds Vasco a un general de brigada dentro de su organizaci\u00f3n territorial a pesar de que el proyecto de nuevas Brigadas Org\u00e1nicas Polivalentes (BOP) conlleva la supresi\u00f3n del cuartel general de la Brigada de Infanter\u00eda Ligera \u00abSan Marcial\u00bb, con base en Araca &hellip; <a href=\"https:\/\/blogs.deia.eus\/anasagasti\/2015\/03\/04\/defensa-mantendra-un-general-en-euzkadi-en-su-nueva-organizacion\/\" class=\"more-link\">Sigue leyendo <span class=\"screen-reader-text\">Defensa mantendr\u00e1 un General en Euzkadi en su nueva organizaci\u00f3n<\/span><\/a><!-- AddThis Advanced Settings generic via filter on get_the_excerpt --><!-- AddThis Share Buttons generic via filter on get_the_excerpt --><\/p>\n","protected":false},"author":19,"featured_media":0,"comment_status":"open","ping_status":"open","sticky":false,"template":"","format":"standard","meta":{"footnotes":""},"categories":[1],"tags":[],"class_list":["post-6134","post","type-post","status-publish","format-standard","hentry","category-general"],"_links":{"self":[{"href":"https:\/\/blogs.deia.eus\/anasagasti\/wp-json\/wp\/v2\/posts\/6134","targetHints":{"allow":["GET"]}}],"collection":[{"href":"https:\/\/blogs.deia.eus\/anasagasti\/wp-json\/wp\/v2\/posts"}],"about":[{"href":"https:\/\/blogs.deia.eus\/anasagasti\/wp-json\/wp\/v2\/types\/post"}],"author":[{"embeddable":true,"href":"https:\/\/blogs.deia.eus\/anasagasti\/wp-json\/wp\/v2\/users\/19"}],"replies":[{"embeddable":true,"href":"https:\/\/blogs.deia.eus\/anasagasti\/wp-json\/wp\/v2\/comments?post=6134"}],"version-history":[{"count":1,"href":"https:\/\/blogs.deia.eus\/anasagasti\/wp-json\/wp\/v2\/posts\/6134\/revisions"}],"predecessor-version":[{"id":6135,"href":"https:\/\/blogs.deia.eus\/anasagasti\/wp-json\/wp\/v2\/posts\/6134\/revisions\/6135"}],"wp:attachment":[{"href":"https:\/\/blogs.deia.eus\/anasagasti\/wp-json\/wp\/v2\/media?parent=6134"}],"wp:term":[{"taxonomy":"category","embeddable":true,"href":"https:\/\/blogs.deia.eus\/anasagasti\/wp-json\/wp\/v2\/categories?post=6134"},{"taxonomy":"post_tag","embeddable":true,"href":"https:\/\/blogs.deia.eus\/anasagasti\/wp-json\/wp\/v2\/tags?post=6134"}],"curies":[{"name":"wp","href":"https:\/\/api.w.org\/{rel}","templated":true}]}}