{"id":6136,"date":"2015-03-05T21:50:36","date_gmt":"2015-03-05T19:50:36","guid":{"rendered":"http:\/\/blogs.deia.com\/anasagasti\/?p=6136"},"modified":"2015-03-05T21:51:41","modified_gmt":"2015-03-05T19:51:41","slug":"el-pnv-y-ciu-denuncian-en-bruselas-el-castigo-al-juez-que-colaboro-en-redactar-una-constitucion-catalana","status":"publish","type":"post","link":"https:\/\/blogs.deia.eus\/anasagasti\/2015\/03\/05\/el-pnv-y-ciu-denuncian-en-bruselas-el-castigo-al-juez-que-colaboro-en-redactar-una-constitucion-catalana\/","title":{"rendered":"El PNV y CiU denuncian en Bruselas el castigo al Juez que colabor\u00f3 en redactar una Constituci\u00f3n Catalana"},"content":{"rendered":"<p><strong>Jueves 5 de marzo de 2015<\/strong><\/p>\n<p>Los eurodiputados de PNV, Convergencia Democr\u00e1tica de Catalunya y Uni\u00f3 Democr\u00e1tica de Catalu\u00f1a han denunciado esta ma\u00f1ana en Bruselas que la sanci\u00f3n contra el juez Vidal que colabor\u00f3 en la redacci\u00f3n del borrador de una constituci\u00f3n para un estado catal\u00e1n vulnera al menos cinco art\u00edculos de la Carta Europea de Derechos Fundamentales. Por ello alientan a la Comisi\u00f3n Europea, en calidad de guardi\u00e1n de los tratados, que se interese por el caso y anime a evitar este tipo de decisiones que \u201cpuede socavar la confianza mutua entre sistemas judiciales de los estados miembros, b\u00e1sica para construir el tercer pilar\u201d.<\/p>\n<p>Bilbao Barandica, Tremosa i Ballcels y Francesc Gamb\u00fas\u00a0han firmado esta iniciativa animados por las manifestaciones realizadas en el \u00faltimo pleno de la euroc\u00e1mara por el vicepresidente del gobierno comunitario Frans Timmermans. El responsable de la Comisi\u00f3n para promover el respeto en toda la Uni\u00f3n al estado de derecho y los contenidos de la Carta Europea de Derechos Fundamentales se manifest\u00f3 dispuesto a poner en marcha un sistema de alerta temprana para detectar y corregir los casos de vulneraciones de derechos fundamentales que se detecten en los estados miembros. Los tres eurodiputados consideran que el caso del Juez Santiago Vidal es uno de ellos.<\/p>\n<p>En su iniciativa recuerdan que el Consejo General del Poder Judicial contra la opini\u00f3n de casi la mitad de sus miembros ha impuesto \u201ctres a\u00f1os de inhabilitaci\u00f3n al juez de lo penal Santiago Vidal Marsal por participar en su tiempo libre en trabajos cient\u00edficos en torno a la redacci\u00f3n de una hipot\u00e9tica constituci\u00f3n catalana\u201d Parafraseando la propia decisi\u00f3n del Consejo los tres eurodiputados afirman que \u201c El fallo considera, desde una ignorancia inexcusable de la jurisprudencia del propio Tribunal Constitucional Espa\u00f1ol, que una supuesta fidelidad a la constituci\u00f3n espa\u00f1ola y el ordenamiento jur\u00eddico impide propugnar su reforma\u201d.<\/p>\n<p>La decisi\u00f3n adoptada por la mayor\u00eda de consejeros elegidos por el partido popular esa juicio de Bilbao, Tremosa y Gamb\u00fas es contraria \u201cal menos a los art\u00edculos 10, 11 y 12 de la Carta Europea de Derechos Fundamentales\u201d. Los firmantes de la iniciativa recuerdan adem\u00e1s que la decisi\u00f3n del C.G.P.J.\u00a0 se produce adem\u00e1s en un pa\u00eds \u201cen el que un antiguo afiliado al Partido Popular y autor de trabajos cient\u00edficos en los que se bas\u00f3 la reforma laboral del actual gobierno de Espa\u00f1a preside el Tribunal Constitucional\u201d .\u00a0 Por ello afirman que \u201cel contraste entre ambos casos convierte la sanci\u00f3n en un atentado palmario a los art\u00edculos 20 y 21 de la Carta Europea de Derechos Fundamentales\u201d.<\/p>\n<p>Por estas razones los representantes de estas tres formaciones preguntan a la Comisi\u00f3n Europea si considera \u201cal menos digna de estudio, esta nueva demostraci\u00f3n de la falta de independencia que afecta en Espa\u00f1a al poder judicial\u201d. Adem\u00e1s alertan de que estos comportamientos \u201cpueden socavar la confianza mutua en que se basa la construcci\u00f3n del tercer pilar\u201d y piden al gobierno comunitario una intervenci\u00f3n al respecto.<\/p>\n<p>Izaskun Bilbao Barandica que considera esta sanci\u00f3n un ejemplo m\u00e1s de la \u201clamentable politizaci\u00f3n que lastra el poder judicial en Espa\u00f1a\u201d pide a la Comisi\u00f3n que \u201cdemuestre con hechos su intenci\u00f3n de evitar que se produzcan en Europa casos como este. Este es un castigo pol\u00edtico que se opone a la propia doctrina del Tribunal Constitucional espa\u00f1ol. Acatar la Constituci\u00f3n no impide implicarse en su reforma. Mostrarse a favor de reformarla o proponer una f\u00f3rmula concreta para hacerlo es un ejercicio democr\u00e1tico y de participaci\u00f3n pol\u00edtica. Reprimir esa posibilidad describe bien a las claras el talante de quienes lo impiden.\u201d<\/p>\n<!-- AddThis Advanced Settings generic via filter on the_content --><!-- AddThis Share Buttons generic via filter on the_content -->","protected":false},"excerpt":{"rendered":"<p>Jueves 5 de marzo de 2015 Los eurodiputados de PNV, Convergencia Democr\u00e1tica de Catalunya y Uni\u00f3 Democr\u00e1tica de Catalu\u00f1a han denunciado esta ma\u00f1ana en Bruselas que la sanci\u00f3n contra el juez Vidal que colabor\u00f3 en la redacci\u00f3n del borrador de una constituci\u00f3n para un estado catal\u00e1n vulnera al menos cinco art\u00edculos de la Carta Europea &hellip; <a href=\"https:\/\/blogs.deia.eus\/anasagasti\/2015\/03\/05\/el-pnv-y-ciu-denuncian-en-bruselas-el-castigo-al-juez-que-colaboro-en-redactar-una-constitucion-catalana\/\" class=\"more-link\">Sigue leyendo <span class=\"screen-reader-text\">El PNV y CiU denuncian en Bruselas el castigo al Juez que colabor\u00f3 en redactar una Constituci\u00f3n Catalana<\/span><\/a><!-- AddThis Advanced Settings generic via filter on get_the_excerpt --><!-- AddThis Share Buttons generic via filter on get_the_excerpt --><\/p>\n","protected":false},"author":19,"featured_media":0,"comment_status":"open","ping_status":"open","sticky":false,"template":"","format":"standard","meta":{"footnotes":""},"categories":[1],"tags":[],"class_list":["post-6136","post","type-post","status-publish","format-standard","hentry","category-general"],"_links":{"self":[{"href":"https:\/\/blogs.deia.eus\/anasagasti\/wp-json\/wp\/v2\/posts\/6136","targetHints":{"allow":["GET"]}}],"collection":[{"href":"https:\/\/blogs.deia.eus\/anasagasti\/wp-json\/wp\/v2\/posts"}],"about":[{"href":"https:\/\/blogs.deia.eus\/anasagasti\/wp-json\/wp\/v2\/types\/post"}],"author":[{"embeddable":true,"href":"https:\/\/blogs.deia.eus\/anasagasti\/wp-json\/wp\/v2\/users\/19"}],"replies":[{"embeddable":true,"href":"https:\/\/blogs.deia.eus\/anasagasti\/wp-json\/wp\/v2\/comments?post=6136"}],"version-history":[{"count":2,"href":"https:\/\/blogs.deia.eus\/anasagasti\/wp-json\/wp\/v2\/posts\/6136\/revisions"}],"predecessor-version":[{"id":6138,"href":"https:\/\/blogs.deia.eus\/anasagasti\/wp-json\/wp\/v2\/posts\/6136\/revisions\/6138"}],"wp:attachment":[{"href":"https:\/\/blogs.deia.eus\/anasagasti\/wp-json\/wp\/v2\/media?parent=6136"}],"wp:term":[{"taxonomy":"category","embeddable":true,"href":"https:\/\/blogs.deia.eus\/anasagasti\/wp-json\/wp\/v2\/categories?post=6136"},{"taxonomy":"post_tag","embeddable":true,"href":"https:\/\/blogs.deia.eus\/anasagasti\/wp-json\/wp\/v2\/tags?post=6136"}],"curies":[{"name":"wp","href":"https:\/\/api.w.org\/{rel}","templated":true}]}}