{"id":6139,"date":"2015-03-06T21:59:52","date_gmt":"2015-03-06T19:59:52","guid":{"rendered":"http:\/\/blogs.deia.com\/anasagasti\/?p=6139"},"modified":"2015-03-06T21:59:52","modified_gmt":"2015-03-06T19:59:52","slug":"no-hay-jefe-de-la-oposicion-ni-falta-que-hace","status":"publish","type":"post","link":"https:\/\/blogs.deia.eus\/anasagasti\/2015\/03\/06\/no-hay-jefe-de-la-oposicion-ni-falta-que-hace\/","title":{"rendered":"No hay Jefe de la oposici\u00f3n, ni falta que hace"},"content":{"rendered":"<p><strong>Viernes 6 de marzo de 2015<\/strong><\/p>\n<p>R\u00f3mulo Gallegos fue un buen\u00a0escritor venezolano, autor de Do\u00f1a B\u00e1rbara, que adem\u00e1s \u00a0lleg\u00f3 a presidente de la Rep\u00fablica y desgraciadamente\u00a0 en 1948 fue derrocado por los militares.<\/p>\n<p>De \u00e9l cog\u00ed una reflexi\u00f3n que hice m\u00eda.<\/p>\n<p>\u201cSobre los llanos, la palma<\/p>\n<p>Sobre las palmas, los cielos.<\/p>\n<p>Sobre mi caballo, yo,<\/p>\n<p>y sobre yo,<\/p>\n<p>mi sombrero.<\/p>\n<p>Aqu\u00ed nos \u00a0pondr\u00edamos la txapela. Y como somos de Bilbao, una de color azul Bilbao.<\/p>\n<p>Y viene bien el pareado\u00a0 ante tanta supeditaci\u00f3n, generalizaci\u00f3n, y b\u00fasqueda del reba\u00f1o.<\/p>\n<p>Y pongo en el t\u00edtulo para recalcar que aqu\u00ed no hay Jefe de Oposici\u00f3n, a pesar de que lo f\u00e1cil es decir que ahora Pedro S\u00e1nchez lo es. Este se\u00f1or omnipresente \u00a0es el secretario general del PSOE, pero ni mi jefe, ni el suyo, ni el jefe de oposici\u00f3n alguna porque entre otras cosas, el PSOE no ha hecho nunca una real oposici\u00f3n. Y as\u00ed les va.<\/p>\n<p>El que la derecha haga lo que hace est\u00e1 en el gui\u00f3n. Ellos defienden intereses, privilegios y de vez en cuando el inter\u00e9s com\u00fan. Muy de vez en cuando. De ah\u00ed que nadie tenga que asustarse sobre lo que son ni llamarse a enga\u00f1o salvo los tontos.<\/p>\n<p>Dec\u00eda Ajuriaguerra que no hab\u00eda tonto m\u00e1s tonto que un obrero de derechas.<\/p>\n<p>La crisis ha venido no por la derecha, que no ha enga\u00f1ado a nadie, sino por el partido socialista, que ha enga\u00f1ado a todos.<\/p>\n<p>Y ah\u00ed est\u00e1n los esqueletos socialistas en las cunetas y Franco tan tranquilo en el Valle de los Ca\u00eddos sin que los socialistas hayan hecho absolutamente\u00a0 nada para remediar esta incuria hist\u00f3rica.<\/p>\n<p>Enga\u00f1\u00f3 Zapatero indultando al banquero Alfredo S\u00e1enz y defendiendo la doctrina Bot\u00edn propia de los jueces de Chicago en tiempos de Al Capone.<\/p>\n<p>Enga\u00f1\u00f3 el socialismo cuando tras la abdicaci\u00f3n de Juan Carlos, le afor\u00f3 inmediatamente y no promovi\u00f3 un refer\u00e9ndum sobre Rep\u00fablica o Monarqu\u00eda.<\/p>\n<p>Enga\u00f1\u00f3 el gobierno Zapatero cuando les dijo a los catalanes que lo que se aprobara en su Parlamento en Madrid, en las Cortes Generales, lo respetar\u00edan y no solo no lo hicieron sino que le rieron las gracias a Alfonso Guerra cuando dijo aquello que se hab\u00edan cepillado el estatuto catal\u00e1n. Y el mes pasado le despidieron, junto al PP, con un aplauso general.<\/p>\n<p>Enga\u00f1aron a todo el mundo cuando en una semana y con ayuda del PP, modificaron la Constituci\u00f3n, para aprobar un f\u00e9rreo techo de gasto, y se\u00a0 sumaron al argumento de Rajoy, y tambi\u00e9n enga\u00f1aron cuando Ibarretxe fue al Congreso con su plan de reforma estatutaria y con el apoyo del PP ni lo admitieron a tr\u00e1mite.<\/p>\n<p>Vivimos tiempos en los que la corrupci\u00f3n es la principal preocupaci\u00f3n de la ciudadan\u00eda, una preocupaci\u00f3n que ha agudizado la crisis\u00a0 al conocer la org\u00eda de los cargos socialistas en las Cajas de Ahorro, la gran juerga delictiva\u00a0 de las tarjetas black, as\u00ed como los Eres en Andaluc\u00eda.<\/p>\n<p>\u00bfNo se pod\u00eda haber hecho nada para descubrir todo \u00e9sto?.<\/p>\n<p>Pues no, porque el Tribunal de Cuentas que es el competente, nunca ha podido investigar a fondo estos delitos por no tener acceso a la Agencia Tributaria y por repartirse entre el PP y el PSOE sus consejeros. De doce\u00a0 elegidos por las Cortes Generales\u00a0 siete han sido nombrados por el PP y cinco por el PSOE, uno de ellos consensuado\u00a0 con IU. Esta chapuza antidemocr\u00e1tica ha sido en 37 a\u00f1os el problema end\u00e9mico\u00a0 del sistema pol\u00edtico-constitucional\u00a0 espa\u00f1ol en el que los miembros de la mayor\u00eda de los organismos p\u00fablicos significativos de control (Tribuna Constitucional, Defensor del Pueblo, Tribunal de Cuentas, Consejo General del Poder Judicial&#8230;) han emanado de un pacto de alternancia entre el PP y el PSOE que ha pasado por todo. Y as\u00ed est\u00e1 la justicia como est\u00e1, y as\u00ed est\u00e1 el Tribunal de Cuentas como est\u00e1. Y as\u00ed est\u00e1 la corrupci\u00f3n como est\u00e1, plet\u00f3rica de salud.<\/p>\n<p>Y finalmente un apunte sobre el viaje de S\u00e1nchez a Estados Unidos. Nos dicen que\u00a0 este viaje ten\u00eda por objeto explicar en la Casa Blanca y en el FMI su alternativa econ\u00f3mica. \u00bfExplicar o pedir permiso?. Lo digo por el lenguaje genuflexo con el que se ha abordado esta incursi\u00f3n donde nos dicen que Pedro S\u00e1nchez va en su car\u00e1cter de \u00abjefe de la oposici\u00f3n\u00bb no es de recibo. Ni lo es, ni falta que hace. No queremos m\u00e1s T\u00edo Tom en pol\u00edtica. Y si les est\u00e1 pasando lo que les est\u00e1 pasando es principalmente por eso, porque dejaron de ser un partido socialista y se convirtieron en la muleta de la derecha espa\u00f1ola con alg\u00fan ribete progre.<\/p>\n<p>La soluci\u00f3n la tienen en su vuelta a los or\u00edgenes. Lo tienen relativamente f\u00e1cil.<\/p>\n<p>Vuelvo a R\u00f3mulo Gallegos.<\/p>\n<p>Sobre mi caballo, yo,<\/p>\n<p>y sobre yo, mi txapela.<\/p>\n<p>Pero no en Pedro S\u00e1nchez, genuflexo y hablando de cuestiones de estado.<\/p>\n<p>&nbsp;<\/p>\n<!-- AddThis Advanced Settings generic via filter on the_content --><!-- AddThis Share Buttons generic via filter on the_content -->","protected":false},"excerpt":{"rendered":"<p>Viernes 6 de marzo de 2015 R\u00f3mulo Gallegos fue un buen\u00a0escritor venezolano, autor de Do\u00f1a B\u00e1rbara, que adem\u00e1s \u00a0lleg\u00f3 a presidente de la Rep\u00fablica y desgraciadamente\u00a0 en 1948 fue derrocado por los militares. De \u00e9l cog\u00ed una reflexi\u00f3n que hice m\u00eda. \u201cSobre los llanos, la palma Sobre las palmas, los cielos. Sobre mi caballo, yo, &hellip; <a href=\"https:\/\/blogs.deia.eus\/anasagasti\/2015\/03\/06\/no-hay-jefe-de-la-oposicion-ni-falta-que-hace\/\" class=\"more-link\">Sigue leyendo <span class=\"screen-reader-text\">No hay Jefe de la oposici\u00f3n, ni falta que hace<\/span><\/a><!-- AddThis Advanced Settings generic via filter on get_the_excerpt --><!-- AddThis Share Buttons generic via filter on get_the_excerpt --><\/p>\n","protected":false},"author":19,"featured_media":0,"comment_status":"open","ping_status":"open","sticky":false,"template":"","format":"standard","meta":{"footnotes":""},"categories":[1],"tags":[],"class_list":["post-6139","post","type-post","status-publish","format-standard","hentry","category-general"],"_links":{"self":[{"href":"https:\/\/blogs.deia.eus\/anasagasti\/wp-json\/wp\/v2\/posts\/6139","targetHints":{"allow":["GET"]}}],"collection":[{"href":"https:\/\/blogs.deia.eus\/anasagasti\/wp-json\/wp\/v2\/posts"}],"about":[{"href":"https:\/\/blogs.deia.eus\/anasagasti\/wp-json\/wp\/v2\/types\/post"}],"author":[{"embeddable":true,"href":"https:\/\/blogs.deia.eus\/anasagasti\/wp-json\/wp\/v2\/users\/19"}],"replies":[{"embeddable":true,"href":"https:\/\/blogs.deia.eus\/anasagasti\/wp-json\/wp\/v2\/comments?post=6139"}],"version-history":[{"count":1,"href":"https:\/\/blogs.deia.eus\/anasagasti\/wp-json\/wp\/v2\/posts\/6139\/revisions"}],"predecessor-version":[{"id":6140,"href":"https:\/\/blogs.deia.eus\/anasagasti\/wp-json\/wp\/v2\/posts\/6139\/revisions\/6140"}],"wp:attachment":[{"href":"https:\/\/blogs.deia.eus\/anasagasti\/wp-json\/wp\/v2\/media?parent=6139"}],"wp:term":[{"taxonomy":"category","embeddable":true,"href":"https:\/\/blogs.deia.eus\/anasagasti\/wp-json\/wp\/v2\/categories?post=6139"},{"taxonomy":"post_tag","embeddable":true,"href":"https:\/\/blogs.deia.eus\/anasagasti\/wp-json\/wp\/v2\/tags?post=6139"}],"curies":[{"name":"wp","href":"https:\/\/api.w.org\/{rel}","templated":true}]}}