{"id":6141,"date":"2015-03-07T20:31:57","date_gmt":"2015-03-07T18:31:57","guid":{"rendered":"http:\/\/blogs.deia.com\/anasagasti\/?p=6141"},"modified":"2015-03-07T20:31:57","modified_gmt":"2015-03-07T18:31:57","slug":"el-gobierno-venezolano-inaugura-una-exposicion-en-el-circulo-de-bellas-artes-de-madrid-para-mostrar-los-logros-de-la-revolucion","status":"publish","type":"post","link":"https:\/\/blogs.deia.eus\/anasagasti\/2015\/03\/07\/el-gobierno-venezolano-inaugura-una-exposicion-en-el-circulo-de-bellas-artes-de-madrid-para-mostrar-los-logros-de-la-revolucion\/","title":{"rendered":"El gobierno venezolano inaugura una exposici\u00f3n en el C\u00edrculo de Bellas Artes de Madrid para mostrar los logros de la revoluci\u00f3n"},"content":{"rendered":"<p><strong>S\u00e1bado 7 de marzo de 2014<\/strong><\/p>\n<p><a href=\"http:\/\/blogs.deia.com\/anasagasti\/files\/2015\/03\/Expo-venezuela.png\"><img loading=\"lazy\" decoding=\"async\" class=\"alignleft size-full wp-image-6142\" src=\"http:\/\/blogs.deia.com\/anasagasti\/files\/2015\/03\/Expo-venezuela.png\" alt=\"Expo venezuela\" width=\"298\" height=\"169\" \/><\/a>\u201cExpo Venezuela de verdad\u201d se titula la exposici\u00f3n que la embajada venezolana en Espa\u00f1a inaugur\u00f3, este 1 de marzo, en el C\u00edrculo de Bellas Artes de Madrid, con el objetivo de mostrar, hasta el d\u00eda 3, los\u201d logros\u201d del chavismo, a modo de contrarrestar la creciente ola informativa que se ha desencadenado en los \u00faltimos d\u00edas a nivel internacional ante las fundadas denuncias por la violaci\u00f3n de los derechos humanos.\u00a0No\u00a0 dice nada esta exposici\u00f3n de los 25.000 muertos del a\u00f1o 2014 en las calles de Venezuela que hacen a este pa\u00eds el m\u00e1s inseguro del mundo tras Honduras. Tampoco de los presos pol\u00edticos.<\/p>\n<p>\u201cQueremos mostrarle a los espa\u00f1oles este proceso hermoso lleno de amor en un contexto de desarrollo, que ha impulsado cambios positivos en Am\u00e9rica Latina que crecen alcanzando la igualdad\u201d fueron las cursis \u00a0palabras con las que el embajador, Mario Isea, comenz\u00f3 su discurso, ante un escaso p\u00fablico que no superaba la treintena, formado por los venezolanos Manuel Fern\u00e1ndez, Ministro de Ciencia y Tecnolog\u00eda; Rodrigo Cabezas, vicepresidente de Asuntos Internacionales; Calixto Ortega, viceministro de Exteriores para Europa; los embajadores de Cuba, Nicaragua, Ecuador y Argentina; as\u00ed como representantes espa\u00f1oles del gobierno y empresarios con intereses en Venezuela. Como si el dictador de Corea del Norte hiciera algo parecido.<\/p>\n<p>La exposici\u00f3n, instalada en una gran sala de 200 metros cuadrados, consiste en 30 paneles verticales de dos caras, con m\u00e1s textos que fotos, que intentan mostrar los \u201clogros\u201d del chavismo en inclusi\u00f3n social, cultural, tecnol\u00f3gica, habitacional y fortalecimiento de la \u201cdemocracia participativa y protag\u00f3nica\u201d desde 1999 hasta 2015. En la inauguraci\u00f3n, funcionarios venezolanos tambi\u00e9n hicieron una demostraci\u00f3n, con m\u00e1quinas de verdad, de c\u00f3mo se realiza el voto electr\u00f3nico, en un intento de acallar las voces que aseguran que las \u00faltimas elecciones presidenciales no fueron limpias, al lado de un gran panel rezaba \u201cen 2013, el chavismo gana 256 de 337 municipios, con el 54,6% de los votos\u201d.<\/p>\n<p>Pero a pesar de sus esfuerzos no convencieron m\u00e1s que a los convencidos.<\/p>\n<p><strong>\u201cNo tenemos absolutamente nada que esconder\u201d<\/strong><\/p>\n<p>En un af\u00e1n de justificar la exposici\u00f3n, el ministro Manuel Fern\u00e1ndez dijo que<\/p>\n<p>\u201chemos creado un mundo plural dentro de nuestro pa\u00eds. Desde hace 16 a\u00f1os somos un destino pol\u00edtico y econ\u00f3mico objeto de ataques y una campa\u00f1a despiadada contra nuestra tierra y su gente\u201d, y agreg\u00f3 que la intenci\u00f3n es \u201ccrear un contexto de di\u00e1logo distinto y llevados de la manito contarles a los que quieran acercarse, el pa\u00eds que tenemos con 30 millones de almas\u201d.<\/p>\n<p>\u00bfUn mundo plural con presos pol\u00edticos, un poder judicial dependiente del gobierno, sin libertad de expresi\u00f3n y con estudiantes asesinados?.<\/p>\n<p>Considera Fern\u00e1ndez que Venezuela es actualmente objeto de \u201ctitulares que hacen da\u00f1o\u201d y que exposici\u00f3n tiene plena justificaci\u00f3n \u201cporque hay que contar en calma y con muchos colores c\u00f3mo es Venezuela\u201d. Concluy\u00f3 que \u201cno tenemos absolutamente nada que esconder y que en estos \u00faltimos 16 a\u00f1os hemos sido absolutamente transparentes\u201d.<\/p>\n<p>Si no tienen nada que esconder \u00bfPor qu\u00e9 no dejan que visitemos oficialmente el pa\u00eds y sus c\u00e1rceles?.<\/p>\n<p>La agenda durante los tres d\u00edas de exposici\u00f3n incluye catas de ron, chocolate, m\u00fasica, conferencias y otras actividades.<\/p>\n<p><strong>Venezolanos indignados muestran la \u201cverdadera Venezuela\u201d<\/strong><\/p>\n<p>A pesar de que la web de la Embajada venezolana invitaba abiertamente a visitar la exposici\u00f3n, el acceso estaba restringido, por lo que los venezolanos que asistieron tuvieron que quedarse a las puertas del C\u00edrculo de Bellas Artes, amparados por agentes de polic\u00eda que no aceptaron la orden de \u201cdesalojarlos\u201d, supuestamente emitidas por funcionarios venezolanos.<\/p>\n<p>Aprovechando la libertad de expresi\u00f3n y manifestaci\u00f3n que existe en Espa\u00f1a, armados con pancartas, im\u00e1genes y lemas, explicaron desde fuera a los asistentes, viandantes y medios de comunicaci\u00f3n \u201ccu\u00e1l es la verdadera Venezuela\u201d. Frases como \u201cla muerte no es un logro\u201d, \u201cel hambre no es un logro\u201d o \u201cel gobierno de Maduro mata estudiantes\u201d, se escucharon por m\u00e1s de dos horas, y aseguran que se seguir\u00e1n escuchando a lo largo de los tres d\u00edas de exposici\u00f3n.<\/p>\n<p>La defensa de la \u201crevoluci\u00f3n bolivariana\u201d en Euzkadi la tiene Bildu.<\/p>\n<!-- AddThis Advanced Settings generic via filter on the_content --><!-- AddThis Share Buttons generic via filter on the_content -->","protected":false},"excerpt":{"rendered":"<p>S\u00e1bado 7 de marzo de 2014 \u201cExpo Venezuela de verdad\u201d se titula la exposici\u00f3n que la embajada venezolana en Espa\u00f1a inaugur\u00f3, este 1 de marzo, en el C\u00edrculo de Bellas Artes de Madrid, con el objetivo de mostrar, hasta el d\u00eda 3, los\u201d logros\u201d del chavismo, a modo de contrarrestar la creciente ola informativa que &hellip; <a href=\"https:\/\/blogs.deia.eus\/anasagasti\/2015\/03\/07\/el-gobierno-venezolano-inaugura-una-exposicion-en-el-circulo-de-bellas-artes-de-madrid-para-mostrar-los-logros-de-la-revolucion\/\" class=\"more-link\">Sigue leyendo <span class=\"screen-reader-text\">El gobierno venezolano inaugura una exposici\u00f3n en el C\u00edrculo de Bellas Artes de Madrid para mostrar los logros de la revoluci\u00f3n<\/span><\/a><!-- AddThis Advanced Settings generic via filter on get_the_excerpt --><!-- AddThis Share Buttons generic via filter on get_the_excerpt --><\/p>\n","protected":false},"author":19,"featured_media":0,"comment_status":"open","ping_status":"open","sticky":false,"template":"","format":"standard","meta":{"footnotes":""},"categories":[1],"tags":[],"class_list":["post-6141","post","type-post","status-publish","format-standard","hentry","category-general"],"_links":{"self":[{"href":"https:\/\/blogs.deia.eus\/anasagasti\/wp-json\/wp\/v2\/posts\/6141","targetHints":{"allow":["GET"]}}],"collection":[{"href":"https:\/\/blogs.deia.eus\/anasagasti\/wp-json\/wp\/v2\/posts"}],"about":[{"href":"https:\/\/blogs.deia.eus\/anasagasti\/wp-json\/wp\/v2\/types\/post"}],"author":[{"embeddable":true,"href":"https:\/\/blogs.deia.eus\/anasagasti\/wp-json\/wp\/v2\/users\/19"}],"replies":[{"embeddable":true,"href":"https:\/\/blogs.deia.eus\/anasagasti\/wp-json\/wp\/v2\/comments?post=6141"}],"version-history":[{"count":1,"href":"https:\/\/blogs.deia.eus\/anasagasti\/wp-json\/wp\/v2\/posts\/6141\/revisions"}],"predecessor-version":[{"id":6143,"href":"https:\/\/blogs.deia.eus\/anasagasti\/wp-json\/wp\/v2\/posts\/6141\/revisions\/6143"}],"wp:attachment":[{"href":"https:\/\/blogs.deia.eus\/anasagasti\/wp-json\/wp\/v2\/media?parent=6141"}],"wp:term":[{"taxonomy":"category","embeddable":true,"href":"https:\/\/blogs.deia.eus\/anasagasti\/wp-json\/wp\/v2\/categories?post=6141"},{"taxonomy":"post_tag","embeddable":true,"href":"https:\/\/blogs.deia.eus\/anasagasti\/wp-json\/wp\/v2\/tags?post=6141"}],"curies":[{"name":"wp","href":"https:\/\/api.w.org\/{rel}","templated":true}]}}