{"id":6144,"date":"2015-03-08T20:42:53","date_gmt":"2015-03-08T18:42:53","guid":{"rendered":"http:\/\/blogs.deia.com\/anasagasti\/?p=6144"},"modified":"2015-03-08T20:51:54","modified_gmt":"2015-03-08T18:51:54","slug":"la-necesidad-de-una-cotorra-mediatica","status":"publish","type":"post","link":"https:\/\/blogs.deia.eus\/anasagasti\/2015\/03\/08\/la-necesidad-de-una-cotorra-mediatica\/","title":{"rendered":"La necesidad de una cotorra medi\u00e1tica"},"content":{"rendered":"<p><strong>Domingo 8 de marzo de 2015<\/strong><\/p>\n<p>Antes que la actual emisora hemos tenido cuatro \u00abRadio Euskadi\u00bb en funcionamiento. La primera en Bilbao nacida con el mensaje de Gabon del Lehendakari Aguirre en la Navidad de 1936. Ca\u00edda Euskadi, pasa a Barcelona. En el exilio y en tierra vasca, se monta la tercera en Mouguerre cerca de Bayona que la cierra Miterrand por presi\u00f3n de Franco y la cuarta, en Venezuela funcionando trece a\u00f1os transmitiendo en onda corta con un programa de media hora desde Santa Lucia (Valle del Tuy).<\/p>\n<p><a href=\"http:\/\/blogs.deia.com\/anasagasti\/files\/2015\/03\/Radio-Euzkadi-14.png\"><img loading=\"lazy\" decoding=\"async\" class=\"alignleft size-full wp-image-6156\" src=\"http:\/\/blogs.deia.com\/anasagasti\/files\/2015\/03\/Radio-Euzkadi-14.png\" alt=\"Radio Euzkadi (1)\" width=\"277\" height=\"182\" \/><\/a><a href=\"http:\/\/blogs.deia.com\/anasagasti\/files\/2015\/03\/radio-euzkadi-en-venezuela.jpg\"><img loading=\"lazy\" decoding=\"async\" class=\"alignleft size-thumbnail wp-image-6170\" src=\"http:\/\/blogs.deia.com\/anasagasti\/files\/2015\/03\/radio-euzkadi-en-venezuela-150x150.jpg\" alt=\"radio euzkadi en venezuela\" width=\"150\" height=\"150\" \/><\/a><\/p>\n<p>&nbsp;<\/p>\n<p>&nbsp;<\/p>\n<p>&nbsp;<\/p>\n<p>&nbsp;<\/p>\n<p>&nbsp;<\/p>\n<p>En el mitin de cierre de campa\u00f1a de la Casilla en junio de 1977 anunciamos su cierre. No ten\u00edamos la quinta Radio pero si la libertad de expresi\u00f3n suficiente para dejar aquella quijotada del Grupo EGI de Caracas funcionando todos los d\u00edas a m\u00e1s de siete mil kil\u00f3metros de distancia.<\/p>\n<p>En su g\u00e9nesis cinco personas clave. Alberto El\u00f3segui, abogado, con un sentido de la noticia y de la informaci\u00f3n que no he visto a nadie. Su nombre de guerra era Paul de Garat. Hab\u00eda trabajado con Gabriel Garc\u00eda M\u00e1rquez y Plinio Apuleyo Mendoza en la revista Momento. El donostiarra Jos\u00e9 Joaqu\u00edn Azurza en la parte t\u00e9cnica. Le llam\u00e1bamos Jota Jota y era como una IBM. Se hab\u00eda tenido que ir de Donosti perseguido por la polic\u00eda por haber interferido Radio San Sebasti\u00e1n un d\u00eda de regatas y colado un mensaje abertzale con el grito reivindicativo \u00a0de \u00a1Gora Euzkadi Askatuta!. Un inmenso delito.<\/p>\n<p><a href=\"http:\/\/blogs.deia.com\/anasagasti\/files\/2015\/03\/Radio-Euskadi-52.png\"><img loading=\"lazy\" decoding=\"async\" class=\"alignleft size-full wp-image-6164\" src=\"http:\/\/blogs.deia.com\/anasagasti\/files\/2015\/03\/Radio-Euskadi-52.png\" alt=\"Radio Euskadi (5)\" width=\"269\" height=\"187\" \/><\/a>Jokin Inza, el Gordo, de Bergara, un gigant\u00f3n con un coraz\u00f3n tan grande como su cabeza que sacaba dinero debajo de las piedras para financiar aquel tinglado. I\u00f1aki Zubizarreta, un magn\u00edfico arquitecto de las Arenas,\u00a0 amigo de los adecos en el poder que logr\u00f3 los permisos necesarios y Xabier Leizaola, sobrino del Lehendakari, una persona sensible, un hombre de bien, un bombero cuando la casa se quemaba. Fue presidente del Consejo de Deia.<\/p>\n<p><a href=\"http:\/\/blogs.deia.com\/anasagasti\/files\/2015\/03\/Radio-Euskadi-23.png\"><img loading=\"lazy\" decoding=\"async\" class=\"alignleft size-thumbnail wp-image-6166\" src=\"http:\/\/blogs.deia.com\/anasagasti\/files\/2015\/03\/Radio-Euskadi-23-150x150.png\" alt=\"Radio Euskadi (2)\" width=\"150\" height=\"150\" \/><\/a><a href=\"http:\/\/blogs.deia.com\/anasagasti\/files\/2015\/03\/Radio-euskadi-34.png\"><img loading=\"lazy\" decoding=\"async\" class=\"alignleft size-thumbnail wp-image-6168\" src=\"http:\/\/blogs.deia.com\/anasagasti\/files\/2015\/03\/Radio-euskadi-34-150x150.png\" alt=\"Radio euskadi (3)\" width=\"150\" height=\"150\" \/><\/a><a href=\"http:\/\/blogs.deia.com\/anasagasti\/files\/2015\/03\/Radio-Euskadi-63.png\"><img loading=\"lazy\" decoding=\"async\" class=\"alignleft size-thumbnail wp-image-6169\" src=\"http:\/\/blogs.deia.com\/anasagasti\/files\/2015\/03\/Radio-Euskadi-63-150x150.png\" alt=\"Radio Euskadi (6)\" width=\"150\" height=\"150\" \/><\/a><\/p>\n<p>&nbsp;<\/p>\n<p>&nbsp;<\/p>\n<p>&nbsp;<\/p>\n<p>&nbsp;<\/p>\n<p>Y alrededor de estas cinco personalidades, treinta egikides cada uno ayudando en lo suyo. Pello Irujo, I\u00f1aki Aretxabaleta, Guillermo Ramos, Paul\u00a0 Aguirre, F\u00e9lix Aranguren, Mendi, Jon Mikel Olabarrieta,Jon G\u00f3mez, Garbi\u00f1e Urresti, Julene Urcelay, Maite Leizaola, Aita Patxi, Mendiguren, Mitxelena, Lekue, Olabarri, Atxurra, G\u00f3mez, L\u00f3pez Mendizabal, L\u00edbano, Amezaga. Unos en la parte t\u00e9cnica, otros recogiendo quinielas, los de aqu\u00ed de locutores, los de all\u00e1 de conseguidores, los curas entre semana, los que iban a visitarle los s\u00e1bados a Ixaka Atutxa, un gudari del Yagi Yagi metido en la selva como un salvaje, con sus perros y \u00a0su caba\u00f1a poniendo cada d\u00eda en funcionamiento los transmisores Pedro y Pablo mientras\u00a0 lanzaba imprecaciones y jaculatorias contra Franco y su r\u00e9gimen. Sin olvidar a quienes \u00a0llevaban el Talo (la cinta) a Macuto (lugar de emisi\u00f3n) todos los d\u00edas, el algorte\u00f1o Juantxo Ortiz y el andino Pedro Brice\u00f1o. Gente muy meritoria, an\u00f3nima, entregada, idealista, fant\u00e1stica.<\/p>\n<p>Los programas se compon\u00edan de un editorial, una reflexi\u00f3n en euskera y otra en castellano y las noticias que consegu\u00edamos por cartas, informaciones de agencias, publicaciones, y llamadas. Y as\u00ed trece a\u00f1os, todos los d\u00edas.<\/p>\n<p>Una vez nos metimos en la misma franja que la Voz de Am\u00e9rica y nos llamaron de la embajada estadounidense. Otra sali\u00f3 que \u00edbamos a dar el paradero de la secuestrada Patricia Hearst por el ej\u00e9rcito Simbi\u00f3tico de Liberaci\u00f3n. Hac\u00edamos da\u00f1o y con esa argucia quer\u00edan sacarnos de circuito. En otra ocasi\u00f3n se nos quem\u00f3 la oficina, est\u00e1bamos en el tercer piso, y nadie me pregunt\u00f3 como salt\u00e9 de una ventana al brazo de una gr\u00faa de un edificio en \u00a0construcci\u00f3n colindante.<\/p>\n<p>Pero el mayor enemigo que ten\u00edamos era lo que llam\u00e1bamos \u00abla cotorra franquista\u00bb. Se trataba de \u00a0una potente interferencia que la manipulaba una brigadilla del ej\u00e9rcito que nos dijeron funcionaba desde Artxanda. El franquismo sab\u00eda que los partidos democr\u00e1ticos de Venezuela nos proteg\u00edan y solucionaban la cuesti\u00f3n con la maldita chicharra. Me imagino que har\u00edan lo mismo con Radio Pirenaica y Radio Paris. Cuando algo no gusta se le anula a la brava.<\/p>\n<p>A pesar de ello se nos escuchaba, pues Jota Jota mov\u00eda la banda, y los marinos vascos por todo el mundo nos enviaban informes de escucha a la sede del Gobierno Vasco en Paris. Era una voz con mil ecos. Toda una \u00e9poca, hoy desconocida.<\/p>\n<p>\u00bfA qu\u00e9 viene esto?.<\/p>\n<p>M\u00e1s de una vez he pensado si no ser\u00eda bueno poner \u00a0en la actualidad en el Gorbea una Cotorra Medi\u00e1tica, tipo Cotorra Franquista, en justa reciprocidad por lo que nos hicieron, y que desde sus ondas anulara toda esa nube t\u00f3xica informativa que nos viene de un Madrid ensimismado en sus problemas y que pretende\u00a0 los hagamos nuestros.<\/p>\n<p>No s\u00e9 que tenemos nosotros que ver con B\u00e1rcenas, Blesa, Camps, Gurtel, P\u00fanica, tarjetas Black, Rato, el Bigotes, Cristina de Borb\u00f3n, Pujol Ferrusola, los Eres, Chaves y Gri\u00f1an, el tranv\u00eda de Parla, Villar Mir, N\u00fa\u00f1ez, la lista Falciani, D\u00edaz Ferran, Rouco, el C\u00f3digo Calixtino, Elpidio Silva, Ruz, Isabel Pantoja, Kiko, Bel\u00e9n Esteban, Tom\u00e1s G\u00f3mez, Ciudadanos, Monedero, Corinna, el peque\u00f1o Nicol\u00e1s, Arturo Fern\u00e1ndez, el rescate, la prima de riesgo, la agencia tributaria,\u2026 que d\u00eda a d\u00eda nos ofrecen como \u00fanico men\u00fa informativo con tal volumen \u00a0que al final llegamos a creer que son \u201cnuestras\u201d noticias y que ante ellas hemos de reaccionar.<\/p>\n<p>Seguramente en Francia informaciones como \u00e9stas se producen cada d\u00eda, pero como no nos enteramos de ellas, vivimos tan felices y no se ha creado en Euzkadi un partido de extrema derecha del tipo de Le Pen, afortunadamente, como tienen \u00a0ellos en su pa\u00eds \u00a0pese a los esfuerzos de Maroto y del PP por montarlo aqu\u00ed.<\/p>\n<p>Y sin embargo ellos lo tienen. Estoy seguro que sin esa raci\u00f3n diaria de delitos\u00a0 y corrupciones, que nos llega gratuitamente a Euzkadi el fen\u00f3meno Podemos ser\u00eda un\u00a0 fen\u00f3meno\u00a0 exclusivamente espa\u00f1ol y lo ver\u00edamos de lejos.<\/p>\n<p>La democracia es un r\u00e9gimen de opini\u00f3n p\u00fablica y \u00e9sta se mueve por estados de opini\u00f3n y que si no existen, se crean. Es como el aire acondicionado o la calefacci\u00f3n. Se enchufa y \u00a0el fr\u00edo y el calor se combaten. Solo el \u00a0hecho de que La Sexta y T-5 sean las televisiones de mayor audiencia en Euzkadi nos ilustra sobre esta deformaci\u00f3n de la realidad. La pol\u00edtica espect\u00e1culo espa\u00f1ola que cada d\u00eda necesita raciones\u00a0 gigantescas de circo est\u00e1 distorsionando nuestra realidad vasca.<\/p>\n<p>El Washington Post narr\u00f3 lo que hizo el violinista Joshua Bell con su Stradivarius de 1714.No hab\u00eda entradas para escucharle en el Symphony Hall de Boston a mil d\u00f3lares la \u00a0localidad. Y decidi\u00f3 hacer la prueba al d\u00eda siguiente en el Metro. All\u00ed estuvo tocando ante la indiferencia de la gente que pasaba a su lado habiendo conseguido en el d\u00eda cuarenta d\u00f3lares. Y el peri\u00f3dico sacaba sus conclusiones en relaci\u00f3n con \u00a0la consideraci\u00f3n \u00a0que se le da hoy a las etiquetas de dise\u00f1ador, al lugar que las cosas ocupan y al valor que tienen en un contexto \u00a0o en \u00a0otro.<\/p>\n<p>Le escuchaba el 14 de febrero a Pernando Barrena\u00a0 en Basauri\u00a0 asegurar que \u201calgunos tienen tanto inter\u00e9s en que el conflicto pol\u00edtico no se solucione nunca porque \u00a0se han forrado a costa del antiterrorismo\u201d. \u201dRobaron a manos llenas y, con ese dinero, pagaban sedes, se apa\u00f1aba la vida laboral y la cuenta corriente\u201d. Y el tipo, despu\u00e9s de semejante rebuzno, se quedaba tan fresco. Un Barreda que en la \u00e9poca m\u00e1s dura de ETA\u00a0 justificaba en sus ruedas de prensa\u00a0 los asesinatos m\u00e1s crueles en explicaci\u00f3n del \u201dconflicto\u201d y del por qu\u00e9 se asesinaba , es hoy un misionero de la paz\u00a0 se\u00f1alando a los dem\u00e1s con su dedo acusador cuando mucho mejor estar\u00eda callado o dejando ese papel a otro y de biograf\u00eda m\u00e1s limpia.<\/p>\n<p>Pero estoy seguro que Pernando, preocupado por el fen\u00f3meno Podemos, eleva\u00a0 el tono para hacerse notar y demostrar que a decir burradas no le gana nadie, ni nadie tiene que decirle a \u00e9l y a los suyos lo que tienen que hacer en su corralito .<\/p>\n<p>En Portugal\u00a0 dicen que de Espa\u00f1a solo les llegan malos vientos y malos casamientos, y Don Pernando inmerso en ese contexto hispano, no quiere dejar que no se note su impronta.<\/p>\n<p>A lo dicho pues. Tenemos que poner en el Gorbea, lejos de\u00a0 la Cruz, una cotorra medi\u00e1tica que nos a\u00edsle del patio de monipodio informativo espa\u00f1ol del que solo nos viene malos vientos y p\u00e9simos entendimientos y que nada de esto nos hace falta para ir conquistando un futuro mejor y un d\u00eda a d\u00eda m\u00e1s serio.<\/p>\n<p>&nbsp;<\/p>\n<p>&nbsp;<\/p>\n<!-- AddThis Advanced Settings generic via filter on the_content --><!-- AddThis Share Buttons generic via filter on the_content -->","protected":false},"excerpt":{"rendered":"<p>Domingo 8 de marzo de 2015 Antes que la actual emisora hemos tenido cuatro \u00abRadio Euskadi\u00bb en funcionamiento. La primera en Bilbao nacida con el mensaje de Gabon del Lehendakari Aguirre en la Navidad de 1936. Ca\u00edda Euskadi, pasa a Barcelona. En el exilio y en tierra vasca, se monta la tercera en Mouguerre cerca &hellip; <a href=\"https:\/\/blogs.deia.eus\/anasagasti\/2015\/03\/08\/la-necesidad-de-una-cotorra-mediatica\/\" class=\"more-link\">Sigue leyendo <span class=\"screen-reader-text\">La necesidad de una cotorra medi\u00e1tica<\/span><\/a><!-- AddThis Advanced Settings generic via filter on get_the_excerpt --><!-- AddThis Share Buttons generic via filter on get_the_excerpt --><\/p>\n","protected":false},"author":19,"featured_media":0,"comment_status":"open","ping_status":"open","sticky":false,"template":"","format":"standard","meta":{"footnotes":""},"categories":[1],"tags":[],"class_list":["post-6144","post","type-post","status-publish","format-standard","hentry","category-general"],"_links":{"self":[{"href":"https:\/\/blogs.deia.eus\/anasagasti\/wp-json\/wp\/v2\/posts\/6144","targetHints":{"allow":["GET"]}}],"collection":[{"href":"https:\/\/blogs.deia.eus\/anasagasti\/wp-json\/wp\/v2\/posts"}],"about":[{"href":"https:\/\/blogs.deia.eus\/anasagasti\/wp-json\/wp\/v2\/types\/post"}],"author":[{"embeddable":true,"href":"https:\/\/blogs.deia.eus\/anasagasti\/wp-json\/wp\/v2\/users\/19"}],"replies":[{"embeddable":true,"href":"https:\/\/blogs.deia.eus\/anasagasti\/wp-json\/wp\/v2\/comments?post=6144"}],"version-history":[{"count":3,"href":"https:\/\/blogs.deia.eus\/anasagasti\/wp-json\/wp\/v2\/posts\/6144\/revisions"}],"predecessor-version":[{"id":6171,"href":"https:\/\/blogs.deia.eus\/anasagasti\/wp-json\/wp\/v2\/posts\/6144\/revisions\/6171"}],"wp:attachment":[{"href":"https:\/\/blogs.deia.eus\/anasagasti\/wp-json\/wp\/v2\/media?parent=6144"}],"wp:term":[{"taxonomy":"category","embeddable":true,"href":"https:\/\/blogs.deia.eus\/anasagasti\/wp-json\/wp\/v2\/categories?post=6144"},{"taxonomy":"post_tag","embeddable":true,"href":"https:\/\/blogs.deia.eus\/anasagasti\/wp-json\/wp\/v2\/tags?post=6144"}],"curies":[{"name":"wp","href":"https:\/\/api.w.org\/{rel}","templated":true}]}}