{"id":2038,"date":"2016-06-06T09:18:55","date_gmt":"2016-06-06T07:18:55","guid":{"rendered":"http:\/\/blogs.deia.com\/athletic-bihotzez\/?p=2038"},"modified":"2016-06-06T00:07:21","modified_gmt":"2016-06-05T22:07:21","slug":"athleticen-neskak-txapeldunak","status":"publish","type":"post","link":"https:\/\/blogs.deia.eus\/athletic-bihotzez\/2016\/06\/06\/athleticen-neskak-txapeldunak\/","title":{"rendered":"ATHLETICEN NESKAK, TXAPELDUNAK!"},"content":{"rendered":"<p>Fin de semana perfecto para las chicas del Athletic, nuevas campeonas de la Superliga de f\u00fatbol femenino.<figure id=\"attachment_2039\" aria-describedby=\"caption-attachment-2039\" style=\"width: 580px\" class=\"wp-caption aligncenter\"><a href=\"http:\/\/blogs.deia.com\/athletic-bihotzez\/files\/2016\/06\/galeria108196.jpg\"><img loading=\"lazy\" decoding=\"async\" src=\"http:\/\/blogs.deia.com\/athletic-bihotzez\/files\/2016\/06\/galeria108196-580x452.jpg\" alt=\"\u00a1Quinta Liga! (Foto: Athletic Club)\" width=\"580\" height=\"452\" class=\"size-medium wp-image-2039\" srcset=\"https:\/\/blogs.deia.eus\/athletic-bihotzez\/files\/2016\/06\/galeria108196-580x452.jpg 580w, https:\/\/blogs.deia.eus\/athletic-bihotzez\/files\/2016\/06\/galeria108196.jpg 740w\" sizes=\"auto, (max-width: 580px) 100vw, 580px\" \/><\/a><figcaption id=\"caption-attachment-2039\" class=\"wp-caption-text\">\u00a1Quinta Liga! (Foto: Athletic Club)<\/figcaption><\/figure> No tengo ni palabras. El s\u00e1bado ganaron al Oviedo con un primer tiempo muy trabajado, en el que las ovetenses demostraron que no iban a regalar nada. Quiz\u00e1 el f\u00edsico, la paciencia y la mayor calidad de las bilbainas hicieron que en el segundo tiempo viniesen las cosas rodadas. Primer gol de Leia (primero tambi\u00e9n en su cuenta), segundo de Yulema Corr\u00e9s y tercero de Eztizen (tambi\u00e9n su primero en Liga). Los deberes estaban hechos. La presi\u00f3n se le pasaba a las catalanas que ayer ten\u00edan que jugar en casa contra el Atl\u00e9tico de Madrid. Partido que ten\u00edan ganar si no quer\u00edan ceder el t\u00edtulo de Liga a nuestras chicas. Pero, el Atl\u00e9tico fue mucho Atl\u00e9tico y se llevaron el triunfo, los tres puntos y las oportunidades del Bar\u00e7a con ellas. Este triunfo de las colchoneras nos demuestra, si es que no lo sab\u00edamos ya, que el resultado de la semana pasada en el Cerro del Espino, contra el Atl\u00e9tico, tuvo un m\u00e9rito incre\u00edble, porque las madrile\u00f1as son un equipazo. Si no tengo mal los datos el Barcelona llevaba 72 partidos sin perder. Pero&#8230; ayer fue un buen momento para salir derrotadas. Eso s\u00ed que quede claro que si no hubiese sido as\u00ed seguro que el pr\u00f3ximo fin de semana las nuestras nos regalaban el triunfo en Tenerife y con \u00e9l la Liga. Pero&#8230; as\u00ed nos hemos evitado el sufrimiento y vamos a ver el \u00faltimo partido de Liga con una tranquilidad absoluta.<br \/>\n\u00a1Txapeldunak a falta de una jornada!  Como he dicho al empezar, casi no tengo palabras. El m\u00e9rito es tal que cualquier reconocimiento que se les haga me parece o me va a parecer poco. Han tenido lesiones, muchas e importantes, de tambi\u00e9n importantes jugadoras. Las que han salido para suplirlas lo han hecho perfecto. Son un gran bloque, o como dijeron ayer en rueda de prensa, son una gran cuadrilla. Un gran grupo que no se hace ni idea del alegr\u00f3n que nos ha dado. Buf&#8230; adem\u00e1s, no dejo de acordarme de todos estos a\u00f1os en los que han estado tan cerca en ocasiones y por h o por b se les ha escapado en el \u00faltimo suspiro. Se lo MEREC\u00cdAN, se lo MERECEN con letras may\u00fasculas, por todo el trabajo, por todos los golpes, por todas las lesiones y por todos los sinsabores de estos a\u00f1os sin ning\u00fan t\u00edtulo, pero con un trabajo descomunal, sin descanso y sin des\u00e1nimo. Ainhoa, Iraia, Irene, Maite, &#8230;Eli&#8230; Erika, Joana, &#8230; todas. Y a continuaci\u00f3n introduzco una foto del primer equipo y del B, en la despedida de Saioa y de Amaia, porque el t\u00edtulo tambi\u00e9n es de ellas as\u00ed como de otras que ya no est\u00e1n (me acuerdo de Tzibi llorando tras perder contra el Bar\u00e7a, dando una vuelta ella sola en San Mam\u00e9s aplaudiendo al p\u00fablico, y de tantas otras).<figure id=\"attachment_2040\" aria-describedby=\"caption-attachment-2040\" style=\"width: 580px\" class=\"wp-caption aligncenter\"><a href=\"http:\/\/blogs.deia.com\/athletic-bihotzez\/files\/2016\/06\/galeria107772.jpg\"><img loading=\"lazy\" decoding=\"async\" src=\"http:\/\/blogs.deia.com\/athletic-bihotzez\/files\/2016\/06\/galeria107772-580x386.jpg\" alt=\"El triunfo de una gran cuadrilla  (Foto: Athletic Club)\" width=\"580\" height=\"386\" class=\"size-medium wp-image-2040\" srcset=\"https:\/\/blogs.deia.eus\/athletic-bihotzez\/files\/2016\/06\/galeria107772-580x386.jpg 580w, https:\/\/blogs.deia.eus\/athletic-bihotzez\/files\/2016\/06\/galeria107772.jpg 740w\" sizes=\"auto, (max-width: 580px) 100vw, 580px\" \/><\/a><figcaption id=\"caption-attachment-2040\" class=\"wp-caption-text\">El triunfo de una gran cuadrilla  (Foto: Athletic Club)<\/figcaption><\/figure> Por supuesto, no me puedo olvidar del Mister, Joseba Agirre, y su equipo, que sin ellos y su trabajo esto tampoco hubiese sido posible.<br \/>\nQuinta Liga para todos ellos y quinta Liga para nosotros.<br \/>\n\u00a1GRACIAS POR VUESTRO ESFUERZO!<br \/>\nBIHOTZEZ&#8230; MILA, MILA ESKER!<\/p>\n<!-- AddThis Advanced Settings generic via filter on the_content --><!-- AddThis Share Buttons generic via filter on the_content -->","protected":false},"excerpt":{"rendered":"<p>Fin de semana perfecto para las chicas del Athletic, nuevas campeonas de la Superliga de f\u00fatbol femenino. No tengo ni palabras. El s\u00e1bado ganaron al Oviedo con un primer tiempo muy trabajado, en el que las ovetenses demostraron que no iban a regalar nada. Quiz\u00e1 el f\u00edsico, la paciencia y la mayor calidad de las &hellip; <a href=\"https:\/\/blogs.deia.eus\/athletic-bihotzez\/2016\/06\/06\/athleticen-neskak-txapeldunak\/\" class=\"more-link\">Sigue leyendo <span class=\"screen-reader-text\">ATHLETICEN NESKAK, TXAPELDUNAK!<\/span><\/a><!-- AddThis Advanced Settings generic via filter on get_the_excerpt --><!-- AddThis Share Buttons generic via filter on get_the_excerpt --><\/p>\n","protected":false},"author":67,"featured_media":0,"comment_status":"open","ping_status":"open","sticky":false,"template":"","format":"standard","meta":{"footnotes":""},"categories":[1544],"tags":[98565,84696,98377,84614,84698,84615,87762,84710,84700,84709,90634,84638,98566,87603,84711,90635,98343,90638,90631,84695,98358,90637,90632,90636,84613],"class_list":["post-2038","post","type-post","status-publish","format-standard","hentry","category-sin-categoria","tag-ainhoa-tirapu","tag-amaia-olabarrieta","tag-athletic-femenino","tag-atletico-de-madrid-femenino","tag-barca-femenino","tag-barcelona-femenino","tag-campeonas-de-liga","tag-cerro-del-espino","tag-eli-ibarra","tag-erika-vazquez","tag-eztizen-merino","tag-iraia-iturregi","tag-irene-paredes","tag-joseba-agirre","tag-leia","tag-leia-zarate","tag-liga","tag-maite-oroz","tag-oviedo-femenino","tag-saioa-villegas","tag-san-mames","tag-superliga-femenina","tag-txapeldunak","tag-tzibi-juaristi","tag-yulema-corres"],"_links":{"self":[{"href":"https:\/\/blogs.deia.eus\/athletic-bihotzez\/wp-json\/wp\/v2\/posts\/2038","targetHints":{"allow":["GET"]}}],"collection":[{"href":"https:\/\/blogs.deia.eus\/athletic-bihotzez\/wp-json\/wp\/v2\/posts"}],"about":[{"href":"https:\/\/blogs.deia.eus\/athletic-bihotzez\/wp-json\/wp\/v2\/types\/post"}],"author":[{"embeddable":true,"href":"https:\/\/blogs.deia.eus\/athletic-bihotzez\/wp-json\/wp\/v2\/users\/67"}],"replies":[{"embeddable":true,"href":"https:\/\/blogs.deia.eus\/athletic-bihotzez\/wp-json\/wp\/v2\/comments?post=2038"}],"version-history":[{"count":5,"href":"https:\/\/blogs.deia.eus\/athletic-bihotzez\/wp-json\/wp\/v2\/posts\/2038\/revisions"}],"predecessor-version":[{"id":2045,"href":"https:\/\/blogs.deia.eus\/athletic-bihotzez\/wp-json\/wp\/v2\/posts\/2038\/revisions\/2045"}],"wp:attachment":[{"href":"https:\/\/blogs.deia.eus\/athletic-bihotzez\/wp-json\/wp\/v2\/media?parent=2038"}],"wp:term":[{"taxonomy":"category","embeddable":true,"href":"https:\/\/blogs.deia.eus\/athletic-bihotzez\/wp-json\/wp\/v2\/categories?post=2038"},{"taxonomy":"post_tag","embeddable":true,"href":"https:\/\/blogs.deia.eus\/athletic-bihotzez\/wp-json\/wp\/v2\/tags?post=2038"}],"curies":[{"name":"wp","href":"https:\/\/api.w.org\/{rel}","templated":true}]}}