{"id":5140,"date":"2024-11-11T00:47:20","date_gmt":"2024-11-10T23:47:20","guid":{"rendered":"https:\/\/blogs.deia.eus\/athletic-bihotzez\/?p=5140"},"modified":"2024-11-11T08:02:41","modified_gmt":"2024-11-11T07:02:41","slug":"el-athletic-hace-amigos-en-valladolid","status":"publish","type":"post","link":"https:\/\/blogs.deia.eus\/athletic-bihotzez\/2024\/11\/11\/el-athletic-hace-amigos-en-valladolid\/","title":{"rendered":"El Athletic hace amigos en Valladolid"},"content":{"rendered":"\n<p>Le cojo prestado el t\u00edtulo a un amigo para reflejar la sensaci\u00f3n que queda tras el partido de ayer en Valladolid.<\/p>\n\n\n\n<figure class=\"wp-block-image size-full\"><a href=\"https:\/\/blogs.deia.eus\/athletic-bihotzez\/files\/2024\/11\/1000126931.jpg\"><img loading=\"lazy\" decoding=\"async\" width=\"600\" height=\"338\" src=\"https:\/\/blogs.deia.eus\/athletic-bihotzez\/files\/2024\/11\/1000126931.jpg\" alt=\"\" class=\"wp-image-5141\" srcset=\"https:\/\/blogs.deia.eus\/athletic-bihotzez\/files\/2024\/11\/1000126931.jpg 600w, https:\/\/blogs.deia.eus\/athletic-bihotzez\/files\/2024\/11\/1000126931-580x327.jpg 580w\" sizes=\"auto, (max-width: 600px) 100vw, 600px\" \/><\/a><\/figure>\n\n\n\n<p> Guru goleador (Foto: Athletic Club)<\/p>\n\n\n\n<p>Ya sabemos la propensi\u00f3n que tiene el Athletic a perder puntos contra equipos mucho peor colocados que \u00e9l en la clasificaci\u00f3n. Ayer lo volvi\u00f3 a demostrar. Curiosamente los rojiblancos tuvieron el control del partido de cabo a rabo, pero era un control insulso. El Valladolid ya avis\u00f3 la semana previa que iba a intentar dejar a los nuestros sin espacios, que iban a meter una defensa en bloque bajo, \u00a1y tan bajo! porque no quer\u00edan dejar ni espacios ni posibilidades al equipo de que saliese r\u00e1pido tras robo, ni que tuviesen resquicios por los que entrar. Dicho y hecho. Dos lineas de 5 y 4, no dejaron que el juego fuese el que le gusta a Valverde. Hab\u00eda que romper piedras, y el equipo, elegido, con 7 cambios con respecto a Europa League, no consegu\u00eda hacer da\u00f1o, y casi ni siquiera inquietar. Hubo una que Berenguer cre\u00f3 casi de la nada, dejando solo a Nico Williams en un mano a mano con el portero que malogr\u00f3, siendo doble su delito, porque a la derecha ten\u00eda solo a Serrano que le ped\u00eda el bal\u00f3n para empujarla solo, si le hubiese visto. Pena, porque si se hubiese adelantado con ese gol, al Valladolid le hubiese cambiado el plan. No fue as\u00ed. Encima, casi las pasamos canutas porque al \u00e1rbitro se le vio el plumero en una jugada. Falta clara de Be\u00f1at por detr\u00e1s, que derriba a un contrario, y que a Cordero Vega le pareci\u00f3 roja. Madre m\u00eda. Las repeticiones mostraban que falta hab\u00eda, pero que era entrada limpia. El VAR avis\u00f3 al trencilla y aunque le cost\u00f3 cambiar de decisi\u00f3n lo hizo. Menos mal. Jauregizar que acompa\u00f1\u00f3 a Prados en la sala de m\u00e1quinas tambi\u00e9n ten\u00eda tarjeta. Ninguno de los dos estuvo excesivamente acertado en la creaci\u00f3n, por lo que sumando ambas cosas (falta de claridad y tarjetas), Ernesto los cambi\u00f3 tras paso por vestuarios, junto a Unai G\u00f3mez (tambi\u00e9n titular), y as\u00ed dar entrada a Vesga, \u00cd\u00f1igo Ruiz de Galarreta y Djal\u00f3. De los 3 el que mejor estuvo fue \u00cd\u00f1igo, que hizo que el juego fuese un poco m\u00e1s fluido, pero sin ser escandalosa la mejor\u00eda. De hecho, no recuerdo una sola parada del portero rival, Hein. Guruzeta sali\u00f3 por un dolorido Berenguer, y a pase de \u00d3scar, por muy poco no consigui\u00f3 el gol. Pena otra vez. Y \u00e9sta mayor que antes, porque al de 3 minutos, tras unos desajustes varios, en los que unos cuantos jugadores salen en la foto, nos marcaron ellos el gol, que nos dej\u00f3 a todos con cara de tontos. En el primer tiempo, los blanquivioletas tuvieron dos que desbarat\u00f3 Julen. Pero en \u00e9sta no fallaron, los que s\u00ed lo hicieron fueron los nuestros. Adama, que fue titular, estaba fuera de sitio, quiz\u00e1 porque le faltaban unos segundos para ser sustituido por Yuri, que ya estaba esperando en la banda. (Sustituci\u00f3n que no se produjo al final). Paredes tambi\u00e9n muy alto y fuera de sitio. Vesga se qued\u00f3 un poco est\u00e1tico cuando entr\u00f3 el contrario en el \u00e1rea e hizo el pase, que sobrepas\u00f3 a Yeray y \u00d3scar tambi\u00e9n se qued\u00f3 est\u00e1tico, dejando a un jugador de los bajitos, que rematase de cabeza, con fuerza. Y gol. Un entrenador de porteros, Alex, que particip\u00f3 en la tertulia de Hincha Bilbaino, se pregunt\u00f3 que si Julen hubiese ido con la mano natural para parar el cabezazo, en vez de con la otra, que si hubiese llegado a desviar. No lo s\u00e9. El Valladolid, un equipo que estaba en descenso ten\u00eda oro en sus manos con esos 3 puntos. Quedaba tiempo, pero la verdad es que yo no lo ve\u00eda posible. Pero otra vez, la fe de este equipo y su persistencia les dio el empate en el \u00faltimo minuto del descuento. Guruzeta, esta vez s\u00ed, en un remate incre\u00edble, a pase de \u00cd\u00f1igo, marc\u00f3 el gol, el tercero de su cuenta. Y nos alegramos bastante por ese punto postrero, aunque sepa a muy poco. Pero por lo menos hemos evitado volver a perder antes del par\u00f3n de selecciones. Eso s\u00ed, no hemos evitado el volver a empatar despu\u00e9s de jugar partido europeo. Cuatro empates. Ya se sab\u00eda que la competicion europea iba a tener un coste. Normal. De todas formas, seguimos muy bien colocados en ambas competiciones. En Liga seguimos sextos, igual que el Europa. \u00bfQui\u00e9n nos lo iba a decir antes de empezar la temporada?<\/p>\n\n\n\n<p>Ahora toca descansar y recuperar a los lesionados, Sancet e I\u00f1aki Williams, cuyas ausencias se notan. Que lo de Berenguer no sea nada y que los seleccionados, Paredes y Viv\u00edan, vuelvan enteros de su presencia con la selecci\u00f3n. Por cierto, Zorionak a Aitor por esta llamada, premio a su labor de estas temporadas.<\/p>\n\n\n\n<p>Y tras el descanso, habr\u00e1 que ir a por la Real, que es la que nos visitar\u00e1 en La Catedral. \u00a1A por la Real! Y&#8230;<\/p>\n\n\n\n<p>\u00a1A\u00fapa Athletic!<\/p>\n<!-- AddThis Advanced Settings generic via filter on the_content --><!-- AddThis Share Buttons generic via filter on the_content -->","protected":false},"excerpt":{"rendered":"<p>Le cojo prestado el t\u00edtulo a un amigo para reflejar la sensaci\u00f3n que queda tras el partido de ayer en Valladolid. Guru goleador (Foto: Athletic Club) Ya sabemos la propensi\u00f3n que tiene el Athletic a perder puntos contra equipos mucho peor colocados que \u00e9l en la clasificaci\u00f3n. Ayer lo volvi\u00f3 a demostrar. Curiosamente los rojiblancos &hellip; <a href=\"https:\/\/blogs.deia.eus\/athletic-bihotzez\/2024\/11\/11\/el-athletic-hace-amigos-en-valladolid\/\" class=\"more-link\">Sigue leyendo <span class=\"screen-reader-text\">El Athletic hace amigos en Valladolid<\/span><\/a><!-- AddThis Advanced Settings generic via filter on get_the_excerpt --><!-- AddThis Share Buttons generic via filter on get_the_excerpt --><\/p>\n","protected":false},"author":67,"featured_media":0,"comment_status":"open","ping_status":"open","sticky":false,"template":"","format":"standard","meta":{"footnotes":""},"categories":[1544],"tags":[170181,158324,170182,98347,50731,170053,10414,98345,169945,98587,170011,158412,98397,98343,170079,93658,158279,98350,170022,98394,110925],"class_list":["post-5140","post","type-post","status-publish","format-standard","hentry","category-sin-categoria","tag-adama-boiro","tag-alex-berenguer-2","tag-alvaro-djalo","tag-athletic","tag-athletic-club","tag-benat-prados","tag-ernesto-valverde","tag-europa-league","tag-gorka-guruzeta","tag-inaki-williams","tag-inigo-ruiz-de-galarreta-2","tag-julen-agirrezabala","tag-la-catedral","tag-liga","tag-mikel-jauregizar","tag-mikel-vesga","tag-oscar-de-marcos-2","tag-real-sociedad","tag-unai-gomez","tag-valladolid","tag-yuri-berchiche"],"_links":{"self":[{"href":"https:\/\/blogs.deia.eus\/athletic-bihotzez\/wp-json\/wp\/v2\/posts\/5140","targetHints":{"allow":["GET"]}}],"collection":[{"href":"https:\/\/blogs.deia.eus\/athletic-bihotzez\/wp-json\/wp\/v2\/posts"}],"about":[{"href":"https:\/\/blogs.deia.eus\/athletic-bihotzez\/wp-json\/wp\/v2\/types\/post"}],"author":[{"embeddable":true,"href":"https:\/\/blogs.deia.eus\/athletic-bihotzez\/wp-json\/wp\/v2\/users\/67"}],"replies":[{"embeddable":true,"href":"https:\/\/blogs.deia.eus\/athletic-bihotzez\/wp-json\/wp\/v2\/comments?post=5140"}],"version-history":[{"count":2,"href":"https:\/\/blogs.deia.eus\/athletic-bihotzez\/wp-json\/wp\/v2\/posts\/5140\/revisions"}],"predecessor-version":[{"id":5144,"href":"https:\/\/blogs.deia.eus\/athletic-bihotzez\/wp-json\/wp\/v2\/posts\/5140\/revisions\/5144"}],"wp:attachment":[{"href":"https:\/\/blogs.deia.eus\/athletic-bihotzez\/wp-json\/wp\/v2\/media?parent=5140"}],"wp:term":[{"taxonomy":"category","embeddable":true,"href":"https:\/\/blogs.deia.eus\/athletic-bihotzez\/wp-json\/wp\/v2\/categories?post=5140"},{"taxonomy":"post_tag","embeddable":true,"href":"https:\/\/blogs.deia.eus\/athletic-bihotzez\/wp-json\/wp\/v2\/tags?post=5140"}],"curies":[{"name":"wp","href":"https:\/\/api.w.org\/{rel}","templated":true}]}}