{"id":5736,"date":"2026-04-26T00:53:31","date_gmt":"2026-04-25T22:53:31","guid":{"rendered":"https:\/\/blogs.deia.eus\/athletic-bihotzez\/?p=5736"},"modified":"2026-04-26T10:33:16","modified_gmt":"2026-04-26T08:33:16","slug":"derrota-esperada-en-el-merropolitano","status":"publish","type":"post","link":"https:\/\/blogs.deia.eus\/athletic-bihotzez\/2026\/04\/26\/derrota-esperada-en-el-merropolitano\/","title":{"rendered":"Derrota esperada en el Metropolitano"},"content":{"rendered":"\n<p>No esperaba ganar ni siquiera acabado el primer tiempo, cuando el Athletic iba ganando 0 a 1. Este a\u00f1o mi confianza en ellos est\u00e1 bajo m\u00ednimos y a las pruebas me remito. <\/p>\n\n\n\n<figure class=\"wp-block-image size-full\"><a href=\"https:\/\/blogs.deia.eus\/athletic-bihotzez\/files\/2026\/04\/1000248020.jpg\"><img loading=\"lazy\" decoding=\"async\" width=\"500\" height=\"333\" src=\"https:\/\/blogs.deia.eus\/athletic-bihotzez\/files\/2026\/04\/1000248020.jpg\" alt=\"\" class=\"wp-image-5737\" \/><\/a><\/figure>\n\n\n\n<p>Sorprendente gol de c\u00f3rner de Paredes (Foto: EFE)<\/p>\n\n\n\n<p>El buen primer tiempo, con un incre\u00edble gol de c\u00f3rner, primero de la temporada, despu\u00e9s de sacar la friolera de 181, ha sido gracias al centro de Galaxy y al cabezazo de Paredes que reaparec\u00eda tras la lesi\u00f3n de la mejor forma posible. Quiz\u00e1 en este primer tiempo, el resultado fue ese, porque el Atl\u00e9tico no estaba demostrando nada. Flojo con bal\u00f3n, con casi tantas p\u00e9rdidas como nosotros y flojos sin bal\u00f3n. Les vi como desganados. Irreconocibles. Nosotros con una buena direcci\u00f3n de Galaxy, y con la novedad de Unai G\u00f3mez en la media punta. Los otros tres de delante, los mismos de los \u00faltimos partidos. Los otros cambios los dos centrales, ayer Vivian y Paredes, y el obligado de Rego por Jaure, que se llev\u00f3 la roja, por dos amarilla en el partido anterior. Tras el gol del minuto 22 hubo alguna contra pero mal acabada, por un pase un poco atrasado de Unai, y por la lentitud de I\u00f1aki. No est\u00e1 para nada el mayor de los Williams. El peque\u00f1o tampoco, aunque alg\u00fan chispacito ya suelta. Si por mi fuera, no jugaban ninguno de los dos, por lo menos de inicio. Tal y como est\u00e1n igual consiguen algo pero de revulsivo, de inicio ya est\u00e1n demostrando una y otra vez que no&#8230; Tampoco sacaba a Guru, incluso a pesar de que ayer meti\u00f3 gol en el ultimo minuto, y que lleva 3 partidos seguidos marcando. No le veo nada bien, y si le diesen el mismo mont\u00f3n de minutos a Izeta, de los que le dan a Gorka, quiz\u00e1 o seguro que hubiese conseguido, por lo menos lo mismo que \u00e9l. Va a acabar la Liga y no vamos a saber de lo que es capaz. Me desespero.<\/p>\n\n\n\n<p>El segundo tiempo, fue un calco de otros muchos de esta temporada. Se sale con la caraja y en 5 minutos te calzan dos goles que acaban con el partido. Acaban, porque aunque faltaba un mundo, el Atl\u00e9tico defendi\u00f3 bien y tampoco se tuvo que esforzar mucho. En el 69 salieron \u00c1lex, Navarro y Vesga. El equipo mejor\u00f3 algo, Robert lo intent\u00f3 continuamente y algo de peligro se cre\u00f3, pero no suficiente. Encima Sorloth, que fue el que marc\u00f3 el segundo gol, tambi\u00e9n meti\u00f3 el tercero a poco del final. La fragilidad defensiva es terrible. Los centrales en el ultimo gol no salen ni en la imagen. Mal Vivian y mal Paredes, no solo en ese gol. Su segundo tiempo ha sido muy flojo. Los colchoneros entraban entre ambos como cuchillo en la mantequilla. Y encima dieron varios balones a los rivales, de los incomprensibles. Mal. Guru, maquill\u00f3 el resultado, que qued\u00f3 3 a 2,en el \u00faltimo suspiro. El Atl\u00e9tico sin grandes alardes consigui\u00f3 romper su racha de 4 derrotas seguidas, gracias al equipo aspirina. Destacar a Sancet pero de manera negativa. Sali\u00f3 en el 64, y de nuevo no hizo absolutamente nada. Por mucho que se empe\u00f1e Valverde los nombres no juegan. Tal y como est\u00e1n algunos jugadores es como jugar con menos gente que el rival. Se les est\u00e1 dando mucha ventaja a los contrarios y es, en un partido s\u00ed y en otro tambi\u00e9n. Y mientras, seguimos viendo en el banquillo a gente que pod\u00eda aportar. Ayer Navarro tuvo 20 minutos e hizo m\u00e1s que los dos Williams y que Sancet juntos. Pero el pr\u00f3ximo partido volver\u00e1 al banquillo.<\/p>\n\n\n\n<p>Como positivo decir que Gorosabel me volvi\u00f3 a gustar. Fue de lo m\u00e1s destacado , junto al primer tiempo de Ruiz de Galarreta, pena que en la segunda parte una p\u00e9rdida suya propicio el contraataque de los del Cholo y un gol. Una faena. Rego jug\u00f3 todo el partido y tambi\u00e9n me gust\u00f3, sobretodo en contenci\u00f3n, bueno y fue \u00e9l el que le dio el pase de gol a Guru.<\/p>\n\n\n\n<p>Y con todo, seguimos con esos 41 puntos que no creo que sean suficientes, as\u00ed que&#8230; a ver si no tardan mucho en conseguir alg\u00fan puntito porque los nervios que pas\u00e9 el otro d\u00eda contra Osasuna, no los quiero volver a pasar. La pr\u00f3xima semana es otra vez fuera y contra un equipo que se est\u00e1 jugando la vida como el Alav\u00e9s. As\u00ed que&#8230; !a por el Deportivo! Y&#8230;<\/p>\n\n\n\n<p>\u00a1A\u00fapa Athletic!<\/p>\n\n\n\n<p><\/p>\n<!-- AddThis Advanced Settings generic via filter on the_content --><!-- AddThis Share Buttons generic via filter on the_content -->","protected":false},"excerpt":{"rendered":"<p>No esperaba ganar ni siquiera acabado el primer tiempo, cuando el Athletic iba ganando 0 a 1. Este a\u00f1o mi confianza en ellos est\u00e1 bajo m\u00ednimos y a las pruebas me remito. Sorprendente gol de c\u00f3rner de Paredes (Foto: EFE) El buen primer tiempo, con un incre\u00edble gol de c\u00f3rner, primero de la temporada, despu\u00e9s &hellip; <a href=\"https:\/\/blogs.deia.eus\/athletic-bihotzez\/2026\/04\/26\/derrota-esperada-en-el-merropolitano\/\" class=\"more-link\">Sigue leyendo <span class=\"screen-reader-text\">Derrota esperada en el Metropolitano<\/span><\/a><!-- AddThis Advanced Settings generic via filter on get_the_excerpt --><!-- AddThis Share Buttons generic via filter on get_the_excerpt --><\/p>\n","protected":false},"author":67,"featured_media":0,"comment_status":"open","ping_status":"open","sticky":false,"template":"","format":"standard","meta":{"footnotes":""},"categories":[1544],"tags":[158337,170311,158324,170188,98347,50731,98362,170363,158413,96269,10414,169945,98587,170011,98343,170423,158372,146093,170310,170184,170022,170309],"class_list":["post-5736","post","type-post","status-publish","format-standard","hentry","category-sin-categoria","tag-aitor-paredes","tag-alejandro-rego","tag-alex-berenguer-2","tag-andoni-gorosabel","tag-athletic","tag-athletic-club","tag-atletico-de-madrid","tag-cholo-simeone-2","tag-dani-vivian","tag-deportivo-alaves","tag-ernesto-valverde","tag-gorka-guruzeta","tag-inaki-williams","tag-inigo-ruiz-de-galarreta-2","tag-liga","tag-metropolitano","tag-nico-williams","tag-oihan-sancet","tag-robert-navarro","tag-sorloth","tag-unai-gomez","tag-urko-izeta"],"_links":{"self":[{"href":"https:\/\/blogs.deia.eus\/athletic-bihotzez\/wp-json\/wp\/v2\/posts\/5736","targetHints":{"allow":["GET"]}}],"collection":[{"href":"https:\/\/blogs.deia.eus\/athletic-bihotzez\/wp-json\/wp\/v2\/posts"}],"about":[{"href":"https:\/\/blogs.deia.eus\/athletic-bihotzez\/wp-json\/wp\/v2\/types\/post"}],"author":[{"embeddable":true,"href":"https:\/\/blogs.deia.eus\/athletic-bihotzez\/wp-json\/wp\/v2\/users\/67"}],"replies":[{"embeddable":true,"href":"https:\/\/blogs.deia.eus\/athletic-bihotzez\/wp-json\/wp\/v2\/comments?post=5736"}],"version-history":[{"count":4,"href":"https:\/\/blogs.deia.eus\/athletic-bihotzez\/wp-json\/wp\/v2\/posts\/5736\/revisions"}],"predecessor-version":[{"id":5742,"href":"https:\/\/blogs.deia.eus\/athletic-bihotzez\/wp-json\/wp\/v2\/posts\/5736\/revisions\/5742"}],"wp:attachment":[{"href":"https:\/\/blogs.deia.eus\/athletic-bihotzez\/wp-json\/wp\/v2\/media?parent=5736"}],"wp:term":[{"taxonomy":"category","embeddable":true,"href":"https:\/\/blogs.deia.eus\/athletic-bihotzez\/wp-json\/wp\/v2\/categories?post=5736"},{"taxonomy":"post_tag","embeddable":true,"href":"https:\/\/blogs.deia.eus\/athletic-bihotzez\/wp-json\/wp\/v2\/tags?post=5736"}],"curies":[{"name":"wp","href":"https:\/\/api.w.org\/{rel}","templated":true}]}}