{"id":5815,"date":"2026-08-31T02:04:31","date_gmt":"2026-08-31T00:04:31","guid":{"rendered":"https:\/\/blogs.deia.eus\/athletic-bihotzez\/?p=5815"},"modified":"2026-08-31T10:07:35","modified_gmt":"2026-08-31T08:07:35","slug":"este-athletic-si-y-3-puntos-en-balaidos","status":"publish","type":"post","link":"https:\/\/blogs.deia.eus\/athletic-bihotzez\/2026\/08\/31\/este-athletic-si-y-3-puntos-en-balaidos\/","title":{"rendered":"Este Athletic s\u00ed y 3 puntos en Balaidos"},"content":{"rendered":"\n<p class=\"wp-block-paragraph\">Salvo los errores groseros, el Athletic que jug\u00f3 contra el Sevilla me gust\u00f3. Pero claro, prefiero el de ayer, que con un muy buen primer tiempo, pr\u00e1cticamente dej\u00f3 el partido sentenciado. <\/p>\n\n\n\n<figure class=\"wp-block-image size-full\"><a href=\"https:\/\/blogs.deia.eus\/athletic-bihotzez\/files\/2026\/08\/1000285298.jpg\"><img loading=\"lazy\" decoding=\"async\" width=\"600\" height=\"338\" src=\"https:\/\/blogs.deia.eus\/athletic-bihotzez\/files\/2026\/08\/1000285298.jpg\" alt=\"\" class=\"wp-image-5816\" srcset=\"https:\/\/blogs.deia.eus\/athletic-bihotzez\/files\/2026\/08\/1000285298.jpg 600w, https:\/\/blogs.deia.eus\/athletic-bihotzez\/files\/2026\/08\/1000285298-579x326.jpg 579w\" sizes=\"auto, (max-width: 600px) 100vw, 600px\" \/><\/a><\/figure>\n\n\n\n<p class=\"wp-block-paragraph\">\u00c1lex y Robert goleadores (Foto: Athletic Club)<\/p>\n\n\n\n<p class=\"wp-block-paragraph\">0 a 2, y dominio casi sin fisuras sobre un Celta que se vio asfixiado por la presi\u00f3n alta de los rojiblancos. Inicialmente hubo dos ocasiones de ellos, que Sim\u00f3n solvent\u00f3, y a partir de ah\u00ed, el dominio fue total y absoluto nuestro.<\/p>\n\n\n\n<p class=\"wp-block-paragraph\">Menci\u00f3n especial tengo que hacer de los medios centros Galaxy y Gere. El primero disfrut\u00f3 de su primera titularidad y nos hizo disfrutar a nosotros con ella, tambi\u00e9n. \u00a1Qu\u00e9 manera de morder y de dirigir el juego! Be\u00f1at ocup\u00f3 tanto campo, que imagino que los kil\u00f3metros que hizo ser\u00edan un mont\u00f3n. Se complementan muy bien, y dos robos de bal\u00f3n suyos, propiciaron los dos goles del equipo. El primer robo de Be\u00f1at, que pas\u00f3 a I\u00f1aki, y este a \u00c1lex, que tras conducci\u00f3n larga, se intern\u00f3 en el \u00e1rea y con un toque sutil puso el bal\u00f3n pr\u00e1cticamente en el poste lejos del alcance del portero del Celta. El segundo robo fue de \u00cd\u00f1igo, que hizo pared con I\u00f1aki, y meti\u00f3 un pase entrel\u00edneas, que dej\u00f3 solo a Navarro, frente al portero, para que definiera a la cepa del poste, poniendo el segundo en el marcador, al poco de haber marcado el primero. El golpe fue muy fuerte para el Celta, que no se pudo reponer en todo el primer tiempo. La avalancha rojiblanca no se reflej\u00f3 en el marcador, cosa que mencion\u00f3 Edin en rueda de prensa, el no haber podido marcar m\u00e1s, algo a solucionar, as\u00ed como alguna p\u00e9rdida y alguna falta evitable. Ocasiones para conseguir el tercero hubo varias. I\u00f1aki, Sancet (un par),&#8230;<\/p>\n\n\n\n<p class=\"wp-block-paragraph\">El segundo tiempo, y tras 4 cambios de Gir\u00e1ldez, en el descanso, el panorama cambi\u00f3, y el Athletic se dedic\u00f3 a mantener el resultado, sin presi\u00f3n tan alta e intentando salir al contragolpe. El Celta lo intent\u00f3 y hubo un remate de cabeza que se fue por poco y no mucho m\u00e1s. Tras los cambios, con un Jaure por un Galaxy fundido, y un Canales, por un Sancet que en el primer tiempo nos volvi\u00f3 a deleitar con esos giros y esa forma de encarar a puerta que no obtuvo el gol, pero estuvo cerca. Areso le puso un pase atr\u00e1s (en la primera parte) de los que no hay que perdonar. Pero ya entrar\u00e1n. Jes\u00fas tambi\u00e9n estuvo muy bien y al final fue sustituido, por Johaneko, para refrescar y darle descanso. Este puede ser el Areso que todos esper\u00e1bamos el a\u00f1o pasado y no compareci\u00f3. Bienvenido sea. Canales, los pocos minutos que estuvo volvi\u00f3 a dejarse ver. Este a\u00f1o va a haber tortas en el centro del campo por jugar. \u00a1Qu\u00e9 maravilla de competencia entre ellos! De hecho, en estos 3 partidos iniciales, Terzic ha utilizado 3 parejas distintas en la titularidad. Por orden, Gere-Canales, Jaure-Canales y Gere-Galaxy. Una vez realizados los cambios las variaciones han sido m\u00e1s.Las opciones son muchas y muy buenas. Adem\u00e1s ayer Canales sustituy\u00f3 a Sancet, donde tambi\u00e9n brilla. As\u00ed da gusto.<\/p>\n\n\n\n<p class=\"wp-block-paragraph\">Adem\u00e1s, quiero destacar la estrategia. El cambio con respecto al a\u00f1o pasado es evidente. Solo hubo una jugada que fue defectuosa. Las dem\u00e1s fueron peligrosas. BIEN.<\/p>\n\n\n\n<p class=\"wp-block-paragraph\">A pesar de ser repetitiva, no me puedo olvidar de la inutilidad de los \u00e1rbitros. \u00bfLe tienen man\u00eda a Yuri? Espero que la tarjeta amarilla que le sacan la recurran porque en la disputa da al bal\u00f3n sin ninguna duda. No puede ser amarilla nunca. Igual que tampoco lo es la que se gan\u00f3 Gere, cuando fue \u00e9l, el que recibi\u00f3 la patada. Recurrir\u00eda ambas tarjetas. Por no hablar del penalti que le hacen a Nico que es de libro. No s\u00e9 qui\u00e9n era el \u00e1rbitro, pero es que creo que da igual, porque los 3 que nos han tocado en suerte, hasta ahora, en este inicio de Liga, han sido a cada cual peor. Ellos y el VAR. Un desastre. La mejor Liga del mundo (jajajaja), con los peores colegiados del mundo.<\/p>\n\n\n\n<p class=\"wp-block-paragraph\">Ahora con 3 puntos en el casillero las cosas se ven mejor y m\u00e1s tranquilos para recibir a otro de los cocos del campeonato, como es el Atl\u00e9tico de Madrid. Partido dificil\u00edsimo que disputaremos en La Catedral, por lo que parece con 33 grados, seg\u00fan dicen las previsiones. Partido a las 16:15. No deb\u00eda haber una mejor hora para jugarlo. En fin. Sea como sea, \u00a1A por el Atl\u00e9tico! Y&#8230;<\/p>\n\n\n\n<p class=\"wp-block-paragraph\">\u00a1A\u00fapa Athletic!<\/p>\n\n\n\n<p class=\"wp-block-paragraph\">P.D.: Los jugadores ayer hablaron con la prensa, levantando el plante que hicieron el jueves pasado. Aunque no dieron muchos m\u00e1s datos, si dijeron que no era solo por lo de las invitaciones, que ha sido una acumulaci\u00f3n de cuatro a\u00f1os y que van a tener conversaciones con el Club, para arreglar las cosas. Eso esperamos. Y<\/p>\n\n\n\n<p class=\"wp-block-paragraph\">\u00a1A\u00fapa Athletic!<\/p>\n\n\n\n<p class=\"wp-block-paragraph\"><\/p>\n\n\n\n<p class=\"wp-block-paragraph\"><\/p>\n\n\n\n<p class=\"wp-block-paragraph\"><\/p>\n<!-- AddThis Advanced Settings generic via filter on the_content --><!-- AddThis Share Buttons generic via filter on the_content -->","protected":false},"excerpt":{"rendered":"<p>Salvo los errores groseros, el Athletic que jug\u00f3 contra el Sevilla me gust\u00f3. Pero claro, prefiero el de ayer, que con un muy buen primer tiempo, pr\u00e1cticamente dej\u00f3 el partido sentenciado. \u00c1lex y Robert goleadores (Foto: Athletic Club) 0 a 2, y dominio casi sin fisuras sobre un Celta que se vio asfixiado por la &hellip; <a href=\"https:\/\/blogs.deia.eus\/athletic-bihotzez\/2026\/08\/31\/este-athletic-si-y-3-puntos-en-balaidos\/\" class=\"more-link\">Sigue leyendo <span class=\"screen-reader-text\">Este Athletic s\u00ed y 3 puntos en Balaidos<\/span><\/a><!-- AddThis Advanced Settings generic via filter on get_the_excerpt --><!-- AddThis Share Buttons generic via filter on get_the_excerpt --><\/p>\n","protected":false},"author":67,"featured_media":0,"comment_status":"open","ping_status":"open","sticky":false,"template":"","format":"standard","meta":{"footnotes":""},"categories":[1544],"tags":[158324,146059,98347,50731,98362,158421,170450,98404,170449,170403,170457,98587,170011,158292,170454,98397,68070,98343,170079,158372,146093,170198,170310,98514,110917,103956,110925],"class_list":["post-5815","post","type-post","status-publish","format-standard","hentry","category-sin-categoria","tag-alex-berenguer-2","tag-arbitros-3","tag-athletic","tag-athletic-club","tag-atletico-de-madrid","tag-balaidos-2","tag-benat-gerenabarrena","tag-celta","tag-edin-terzic","tag-galaxy","tag-giraldez","tag-inaki-williams","tag-inigo-ruiz-de-galarreta-2","tag-jesus-areso","tag-johaneko","tag-la-catedral","tag-la-liga","tag-liga","tag-mikel-jauregizar","tag-nico-williams","tag-oihan-sancet","tag-peio-canales","tag-robert-navarro","tag-sevilla","tag-unai-simon","tag-var","tag-yuri-berchiche"],"_links":{"self":[{"href":"https:\/\/blogs.deia.eus\/athletic-bihotzez\/wp-json\/wp\/v2\/posts\/5815","targetHints":{"allow":["GET"]}}],"collection":[{"href":"https:\/\/blogs.deia.eus\/athletic-bihotzez\/wp-json\/wp\/v2\/posts"}],"about":[{"href":"https:\/\/blogs.deia.eus\/athletic-bihotzez\/wp-json\/wp\/v2\/types\/post"}],"author":[{"embeddable":true,"href":"https:\/\/blogs.deia.eus\/athletic-bihotzez\/wp-json\/wp\/v2\/users\/67"}],"replies":[{"embeddable":true,"href":"https:\/\/blogs.deia.eus\/athletic-bihotzez\/wp-json\/wp\/v2\/comments?post=5815"}],"version-history":[{"count":2,"href":"https:\/\/blogs.deia.eus\/athletic-bihotzez\/wp-json\/wp\/v2\/posts\/5815\/revisions"}],"predecessor-version":[{"id":5819,"href":"https:\/\/blogs.deia.eus\/athletic-bihotzez\/wp-json\/wp\/v2\/posts\/5815\/revisions\/5819"}],"wp:attachment":[{"href":"https:\/\/blogs.deia.eus\/athletic-bihotzez\/wp-json\/wp\/v2\/media?parent=5815"}],"wp:term":[{"taxonomy":"category","embeddable":true,"href":"https:\/\/blogs.deia.eus\/athletic-bihotzez\/wp-json\/wp\/v2\/categories?post=5815"},{"taxonomy":"post_tag","embeddable":true,"href":"https:\/\/blogs.deia.eus\/athletic-bihotzez\/wp-json\/wp\/v2\/tags?post=5815"}],"curies":[{"name":"wp","href":"https:\/\/api.w.org\/{rel}","templated":true}]}}