{"id":5820,"date":"2026-09-06T01:27:18","date_gmt":"2026-09-05T23:27:18","guid":{"rendered":"https:\/\/blogs.deia.eus\/athletic-bihotzez\/?p=5820"},"modified":"2026-09-06T01:27:19","modified_gmt":"2026-09-05T23:27:19","slug":"triunfo-ilusionante-frente-al-atletico","status":"publish","type":"post","link":"https:\/\/blogs.deia.eus\/athletic-bihotzez\/2026\/09\/06\/triunfo-ilusionante-frente-al-atletico\/","title":{"rendered":"Triunfo ilusionante frente al Atl\u00e9tico"},"content":{"rendered":"\n<p class=\"wp-block-paragraph\">Todas las victorias en Liga te dan 3 puntos, pero no todas te suponen este alegr\u00f3n que nos llevamos ayer, porque ganar al equipo del Cholo Simeone es mucho m\u00e1s que los 3 puntos. Tienen un equipazo y que saliesen derrotados de San Mam\u00e9s fue un gustazo. Pero mayor gustazo fue el ver c\u00f3mo se logr\u00f3, tras dos tiempos totalmente diferentes.<\/p>\n\n\n\n<figure class=\"wp-block-image size-full\"><a href=\"https:\/\/blogs.deia.eus\/athletic-bihotzez\/files\/2026\/09\/1000287465.jpg\"><img loading=\"lazy\" decoding=\"async\" width=\"600\" height=\"338\" src=\"https:\/\/blogs.deia.eus\/athletic-bihotzez\/files\/2026\/09\/1000287465.jpg\" alt=\"\" class=\"wp-image-5821\" srcset=\"https:\/\/blogs.deia.eus\/athletic-bihotzez\/files\/2026\/09\/1000287465.jpg 600w, https:\/\/blogs.deia.eus\/athletic-bihotzez\/files\/2026\/09\/1000287465-579x326.jpg 579w\" sizes=\"auto, (max-width: 600px) 100vw, 600px\" \/><\/a><\/figure>\n\n\n\n<p class=\"wp-block-paragraph\"> Nico de vuelta (Foto: Borja Guerrero)<\/p>\n\n\n\n<p class=\"wp-block-paragraph\">Si la semana pasada, contra el Celta en Balaidos, el equipo jug\u00f3 un primer tiempo para enmarcar, ayer no ocurri\u00f3 lo mismo, ya que fue el segundo el que recordaremos durante tiempo. <\/p>\n\n\n\n<p class=\"wp-block-paragraph\">El primer tiempo, se inici\u00f3 con un susto enorme, por el palo de Kang In Lee, en el minuto 4. Seguido nosotros tuvimos dos, una de I\u00f1aki y otra de Oihan. Pero a partir de la pausa de hidrataci\u00f3n, el Atl\u00e9tico empez\u00f3 a jugar m\u00e1s y mejor, encerr\u00e1ndonos un poco y d\u00e1ndonos avisos serios, alguno de los cuales no pas\u00f3 a mayores por Unai. Los delanteros rojiblancos no aparec\u00edan. Lo que no sab\u00edamos era que estaban esperando al segundo tiempo.<\/p>\n\n\n\n<p class=\"wp-block-paragraph\">Si la reacci\u00f3n fue por algo que les dijo Terzic, que por favor, lo haga todos los partidos, porque lo que ocurri\u00f3 a la salida del vestuario es algo que nos ocurri\u00f3 el a\u00f1o pasado unas cuantas veces, pero en contra. Ayer cay\u00f3 a favor, y \u00a1qu\u00e9 gusto da! Sacar de centro y gol de Nico, que proven\u00eda de un bal\u00f3n que \u00e9l mismo robo en el inicio de la jugada. Tir\u00f3 a puerta I\u00f1aki, toc\u00f3 a un defensa y se convierti\u00f3 en un pase de gol medido a la cabeza de su hermano peque\u00f1o. Delirio, interrumpido por el VAR, que revis\u00f3 si hab\u00eda salido el bal\u00f3n previamente por la banda. Menos mal, que no. Los de Cholo sacaron de centro y Nico volvi\u00f3 a robar,  pas\u00f3 a I\u00f1aki, que est\u00e1 vez s\u00ed asisti\u00f3 a Robert, que hizo un recorte espectacular al defensa, para luego casi centrar a la red. \u00a1Vaya finalizaci\u00f3n! Maravillosa. Y sin comerlo ni beberlo los ayer grises, se vieron dos goles por debajo en el marcador. Alegr\u00eda inmensa de todos los athleticzales, pero quedaba un mundo. Aqu\u00ed de nuevo surgi\u00f3 el papel de resistencia, que vimos tambi\u00e9n en Galicia, 7 d\u00edas antes. Simeone movi\u00f3 el avispero con cuatro cambios a la vez. En dos ventanas Edin, para contrarrestarlos, hizo 3 cambios, y su equipo cambio de sistema, con 3 centrales y dos carrileros. Uno de ellos Johaneko, que dej\u00f3 claro que no sali\u00f3 solo a defender. \u00a1Que gozada, qu\u00e9 desparpajo! Buenos minutos los suyos. Muy buenos. La variaci\u00f3n t\u00e1ctica se le atragant\u00f3 al Atl\u00e9tico, que salvo un tiro de Juli\u00e1n \u00c1lvarez, muy bueno, que Unai repeli\u00f3, con muchos reflejos, y otra de Llorente, muy t\u00edmida&#8230; no consigui\u00f3 inquietar gran cosa. Pasaron los minutos y el el 89, Sancet redonde\u00f3 la obra de arte tras jugada de Gerenabarrena. \u00a1Vaya descubrimiento de jugador! Otro que no ha hecho m\u00e1s que aterrizar en Primera y ya parece un veterano. \u00a1Qu\u00e9 derroche! Est\u00e1 en todos los sitios y corta balones en todas las posiciones del campo. Encima, en el gol, se peg\u00f3 una carrera enorme por la banda, le indic\u00f3 con el braz\u00f3 a Berenguer, que llevaba poco en el campo, que ya se encarga \u00e9l, sigui\u00f3 corriendo, se intern\u00f3 en el \u00e1rea, pas\u00f3 atr\u00e1s, y el despeje le lleg\u00f3 a Oihan que casi empuj\u00f3 desde el punto de penalti (a colocar). No contento con esto en el 92, tambi\u00e9n se meti\u00f3 otro sprint por el centro para llegar al \u00e1rea en un contraataque. No le lleg\u00f3 el bal\u00f3n, pero qu\u00e9 gozada, ver el hambre que tiene y lo que produce.<\/p>\n\n\n\n<p class=\"wp-block-paragraph\">M\u00e1s nombres: el de Nico, goleador, y participante en los dos primeros goles, gracias a sus robos. Est\u00e1 de vuelta. Como tambi\u00e9n lo est\u00e1 Oihan. Se deja ver, se gusta, encima mete gol. Genial, aunque le pido mucho m\u00e1s, y sobre todo, m\u00e1s prolongado en el tiempo, \u00a1qu\u00e9 vaya a\u00f1o pasado nos dio! Areso parece otro, quiz\u00e1 sea porque est\u00e1 m\u00e1s fino de f\u00edsico, o porque ha ganado en confianza. No lo s\u00e9. Veremos c\u00f3mo evoluciona, que estoy es muy largo, aunque tiene buena pinta.<\/p>\n\n\n\n<p class=\"wp-block-paragraph\">Y encantada con todo esto. Aunque no puedo cerrar los ojos al primer tiempo, y a pensar que se pod\u00edan haber puesto por delante en el marcador en el minuto cuatro, con lo que hubi\u00e9semos visto un partido totalmente distinto. Ya conocemos al Cholo cuando se adelanta en el marcador, un hueso duro de roer. As\u00ed como tampoco me olvido de los muchos errores no forzados que hubo, entregas al contrario en jugadas y alguna incluso de falta a nuestro favor,&#8230; P\u00e9rdida evitables y situaciones que hay que limitar porque te pueden hacer much\u00edsimo da\u00f1o. Tambi\u00e9n lo vio Terzic y trabajar\u00e1n en ello. <\/p>\n\n\n\n<p class=\"wp-block-paragraph\">Una semana tiene antes de enfrentarse, tambi\u00e9n en La Catedral, al Elche, que a d\u00eda de hoy tiene un punto. Lo cual me da un poco igual, sin confianzas, y como si fuese el mejor equipo de la categor\u00eda&#8230; \u00a1a por los ilicitanos! Y&#8230;<\/p>\n\n\n\n<p class=\"wp-block-paragraph\">\u00a1A\u00fapa Athletic!<\/p>\n\n\n\n<p class=\"wp-block-paragraph\"><\/p>\n<!-- AddThis Advanced Settings generic via filter on the_content --><!-- AddThis Share Buttons generic via filter on the_content -->","protected":false},"excerpt":{"rendered":"<p>Todas las victorias en Liga te dan 3 puntos, pero no todas te suponen este alegr\u00f3n que nos llevamos ayer, porque ganar al equipo del Cholo Simeone es mucho m\u00e1s que los 3 puntos. Tienen un equipazo y que saliesen derrotados de San Mam\u00e9s fue un gustazo. Pero mayor gustazo fue el ver c\u00f3mo se &hellip; <a href=\"https:\/\/blogs.deia.eus\/athletic-bihotzez\/2026\/09\/06\/triunfo-ilusionante-frente-al-atletico\/\" class=\"more-link\">Sigue leyendo <span class=\"screen-reader-text\">Triunfo ilusionante frente al Atl\u00e9tico<\/span><\/a><!-- AddThis Advanced Settings generic via filter on get_the_excerpt --><!-- AddThis Share Buttons generic via filter on get_the_excerpt --><\/p>\n","protected":false},"author":67,"featured_media":0,"comment_status":"open","ping_status":"open","sticky":false,"template":"","format":"standard","meta":{"footnotes":""},"categories":[1544],"tags":[158324,98347,50731,98362,158421,170450,98404,170363,170449,98466,98587,158292,170454,170270,98397,98343,158428,158372,146093,170310,98358,110917,103956],"class_list":["post-5820","post","type-post","status-publish","format-standard","hentry","category-sin-categoria","tag-alex-berenguer-2","tag-athletic","tag-athletic-club","tag-atletico-de-madrid","tag-balaidos-2","tag-benat-gerenabarrena","tag-celta","tag-cholo-simeone-2","tag-edin-terzic","tag-elche","tag-inaki-williams","tag-jesus-areso","tag-johaneko","tag-julian-alvarez","tag-la-catedral","tag-liga","tag-marcos-llorente","tag-nico-williams","tag-oihan-sancet","tag-robert-navarro","tag-san-mames","tag-unai-simon","tag-var"],"_links":{"self":[{"href":"https:\/\/blogs.deia.eus\/athletic-bihotzez\/wp-json\/wp\/v2\/posts\/5820","targetHints":{"allow":["GET"]}}],"collection":[{"href":"https:\/\/blogs.deia.eus\/athletic-bihotzez\/wp-json\/wp\/v2\/posts"}],"about":[{"href":"https:\/\/blogs.deia.eus\/athletic-bihotzez\/wp-json\/wp\/v2\/types\/post"}],"author":[{"embeddable":true,"href":"https:\/\/blogs.deia.eus\/athletic-bihotzez\/wp-json\/wp\/v2\/users\/67"}],"replies":[{"embeddable":true,"href":"https:\/\/blogs.deia.eus\/athletic-bihotzez\/wp-json\/wp\/v2\/comments?post=5820"}],"version-history":[{"count":1,"href":"https:\/\/blogs.deia.eus\/athletic-bihotzez\/wp-json\/wp\/v2\/posts\/5820\/revisions"}],"predecessor-version":[{"id":5822,"href":"https:\/\/blogs.deia.eus\/athletic-bihotzez\/wp-json\/wp\/v2\/posts\/5820\/revisions\/5822"}],"wp:attachment":[{"href":"https:\/\/blogs.deia.eus\/athletic-bihotzez\/wp-json\/wp\/v2\/media?parent=5820"}],"wp:term":[{"taxonomy":"category","embeddable":true,"href":"https:\/\/blogs.deia.eus\/athletic-bihotzez\/wp-json\/wp\/v2\/categories?post=5820"},{"taxonomy":"post_tag","embeddable":true,"href":"https:\/\/blogs.deia.eus\/athletic-bihotzez\/wp-json\/wp\/v2\/tags?post=5820"}],"curies":[{"name":"wp","href":"https:\/\/api.w.org\/{rel}","templated":true}]}}