{"id":1029,"date":"2012-08-19T09:44:27","date_gmt":"2012-08-19T07:44:27","guid":{"rendered":"http:\/\/blogs.deia.com\/athletic-risas-club\/?p=1029"},"modified":"2012-08-19T09:44:27","modified_gmt":"2012-08-19T07:44:27","slug":"psicosis-athletic","status":"publish","type":"post","link":"https:\/\/blogs.deia.eus\/athletic-risas-club\/2012\/08\/19\/psicosis-athletic\/","title":{"rendered":"Psicosis Athletic"},"content":{"rendered":"<p>El Athletic encara la apertura de la Liga ante el Betis con un ambiente de psicosis por la marcha de sus estrellas Llorente, Javi Mart\u00ednez y por las malas relaciones entre Bielsa y Urrutia. Los leones buscar\u00e1n el tranquilizante de la victoria, un calmante ante el psycodrama de pretemporada vivida. La afici\u00f3n espera que no le acuchillen ya m\u00e1s el coraz\u00f3n.<\/p>\n<figure id=\"attachment_1030\" aria-describedby=\"caption-attachment-1030\" style=\"width: 614px\" class=\"wp-caption alignleft\"><a href=\"http:\/\/blogs.deia.com\/athletic-risas-club\/files\/2012\/08\/Athletic-Betis12-13-copia.jpg\"><img loading=\"lazy\" decoding=\"async\" class=\" wp-image-1030 \" src=\"http:\/\/blogs.deia.com\/athletic-risas-club\/files\/2012\/08\/Athletic-Betis12-13-copia-1024x306.jpg\" alt=\"\" width=\"614\" height=\"184\" srcset=\"https:\/\/blogs.deia.eus\/athletic-risas-club\/files\/2012\/08\/Athletic-Betis12-13-copia-1024x306.jpg 1024w, https:\/\/blogs.deia.eus\/athletic-risas-club\/files\/2012\/08\/Athletic-Betis12-13-copia-300x89.jpg 300w\" sizes=\"auto, (max-width: 614px) 100vw, 614px\" \/><\/a><figcaption id=\"caption-attachment-1030\" class=\"wp-caption-text\">Athletic-Betis (Liga, jornada 1)<\/figcaption><\/figure>\n<!-- AddThis Advanced Settings generic via filter on the_content --><!-- AddThis Share Buttons generic via filter on the_content -->","protected":false},"excerpt":{"rendered":"<p>El Athletic encara la apertura de la Liga ante el Betis con un ambiente de psicosis por la marcha de sus estrellas Llorente, Javi Mart\u00ednez y por las malas relaciones entre Bielsa y Urrutia. Los leones buscar\u00e1n el tranquilizante de la victoria, un calmante ante el psycodrama de pretemporada vivida. La afici\u00f3n espera que no &hellip; <a href=\"https:\/\/blogs.deia.eus\/athletic-risas-club\/2012\/08\/19\/psicosis-athletic\/\" class=\"more-link\">Sigue leyendo <span class=\"screen-reader-text\">Psicosis Athletic<\/span><\/a><!-- AddThis Advanced Settings generic via filter on get_the_excerpt --><!-- AddThis Share Buttons generic via filter on get_the_excerpt --><\/p>\n","protected":false},"author":43,"featured_media":0,"comment_status":"open","ping_status":"open","sticky":false,"template":"","format":"standard","meta":{"footnotes":""},"categories":[5],"tags":[16,24,33,6695,65],"class_list":["post-1029","post","type-post","status-publish","format-standard","hentry","category-liga","tag-athletic","tag-bielsa","tag-llorente","tag-martinez","tag-urrutia"],"_links":{"self":[{"href":"https:\/\/blogs.deia.eus\/athletic-risas-club\/wp-json\/wp\/v2\/posts\/1029","targetHints":{"allow":["GET"]}}],"collection":[{"href":"https:\/\/blogs.deia.eus\/athletic-risas-club\/wp-json\/wp\/v2\/posts"}],"about":[{"href":"https:\/\/blogs.deia.eus\/athletic-risas-club\/wp-json\/wp\/v2\/types\/post"}],"author":[{"embeddable":true,"href":"https:\/\/blogs.deia.eus\/athletic-risas-club\/wp-json\/wp\/v2\/users\/43"}],"replies":[{"embeddable":true,"href":"https:\/\/blogs.deia.eus\/athletic-risas-club\/wp-json\/wp\/v2\/comments?post=1029"}],"version-history":[{"count":4,"href":"https:\/\/blogs.deia.eus\/athletic-risas-club\/wp-json\/wp\/v2\/posts\/1029\/revisions"}],"predecessor-version":[{"id":1034,"href":"https:\/\/blogs.deia.eus\/athletic-risas-club\/wp-json\/wp\/v2\/posts\/1029\/revisions\/1034"}],"wp:attachment":[{"href":"https:\/\/blogs.deia.eus\/athletic-risas-club\/wp-json\/wp\/v2\/media?parent=1029"}],"wp:term":[{"taxonomy":"category","embeddable":true,"href":"https:\/\/blogs.deia.eus\/athletic-risas-club\/wp-json\/wp\/v2\/categories?post=1029"},{"taxonomy":"post_tag","embeddable":true,"href":"https:\/\/blogs.deia.eus\/athletic-risas-club\/wp-json\/wp\/v2\/tags?post=1029"}],"curies":[{"name":"wp","href":"https:\/\/api.w.org\/{rel}","templated":true}]}}