{"id":1681,"date":"2013-05-26T14:41:14","date_gmt":"2013-05-26T12:41:14","guid":{"rendered":"http:\/\/blogs.deia.com\/athletic-risas-club\/?p=1681"},"modified":"2013-05-26T15:45:11","modified_gmt":"2013-05-26T13:45:11","slug":"levante-athletic-san-mames-forever","status":"publish","type":"post","link":"https:\/\/blogs.deia.eus\/athletic-risas-club\/2013\/05\/26\/levante-athletic-san-mames-forever\/","title":{"rendered":"Levante-Athletic. Gora San Mam\u00e9s!!!"},"content":{"rendered":"<p>El Athletic y Levante cerrar\u00e1n de manera oficial, con un casi intrascendente partido de la pen\u00faltima jornada de Liga, todo un siglo de f\u00fatbol en San Mam\u00e9s, el legendario estadio bilba\u00edno que ser\u00e1 demolido dentro de apenas dos semanas. Un partido cargado de trascendencia y emotividad.<\/p>\n<figure id=\"attachment_1682\" aria-describedby=\"caption-attachment-1682\" style=\"width: 606px\" class=\"wp-caption aligncenter\"><a href=\"http:\/\/blogs.deia.com\/athletic-risas-club\/files\/2013\/05\/Ath-Levante12-13-copia.jpg\"><img loading=\"lazy\" decoding=\"async\" class=\" wp-image-1682  \" src=\"http:\/\/blogs.deia.com\/athletic-risas-club\/files\/2013\/05\/Ath-Levante12-13-copia.jpg\" alt=\"\" width=\"606\" height=\"193\" srcset=\"https:\/\/blogs.deia.eus\/athletic-risas-club\/files\/2013\/05\/Ath-Levante12-13-copia.jpg 1264w, https:\/\/blogs.deia.eus\/athletic-risas-club\/files\/2013\/05\/Ath-Levante12-13-copia-300x95.jpg 300w, https:\/\/blogs.deia.eus\/athletic-risas-club\/files\/2013\/05\/Ath-Levante12-13-copia-1024x325.jpg 1024w\" sizes=\"auto, (max-width: 606px) 100vw, 606px\" \/><\/a><figcaption id=\"caption-attachment-1682\" class=\"wp-caption-text\">Athletic-Levante, agur a La Catedral<\/figcaption><\/figure>\n<!-- AddThis Advanced Settings generic via filter on the_content --><!-- AddThis Share Buttons generic via filter on the_content -->","protected":false},"excerpt":{"rendered":"<p>El Athletic y Levante cerrar\u00e1n de manera oficial, con un casi intrascendente partido de la pen\u00faltima jornada de Liga, todo un siglo de f\u00fatbol en San Mam\u00e9s, el legendario estadio bilba\u00edno que ser\u00e1 demolido dentro de apenas dos semanas. Un partido cargado de trascendencia y emotividad.<!-- AddThis Advanced Settings generic via filter on get_the_excerpt --><!-- AddThis Share Buttons generic via filter on get_the_excerpt --><\/p>\n","protected":false},"author":43,"featured_media":0,"comment_status":"open","ping_status":"open","sticky":false,"template":"","format":"standard","meta":{"footnotes":""},"categories":[5],"tags":[25379,19302,19301],"class_list":["post-1681","post","type-post","status-publish","format-standard","hentry","category-liga","tag-agur","tag-mames","tag-san"],"_links":{"self":[{"href":"https:\/\/blogs.deia.eus\/athletic-risas-club\/wp-json\/wp\/v2\/posts\/1681","targetHints":{"allow":["GET"]}}],"collection":[{"href":"https:\/\/blogs.deia.eus\/athletic-risas-club\/wp-json\/wp\/v2\/posts"}],"about":[{"href":"https:\/\/blogs.deia.eus\/athletic-risas-club\/wp-json\/wp\/v2\/types\/post"}],"author":[{"embeddable":true,"href":"https:\/\/blogs.deia.eus\/athletic-risas-club\/wp-json\/wp\/v2\/users\/43"}],"replies":[{"embeddable":true,"href":"https:\/\/blogs.deia.eus\/athletic-risas-club\/wp-json\/wp\/v2\/comments?post=1681"}],"version-history":[{"count":5,"href":"https:\/\/blogs.deia.eus\/athletic-risas-club\/wp-json\/wp\/v2\/posts\/1681\/revisions"}],"predecessor-version":[{"id":1687,"href":"https:\/\/blogs.deia.eus\/athletic-risas-club\/wp-json\/wp\/v2\/posts\/1681\/revisions\/1687"}],"wp:attachment":[{"href":"https:\/\/blogs.deia.eus\/athletic-risas-club\/wp-json\/wp\/v2\/media?parent=1681"}],"wp:term":[{"taxonomy":"category","embeddable":true,"href":"https:\/\/blogs.deia.eus\/athletic-risas-club\/wp-json\/wp\/v2\/categories?post=1681"},{"taxonomy":"post_tag","embeddable":true,"href":"https:\/\/blogs.deia.eus\/athletic-risas-club\/wp-json\/wp\/v2\/tags?post=1681"}],"curies":[{"name":"wp","href":"https:\/\/api.w.org\/{rel}","templated":true}]}}