{"id":4317,"date":"2018-04-17T12:02:24","date_gmt":"2018-04-17T10:02:24","guid":{"rendered":"http:\/\/blogs.deia.eus\/athletic-risas-club\/?p=4317"},"modified":"2018-04-17T12:02:24","modified_gmt":"2018-04-17T10:02:24","slug":"athleticzale-rahm","status":"publish","type":"post","link":"https:\/\/blogs.deia.eus\/athletic-risas-club\/2018\/04\/17\/athleticzale-rahm\/","title":{"rendered":"Athleticzale Rahm"},"content":{"rendered":"<p>El golfista de Barrika Jon Rahm \u00abRahmbo\u00bb ha ganado el Open de Espa\u00f1a.\u00a0Este athleticzale hasta la m\u00e9dula hab\u00eda sido\u00a0campe\u00f3n estatal en casi todas las categor\u00edas inferiores, pero nunca hab\u00eda ganado este torneo. Entre otras cosas, porque nunca tuvo oportunidad de disputarlo. El a\u00f1o pasado el torneo no se celebr\u00f3 por falta de financiaci\u00f3n y en las ediciones anteriores el calendario hab\u00eda hecho imposible su presencia. El domingo se quit\u00f3 la espina de un plumazo,\u00a0alzando el trofeo en su primera participaci\u00f3n. Su nombre ya figura junto al de su admirado\u00a0Seve Ballesteros\u00a0en el palmar\u00e9s del torneo que tambi\u00e9n ganaron en su d\u00eda figuras como\u00a0Sergio Garc\u00eda,\u00a0Nick Faldo,\u00a0Bernhard Langer\u00a0o\u00a0Arnold Palmer.\u00a0Cerca de\u00a049.000 personas abarrotaron el Centro Nacional de Golf\u00a0durante los cuatro d\u00edas de competici\u00f3n, una cifra r\u00e9cord y un ambiente en Madrid que no se recordaba desde la victoria de Severiano Ballesteros en este mismo torneo en 1995. El fen\u00f3meno Rahm ha desatado la locura. Zorionak txapeldun!<\/p>\n<p><a href=\"http:\/\/blogs.deia.eus\/athletic-risas-club\/files\/2018\/04\/rahm.gif\"><img loading=\"lazy\" decoding=\"async\" class=\"alignnone size-medium wp-image-4318\" src=\"http:\/\/blogs.deia.eus\/athletic-risas-club\/files\/2018\/04\/rahm-580x856.gif\" alt=\"\" width=\"580\" height=\"856\" srcset=\"https:\/\/blogs.deia.eus\/athletic-risas-club\/files\/2018\/04\/rahm-580x856.gif 580w, https:\/\/blogs.deia.eus\/athletic-risas-club\/files\/2018\/04\/rahm-768x1134.gif 768w, https:\/\/blogs.deia.eus\/athletic-risas-club\/files\/2018\/04\/rahm-940x1388.gif 940w\" sizes=\"auto, (max-width: 580px) 100vw, 580px\" \/><\/a><\/p>\n<!-- AddThis Advanced Settings generic via filter on the_content --><!-- AddThis Share Buttons generic via filter on the_content -->","protected":false},"excerpt":{"rendered":"<p>El golfista de Barrika Jon Rahm \u00abRahmbo\u00bb ha ganado el Open de Espa\u00f1a.\u00a0Este athleticzale hasta la m\u00e9dula hab\u00eda sido\u00a0campe\u00f3n estatal en casi todas las categor\u00edas inferiores, pero nunca hab\u00eda ganado este torneo. Entre otras cosas, porque nunca tuvo oportunidad de disputarlo. El a\u00f1o pasado el torneo no se celebr\u00f3 por falta de financiaci\u00f3n y en &hellip; <a href=\"https:\/\/blogs.deia.eus\/athletic-risas-club\/2018\/04\/17\/athleticzale-rahm\/\" class=\"more-link\">Sigue leyendo <span class=\"screen-reader-text\">Athleticzale Rahm<\/span><\/a><!-- AddThis Advanced Settings generic via filter on get_the_excerpt --><!-- AddThis Share Buttons generic via filter on get_the_excerpt --><\/p>\n","protected":false},"author":58,"featured_media":0,"comment_status":"open","ping_status":"open","sticky":false,"template":"","format":"standard","meta":{"footnotes":""},"categories":[10],"tags":[6693,350,114461,58639,114460,114459],"class_list":["post-4317","post","type-post","status-publish","format-standard","hentry","category-caricaturas","tag-campeon","tag-espana","tag-golfista","tag-jon","tag-open","tag-rahm"],"_links":{"self":[{"href":"https:\/\/blogs.deia.eus\/athletic-risas-club\/wp-json\/wp\/v2\/posts\/4317","targetHints":{"allow":["GET"]}}],"collection":[{"href":"https:\/\/blogs.deia.eus\/athletic-risas-club\/wp-json\/wp\/v2\/posts"}],"about":[{"href":"https:\/\/blogs.deia.eus\/athletic-risas-club\/wp-json\/wp\/v2\/types\/post"}],"author":[{"embeddable":true,"href":"https:\/\/blogs.deia.eus\/athletic-risas-club\/wp-json\/wp\/v2\/users\/58"}],"replies":[{"embeddable":true,"href":"https:\/\/blogs.deia.eus\/athletic-risas-club\/wp-json\/wp\/v2\/comments?post=4317"}],"version-history":[{"count":2,"href":"https:\/\/blogs.deia.eus\/athletic-risas-club\/wp-json\/wp\/v2\/posts\/4317\/revisions"}],"predecessor-version":[{"id":4320,"href":"https:\/\/blogs.deia.eus\/athletic-risas-club\/wp-json\/wp\/v2\/posts\/4317\/revisions\/4320"}],"wp:attachment":[{"href":"https:\/\/blogs.deia.eus\/athletic-risas-club\/wp-json\/wp\/v2\/media?parent=4317"}],"wp:term":[{"taxonomy":"category","embeddable":true,"href":"https:\/\/blogs.deia.eus\/athletic-risas-club\/wp-json\/wp\/v2\/categories?post=4317"},{"taxonomy":"post_tag","embeddable":true,"href":"https:\/\/blogs.deia.eus\/athletic-risas-club\/wp-json\/wp\/v2\/tags?post=4317"}],"curies":[{"name":"wp","href":"https:\/\/api.w.org\/{rel}","templated":true}]}}