{"id":5200,"date":"2022-03-03T09:00:00","date_gmt":"2022-03-03T08:00:00","guid":{"rendered":"https:\/\/blogs.deia.eus\/athletic-risas-club\/?p=5200"},"modified":"2022-03-03T09:43:38","modified_gmt":"2022-03-03T08:43:38","slug":"canonazo-guedes","status":"publish","type":"post","link":"https:\/\/blogs.deia.eus\/athletic-risas-club\/2022\/03\/03\/canonazo-guedes\/","title":{"rendered":"Ca\u00f1onazo Guedes"},"content":{"rendered":"\n<p><strong>Valencia 1-Athletic 0<\/strong>. Un ca\u00f1onazo de Guedes desde fuera del \u00e1rea mand\u00f3 al Valencia a la Final de la Copa. Los leones no supieron gestionar un partido tan importante en Mestalla y as\u00ed se les escap\u00f3 disputar su tercera final de Copa. \u00a1Qu\u00e9 gran vac\u00edo! Pero&#8230;Aupa Athletic!<\/p>\n\n\n\n<figure class=\"wp-block-image size-large\"><a href=\"https:\/\/blogs.deia.eus\/athletic-risas-club\/files\/2022\/03\/3032022Valencia-1-Ath0copasemis21-22-copia.gif\"><img loading=\"lazy\" decoding=\"async\" width=\"940\" height=\"298\" src=\"https:\/\/blogs.deia.eus\/athletic-risas-club\/files\/2022\/03\/3032022Valencia-1-Ath0copasemis21-22-copia-940x298.gif\" alt=\"\" class=\"wp-image-5201\" srcset=\"https:\/\/blogs.deia.eus\/athletic-risas-club\/files\/2022\/03\/3032022Valencia-1-Ath0copasemis21-22-copia-940x298.gif 940w, https:\/\/blogs.deia.eus\/athletic-risas-club\/files\/2022\/03\/3032022Valencia-1-Ath0copasemis21-22-copia-580x184.gif 580w, https:\/\/blogs.deia.eus\/athletic-risas-club\/files\/2022\/03\/3032022Valencia-1-Ath0copasemis21-22-copia-768x244.gif 768w\" sizes=\"auto, (max-width: 940px) 100vw, 940px\" \/><\/a><\/figure>\n<!-- AddThis Advanced Settings generic via filter on the_content --><!-- AddThis Share Buttons generic via filter on the_content -->","protected":false},"excerpt":{"rendered":"<p>Valencia 1-Athletic 0. Un ca\u00f1onazo de Guedes desde fuera del \u00e1rea mand\u00f3 al Valencia a la Final de la Copa. Los leones no supieron gestionar un partido tan importante en Mestalla y as\u00ed se les escap\u00f3 disputar su tercera final de Copa. \u00a1Qu\u00e9 gran vac\u00edo! Pero&#8230;Aupa Athletic!<!-- AddThis Advanced Settings generic via filter on get_the_excerpt --><!-- AddThis Share Buttons generic via filter on get_the_excerpt --><\/p>\n","protected":false},"author":58,"featured_media":0,"comment_status":"open","ping_status":"open","sticky":false,"template":"","format":"standard","meta":{"footnotes":""},"categories":[9],"tags":[16,168266,27,168265,84665,18],"class_list":["post-5200","post","type-post","status-publish","format-standard","hentry","category-copa","tag-athletic","tag-canonazo","tag-copa-2","tag-guedes","tag-mestalla","tag-valencia"],"_links":{"self":[{"href":"https:\/\/blogs.deia.eus\/athletic-risas-club\/wp-json\/wp\/v2\/posts\/5200","targetHints":{"allow":["GET"]}}],"collection":[{"href":"https:\/\/blogs.deia.eus\/athletic-risas-club\/wp-json\/wp\/v2\/posts"}],"about":[{"href":"https:\/\/blogs.deia.eus\/athletic-risas-club\/wp-json\/wp\/v2\/types\/post"}],"author":[{"embeddable":true,"href":"https:\/\/blogs.deia.eus\/athletic-risas-club\/wp-json\/wp\/v2\/users\/58"}],"replies":[{"embeddable":true,"href":"https:\/\/blogs.deia.eus\/athletic-risas-club\/wp-json\/wp\/v2\/comments?post=5200"}],"version-history":[{"count":2,"href":"https:\/\/blogs.deia.eus\/athletic-risas-club\/wp-json\/wp\/v2\/posts\/5200\/revisions"}],"predecessor-version":[{"id":5203,"href":"https:\/\/blogs.deia.eus\/athletic-risas-club\/wp-json\/wp\/v2\/posts\/5200\/revisions\/5203"}],"wp:attachment":[{"href":"https:\/\/blogs.deia.eus\/athletic-risas-club\/wp-json\/wp\/v2\/media?parent=5200"}],"wp:term":[{"taxonomy":"category","embeddable":true,"href":"https:\/\/blogs.deia.eus\/athletic-risas-club\/wp-json\/wp\/v2\/categories?post=5200"},{"taxonomy":"post_tag","embeddable":true,"href":"https:\/\/blogs.deia.eus\/athletic-risas-club\/wp-json\/wp\/v2\/tags?post=5200"}],"curies":[{"name":"wp","href":"https:\/\/api.w.org\/{rel}","templated":true}]}}