{"id":5718,"date":"2024-12-12T09:00:00","date_gmt":"2024-12-12T08:00:00","guid":{"rendered":"https:\/\/blogs.deia.eus\/athletic-risas-club\/?p=5718"},"modified":"2024-12-11T21:39:13","modified_gmt":"2024-12-11T20:39:13","slug":"el-athletic-saca-el-colmillo","status":"publish","type":"post","link":"https:\/\/blogs.deia.eus\/athletic-risas-club\/2024\/12\/12\/el-athletic-saca-el-colmillo\/","title":{"rendered":"El Athletic saca el colmillo"},"content":{"rendered":"\n<p><strong> Fenerbah\u00e7e 0-Athletic 2<\/strong>. Un Athletic &#8216;de Champions&#8217; tumb\u00f3 al equipo de Mou con un I\u00f1aki Williams estelar que marc\u00f3 dos goles. Los leones ya son los l\u00edderes de la Europa League.<\/p>\n\n\n\n<figure class=\"wp-block-image size-large\"><a href=\"https:\/\/blogs.deia.eus\/athletic-risas-club\/files\/2024\/12\/12122024Fenerbace0-Ath2Europa-L24-252-copia.jpg\"><img loading=\"lazy\" decoding=\"async\" width=\"940\" height=\"278\" src=\"https:\/\/blogs.deia.eus\/athletic-risas-club\/files\/2024\/12\/12122024Fenerbace0-Ath2Europa-L24-252-copia-940x278.jpg\" alt=\"\" class=\"wp-image-5719\" srcset=\"https:\/\/blogs.deia.eus\/athletic-risas-club\/files\/2024\/12\/12122024Fenerbace0-Ath2Europa-L24-252-copia-940x278.jpg 940w, https:\/\/blogs.deia.eus\/athletic-risas-club\/files\/2024\/12\/12122024Fenerbace0-Ath2Europa-L24-252-copia-580x171.jpg 580w, https:\/\/blogs.deia.eus\/athletic-risas-club\/files\/2024\/12\/12122024Fenerbace0-Ath2Europa-L24-252-copia-768x227.jpg 768w, https:\/\/blogs.deia.eus\/athletic-risas-club\/files\/2024\/12\/12122024Fenerbace0-Ath2Europa-L24-252-copia.jpg 1107w\" sizes=\"auto, (max-width: 940px) 100vw, 940px\" \/><\/a><\/figure>\n\n\n\n<p><\/p>\n<!-- AddThis Advanced Settings generic via filter on the_content --><!-- AddThis Share Buttons generic via filter on the_content -->","protected":false},"excerpt":{"rendered":"<p>Fenerbah\u00e7e 0-Athletic 2. Un Athletic &#8216;de Champions&#8217; tumb\u00f3 al equipo de Mou con un I\u00f1aki Williams estelar que marc\u00f3 dos goles. Los leones ya son los l\u00edderes de la Europa League.<!-- AddThis Advanced Settings generic via filter on get_the_excerpt --><!-- AddThis Share Buttons generic via filter on get_the_excerpt --><\/p>\n","protected":false},"author":58,"featured_media":0,"comment_status":"open","ping_status":"open","sticky":false,"template":"","format":"standard","meta":{"footnotes":""},"categories":[6],"tags":[16,168290,6419,168441,50],"class_list":["post-5718","post","type-post","status-publish","format-standard","hentry","category-europa","tag-athletic","tag-colmillo","tag-europa-league","tag-fenerbahce","tag-leones"],"_links":{"self":[{"href":"https:\/\/blogs.deia.eus\/athletic-risas-club\/wp-json\/wp\/v2\/posts\/5718","targetHints":{"allow":["GET"]}}],"collection":[{"href":"https:\/\/blogs.deia.eus\/athletic-risas-club\/wp-json\/wp\/v2\/posts"}],"about":[{"href":"https:\/\/blogs.deia.eus\/athletic-risas-club\/wp-json\/wp\/v2\/types\/post"}],"author":[{"embeddable":true,"href":"https:\/\/blogs.deia.eus\/athletic-risas-club\/wp-json\/wp\/v2\/users\/58"}],"replies":[{"embeddable":true,"href":"https:\/\/blogs.deia.eus\/athletic-risas-club\/wp-json\/wp\/v2\/comments?post=5718"}],"version-history":[{"count":1,"href":"https:\/\/blogs.deia.eus\/athletic-risas-club\/wp-json\/wp\/v2\/posts\/5718\/revisions"}],"predecessor-version":[{"id":5720,"href":"https:\/\/blogs.deia.eus\/athletic-risas-club\/wp-json\/wp\/v2\/posts\/5718\/revisions\/5720"}],"wp:attachment":[{"href":"https:\/\/blogs.deia.eus\/athletic-risas-club\/wp-json\/wp\/v2\/media?parent=5718"}],"wp:term":[{"taxonomy":"category","embeddable":true,"href":"https:\/\/blogs.deia.eus\/athletic-risas-club\/wp-json\/wp\/v2\/categories?post=5718"},{"taxonomy":"post_tag","embeddable":true,"href":"https:\/\/blogs.deia.eus\/athletic-risas-club\/wp-json\/wp\/v2\/tags?post=5718"}],"curies":[{"name":"wp","href":"https:\/\/api.w.org\/{rel}","templated":true}]}}